{"id":9994,"date":"2023-03-09T13:12:28","date_gmt":"2023-03-09T16:12:28","guid":{"rendered":"https:\/\/segurosinteligentes.com.br\/oldrh\/_old\/?p=9994"},"modified":"2023-03-09T13:13:39","modified_gmt":"2023-03-09T16:13:39","slug":"seguro-de-vida-empresas","status":"publish","type":"post","link":"https:\/\/segurosinteligentes.com.br\/oldrh\/seguro-de-vida-empresas\/","title":{"rendered":"Como implementar um seguro de vida em grupo nas empresas?"},"content":{"rendered":"<p>[et_pb_section admin_label=&#8221;section&#8221; transparent_background=&#8221;on&#8221; background_color=&#8221;#ffffff&#8221; allow_player_pause=&#8221;off&#8221; inner_shadow=&#8221;off&#8221; parallax=&#8221;off&#8221; parallax_method=&#8221;off&#8221; padding_mobile=&#8221;on&#8221; make_fullwidth=&#8221;off&#8221; use_custom_width=&#8221;off&#8221; width_unit=&#8221;on&#8221; make_equal=&#8221;off&#8221; use_custom_gutter=&#8221;off&#8221; custom_padding=&#8221;0px||50px|&#8221;][et_pb_row admin_label=&#8221;row&#8221; make_fullwidth=&#8221;off&#8221; use_custom_width=&#8221;on&#8221; width_unit=&#8221;off&#8221; use_custom_gutter=&#8221;off&#8221; padding_mobile=&#8221;on&#8221; allow_player_pause=&#8221;off&#8221; parallax=&#8221;off&#8221; parallax_method=&#8221;off&#8221; make_equal=&#8221;off&#8221; parallax_1=&#8221;off&#8221; parallax_method_1=&#8221;off&#8221; parallax_2=&#8221;off&#8221; parallax_method_2=&#8221;off&#8221; column_padding_mobile=&#8221;on&#8221; custom_padding=&#8221;50px|35px|50px|35px&#8221; background_color=&#8221;#ffffff&#8221;][et_pb_column type=&#8221;2_3&#8243;][et_pb_text admin_label=&#8221;tag e data&#8221; background_layout=&#8221;light&#8221; text_orientation=&#8221;left&#8221; text_font=&#8221;|on|||&#8221; text_font_size=&#8221;16&#8243; text_text_color=&#8221;#9ec31e&#8221; text_line_height=&#8221;1.5em&#8221; use_border_color=&#8221;off&#8221; border_color=&#8221;#ffffff&#8221; border_style=&#8221;solid&#8221; custom_margin=&#8221;||0px|&#8221;]<\/p>\n<p>SEGURO DE VIDA | 09.MAR\u00c7O.2023<\/p>\n<h4><\/h4>\n<p>[\/et_pb_text][et_pb_text admin_label=&#8221;t\u00edtulo&#8221; background_layout=&#8221;light&#8221; text_orientation=&#8221;left&#8221; text_font=&#8221;|on|||&#8221; text_font_size=&#8221;32&#8243; text_text_color=&#8221;#495358&#8243; text_line_height=&#8221;1em&#8221; use_border_color=&#8221;off&#8221; border_color=&#8221;#ffffff&#8221; border_style=&#8221;solid&#8221;]<\/p>\n<h1>Como implementar um seguro de vida em grupo nas empresas?<\/h1>\n<p>[\/et_pb_text][et_pb_text admin_label=&#8221;conte\u00fado&#8221; background_layout=&#8221;light&#8221; text_orientation=&#8221;left&#8221; text_font=&#8221;Open Sans||||&#8221; text_text_color=&#8221;#748690&#8243; text_line_height=&#8221;1.5em&#8221; use_border_color=&#8221;off&#8221; border_color=&#8221;#ffffff&#8221; border_style=&#8221;solid&#8221;]<\/p>\n<p><span style=\"font-weight: 400;\">Qualquer organiza\u00e7\u00e3o que busca se destacar no mercado deve priorizar seus colaboradores. Como parte dessa estrat\u00e9gia, os <a href=\"https:\/\/segurosinteligentes.com.br\/oldrh\/_old\/beneficios-geracoes-diferentes\/\" target=\"_blank\" rel=\"noopener\">benef\u00edcios<\/a> que a empresa oferece aos seus funcion\u00e1rios t\u00eam um papel fundamental.<\/span><\/p>\n<p><span style=\"font-weight: 400;\">O seguro de vida em grupo, por exemplo, est\u00e1 entre os principais diferenciais de uma companhia. Embora <\/span><a href=\"https:\/\/www.revistaapolice.com.br\/2021\/04\/seguro-de-vida-para-funcionarios-e-obrigatorio\/\" target=\"_blank\" rel=\"noopener\"><span style=\"font-weight: 400;\">n\u00e3o seja obrigat\u00f3rio<\/span><\/a><span style=\"font-weight: 400;\"> para todas as categorias profissionais, \u00e9 uma boa forma de <strong>cuidar das pessoas<\/strong> que trabalham com voc\u00ea e tamb\u00e9m de suas fam\u00edlias.\u00a0<\/span><\/p>\n<p>&nbsp;<\/p>\n<h2><b>O que \u00e9 o seguro de vida em grupo?<\/b><\/h2>\n<pre><\/pre>\n<p><span style=\"font-weight: 400;\">\u00c9 um produto contratado por organiza\u00e7\u00f5es para cobrir o risco de um grupo de pessoas. Este benef\u00edcio empresarial serve para trazer mais tranquilidade aos funcion\u00e1rios e suporte aos familiares em casos de imprevistos.<\/span><\/p>\n<p><span style=\"font-weight: 400;\">O seguro garante o pagamento da quantia definida na ap\u00f3lice ao pr\u00f3prio segurado ou aos seus benefici\u00e1rios, caso aconte\u00e7a um dos eventos cobertos pelo produto. Em outras palavras, se o trabalhador sofrer um acidente, descobrir uma doen\u00e7a grave ou vir a falecer, ele ou os seus dependentes <strong>ter\u00e3o apoio<\/strong> para liquidar as despesas e organizar a vida ap\u00f3s o ocorrido.<\/span><\/p>\n<p>&nbsp;<\/p>\n<h3><b>Como \u00e9 feita a contrata\u00e7\u00e3o?<\/b><\/h3>\n<pre><\/pre>\n<p><span style=\"font-weight: 400;\">Para contratar este produto, alguns pontos s\u00e3o levados em considera\u00e7\u00e3o. Entre eles est\u00e3o as necessidades de cobertura, o tamanho da companhia e a quantidade de vidas que ser\u00e3o inclu\u00eddas na ap\u00f3lice.\u00a0<\/span><\/p>\n<p><span style=\"font-weight: 400;\">O <a href=\"https:\/\/segurosinteligentes.com.br\/oldrh\/_old\/dialogo-diario-de-seguranca\/\" target=\"_blank\" rel=\"noopener\">risco do ramo de atividade<\/a> que a empresa atua tamb\u00e9m \u00e9 analisado, assim como o comportamento da organiza\u00e7\u00e3o diante de seguros anteriores. O gerente de implanta\u00e7\u00e3o da It\u2019sSeg, Danilo Torres, explica:<\/span><\/p>\n<blockquote><p><span style=\"font-weight: 400;\">\u201cUma mineradora, por exemplo, possui um risco bem elevado para o seguro de vida. Por isso, este cen\u00e1rio tamb\u00e9m \u00e9 levado em considera\u00e7\u00e3o ao contratar o produto. Existem empresas que encontram dificuldades na contrata\u00e7\u00e3o, pois j\u00e1 tiveram esse seguro antes, mas possuem a sinistralidade alta, ou seja, a quantidade de vezes em que algum servi\u00e7o foi acionado\u201d.<\/span><\/p><\/blockquote>\n<p><span style=\"font-weight: 400;\">O gerente pontua que at\u00e9 mesmo as <strong>grandes empresas <\/strong>podem enfrentar essa situa\u00e7\u00e3o. Por isso, vale a pena conversar com uma corretora especializada para escolher qual o melhor seguro de vida para a sua companhia.\u00a0<\/span><\/p>\n<p>&nbsp;<\/p>\n<h3><b>Como a empresa pode escolher um Seguro de Vida?<\/b><\/h3>\n<pre><\/pre>\n<p><span style=\"font-weight: 400;\">Neste ponto da contrata\u00e7\u00e3o, tamb\u00e9m se faz importante a ajuda de uma consultoria. Afinal, a<a href=\"https:\/\/segurosinteligentes.com.br\/oldrh\/_old\/seguros-para-proteger-sua-empresa\/\" target=\"_blank\" rel=\"noopener\"> escolha do seguro<\/a> ir\u00e1 depender da prioridade de cada empresa.\u00a0<\/span><\/p>\n<p><span style=\"font-weight: 400;\">O produto inclui uma variedade enorme de coberturas, por este motivo, \u00e9 importante entender quais s\u00e3o essenciais para os seus trabalhadores. Entre as mais buscadas costuma estar a cobertura por incapacidade tempor\u00e1ria, que d\u00e1 direito \u00e0 indeniza\u00e7\u00e3o em casos de doen\u00e7as graves, como AVC e c\u00e2ncer, para ajudar a custear o tratamento.<\/span><\/p>\n<p>&nbsp;<\/p>\n<h3><b>Quem pode contratar este seguro?<\/b><\/h3>\n<pre><\/pre>\n<blockquote><p><span style=\"font-weight: 400;\">\u201cQualquer empresa pode contratar o seguro de vida, independente do porte e segmento\u201d, esclarece Danilo. Associa\u00e7\u00f5es, sindicatos e clubes tamb\u00e9m podem adquirir o servi\u00e7o.<\/span><\/p><\/blockquote>\n<p><span style=\"font-weight: 400;\">O n\u00famero m\u00ednimo de vidas a serem inclu\u00eddas na ap\u00f3lice \u00e9 determinado pelas seguradoras, por isso, pode variar. Normalmente, elas oferecem formatos flex\u00edveis para atender organiza\u00e7\u00f5es de diferentes tamanhos. A quantidade m\u00ednima exigida para contrata\u00e7\u00e3o de um seguro de vida coletivo costuma ser de tr\u00eas pessoas.<\/span><\/p>\n<p><span style=\"font-weight: 400;\">J\u00e1 em empresas maiores, de modo geral, existem planos espec\u00edficos para contrata\u00e7\u00f5es <strong>acima de 99 vidas.<\/strong> Este n\u00famero inclui os trabalhadores e seus dependentes.<\/span><\/p>\n<p>&nbsp;<\/p>\n<h4><b>Quanto tempo leva para fazer a implanta\u00e7\u00e3o?<\/b><\/h4>\n<pre><\/pre>\n<p><span style=\"font-weight: 400;\">O gerente da It\u2019sSeg relata que o processo de contrata\u00e7\u00e3o varia <strong>de acordo com a opera\u00e7\u00e3o de cada seguradora.<\/strong> Em m\u00e9dia, s\u00e3o necess\u00e1rios 30 dias \u00fateis para que o produto seja inserido na empresa, no entanto, h\u00e1 casos em que este tempo pode se estender.<\/span><\/p>\n<p><span style=\"font-weight: 400;\">Vale lembrar que a vig\u00eancia do contrato do seguro de vida empresarial costuma ser de um ano. Contudo, \u00e9 poss\u00edvel optar por prazos maiores. A altera\u00e7\u00e3o da vig\u00eancia padr\u00e3o e outras quest\u00f5es contratuais devem ser tratadas com a corretora especializada. Al\u00e9m de indicar o seguro que melhor atender\u00e1 a sua organiza\u00e7\u00e3o, ela poder\u00e1 adapt\u00e1-lo \u00e0s suas necessidades.<\/span><\/p>\n<p>&nbsp;<\/p>\n<h3><b>Import\u00e2ncia de contar com o seguro de vida\u00a0<\/b><\/h3>\n<pre><\/pre>\n<p><span style=\"font-weight: 400;\">Diferente do que muitos pensam, <strong>o seguro de vida n\u00e3o serve apenas em casos de falecimento.<\/strong> Como vimos ao longo do artigo, \u00e9 poss\u00edvel oferecer coberturas que abrangem uma s\u00e9rie de situa\u00e7\u00f5es distintas, relacionadas a eventuais emerg\u00eancias que o funcion\u00e1rio possa ter ao longo da sua jornada de trabalho.<\/span><\/p>\n<p><span style=\"font-weight: 400;\">Um seguro de vida pode incluir cobertura para incapacidade tempor\u00e1ria por acidente, na qual o funcion\u00e1rio receber\u00e1 uma renda di\u00e1ria em casos de afastamento do servi\u00e7o, ou adiantamento do pr\u00eamio em vida para casos de doen\u00e7as terminais ou cr\u00f4nicas. Assim, o trabalhador pode antecipar o valor da indeniza\u00e7\u00e3o ainda em vida.\u00a0<\/span><\/p>\n<p><span style=\"font-weight: 400;\">Al\u00e9m desses benef\u00edcios, existem outras coberturas que valem a pena, como assist\u00eancia emergencial, despesas m\u00e9dico-odontol\u00f3gicas, assist\u00eancia funeral, entre outras.\u00a0<\/span><\/p>\n<p>[\/et_pb_text][et_pb_text admin_label=&#8221;box&#8221; background_layout=&#8221;light&#8221; text_orientation=&#8221;left&#8221; text_font=&#8221;Open Sans||||&#8221; text_text_color=&#8221;#748690&#8243; text_line_height=&#8221;1.5em&#8221; use_border_color=&#8221;off&#8221; border_color=&#8221;#ffffff&#8221; border_style=&#8221;solid&#8221;]<\/p>\n<p>&nbsp;<\/p>\n<p>https:\/\/segurosinteligentes.com.br\/oldrh\/_old\/implantacao-plano-de-saude\/<\/p>\n<div class='et-box et-shadow'>\n\t\t\t\t\t<div class='et-box-content'>Cadastre-se para receber a nossa newsletter e fique por dentro das novidades no Portal RH.<\/div><\/div>\n<div id=\"newsletter-portalrh-50ee58c6144b127a4b39\" role=\"main\"><\/div>\n<p><script type=\"text\/javascript\" src=\"https:\/\/d335luupugsy2.cloudfront.net\/js\/rdstation-forms\/stable\/rdstation-forms.min.js\"><\/script><\/p>\n<p>[\/et_pb_text][\/et_pb_column][et_pb_column type=&#8221;1_3&#8243;][et_pb_sidebar admin_label=&#8221;Barra Lateral&#8221; global_module=&#8221;399&#8243; orientation=&#8221;left&#8221; area=&#8221;sidebar-1&#8243; background_layout=&#8221;light&#8221; remove_border=&#8221;on&#8221; body_line_height=&#8221;1.5em&#8221; custom_css_widget=&#8221;margin-bottom: 30px !important;&#8221; saved_tabs=&#8221;all&#8221;]<br \/>\n[\/et_pb_sidebar][\/et_pb_column][\/et_pb_row][\/et_pb_section][et_pb_section admin_label=&#8221;Se\u00e7\u00e3o&#8221; global_module=&#8221;93&#8243; fullwidth=&#8221;off&#8221; specialty=&#8221;off&#8221; transparent_background=&#8221;off&#8221; background_color=&#8221;#f9f9f9&#8243; allow_player_pause=&#8221;off&#8221; inner_shadow=&#8221;off&#8221; parallax=&#8221;off&#8221; parallax_method=&#8221;off&#8221; padding_mobile=&#8221;on&#8221; make_fullwidth=&#8221;off&#8221; use_custom_width=&#8221;off&#8221; width_unit=&#8221;on&#8221; make_equal=&#8221;off&#8221; use_custom_gutter=&#8221;off&#8221; custom_padding=&#8221;20px||20px|&#8221;][et_pb_row global_parent=&#8221;93&#8243; admin_label=&#8221;Linha&#8221; make_fullwidth=&#8221;on&#8221; use_custom_width=&#8221;off&#8221; width_unit=&#8221;on&#8221; use_custom_gutter=&#8221;on&#8221; gutter_width=&#8221;2&#8243; padding_mobile=&#8221;off&#8221; allow_player_pause=&#8221;off&#8221; parallax=&#8221;off&#8221; parallax_method=&#8221;off&#8221; make_equal=&#8221;off&#8221; parallax_1=&#8221;off&#8221; parallax_method_1=&#8221;off&#8221; parallax_2=&#8221;off&#8221; parallax_method_2=&#8221;off&#8221; parallax_3=&#8221;off&#8221; parallax_method_3=&#8221;off&#8221; column_padding_mobile=&#8221;on&#8221; module_class=&#8221;footer&#8221; module_id_1=&#8221;coluna_1&#8243; module_id_2=&#8221;coluna_2&#8243; module_id_3=&#8221;coluna_3&#8243; module_id=&#8221;footer_1&#8243;][et_pb_column type=&#8221;1_4&#8243;][et_pb_text global_parent=&#8221;93&#8243; admin_label=&#8221;logo it&#8217;sseg&#8221; background_layout=&#8221;light&#8221; text_orientation=&#8221;left&#8221; use_border_color=&#8221;off&#8221; border_color=&#8221;#ffffff&#8221; border_style=&#8221;solid&#8221;] <img decoding=\"async\" class=\"alignleft size-full wp-image-82\" src=\"https:\/\/segurosinteligentes.com.br\/oldrh\/_old\/wp-content\/uploads\/logo-seguros-inteligentes.png\" width=\"270\" \/> [\/et_pb_text][\/et_pb_column][et_pb_column type=&#8221;1_2&#8243;][et_pb_text global_parent=&#8221;93&#8243; admin_label=&#8221;copyright&#8221; background_layout=&#8221;light&#8221; text_orientation=&#8221;right&#8221; text_line_height=&#8221;1.5em&#8221; use_border_color=&#8221;off&#8221; border_color=&#8221;#ffffff&#8221; border_style=&#8221;solid&#8221; custom_padding=&#8221;|||20%&#8221; text_font=&#8221;Abel||||&#8221;] PORTAL RH IT\u2019SSEG \u00e9 uma publica\u00e7\u00e3o da It\u2019sSeg Seguros Inteligentes. N\u00e3o \u00e9 permitida a reprodu\u00e7\u00e3o do conte\u00fado, mesmo que parcial, para uso comercial de qualquer natureza. Confira <a href=\"https:\/\/itssegcompany.com.br\/lgpd\/\" target=\"_blank\" rel=\"noopener\">aqui<\/a> nossa pol\u00edtica de privacidade. [\/et_pb_text][\/et_pb_column][et_pb_column type=&#8221;1_4&#8243;][et_pb_text global_parent=&#8221;93&#8243; admin_label=&#8221;logo portal&#8221; background_layout=&#8221;light&#8221; text_orientation=&#8221;right&#8221; use_border_color=&#8221;off&#8221; border_color=&#8221;#ffffff&#8221; border_style=&#8221;solid&#8221;] <img decoding=\"async\" class=\"alignright size-full wp-image-83\" src=\"https:\/\/segurosinteligentes.com.br\/oldrh\/_old\/wp-content\/uploads\/portalrh-footer.png\" alt=\"logo_portal_footer\" width=\"270\" \/> [\/et_pb_text][\/et_pb_column][\/et_pb_row][et_pb_row global_parent=&#8221;93&#8243; admin_label=&#8221;Linha&#8221; make_fullwidth=&#8221;on&#8221; use_custom_width=&#8221;off&#8221; width_unit=&#8221;on&#8221; use_custom_gutter=&#8221;on&#8221; gutter_width=&#8221;2&#8243; padding_mobile=&#8221;on&#8221; allow_player_pause=&#8221;off&#8221; parallax=&#8221;off&#8221; parallax_method=&#8221;off&#8221; make_equal=&#8221;off&#8221; parallax_1=&#8221;off&#8221; parallax_method_1=&#8221;off&#8221; parallax_2=&#8221;off&#8221; parallax_method_2=&#8221;off&#8221; parallax_3=&#8221;off&#8221; parallax_method_3=&#8221;off&#8221; column_padding_mobile=&#8221;on&#8221; module_id_2=&#8221;coluna_2&#8243; module_id_3=&#8221;coluna_3&#8243; module_id=&#8221;footer_2&#8243; custom_padding=&#8221;||0px|&#8221;][et_pb_column type=&#8221;4_4&#8243;][et_pb_text global_parent=&#8221;93&#8243; admin_label=&#8221;copyright&#8221; background_layout=&#8221;light&#8221; text_orientation=&#8221;center&#8221; text_line_height=&#8221;1.5em&#8221; use_border_color=&#8221;off&#8221; border_color=&#8221;#ffffff&#8221; border_style=&#8221;solid&#8221; text_font=&#8221;Abel||||&#8221;] PORTAL RH IT\u2019SSEG \u00e9 uma publica\u00e7\u00e3o da It\u2019sSeg Seguros Inteligentes. N\u00e3o \u00e9 permitida a reprodu\u00e7\u00e3o do conte\u00fado, mesmo que parcial, para uso comercial de qualquer natureza. Confira <a href=\"https:\/\/itssegcompany.com.br\/lgpd\/\" target=\"_blank\" rel=\"noopener\">aqui<\/a> nossa pol\u00edtica de privacidade. [\/et_pb_text][\/et_pb_column][\/et_pb_row][et_pb_row global_parent=&#8221;93&#8243; admin_label=&#8221;Linha&#8221; make_fullwidth=&#8221;on&#8221; use_custom_width=&#8221;off&#8221; width_unit=&#8221;on&#8221; use_custom_gutter=&#8221;on&#8221; gutter_width=&#8221;2&#8243; padding_mobile=&#8221;off&#8221; allow_player_pause=&#8221;off&#8221; parallax=&#8221;off&#8221; parallax_method=&#8221;off&#8221; make_equal=&#8221;off&#8221; parallax_1=&#8221;off&#8221; parallax_method_1=&#8221;off&#8221; parallax_2=&#8221;off&#8221; parallax_method_2=&#8221;off&#8221; parallax_3=&#8221;off&#8221; parallax_method_3=&#8221;off&#8221; column_padding_mobile=&#8221;on&#8221; module_id_3=&#8221;coluna_3&#8243; module_id=&#8221;footer_2_2&#8243; custom_padding=&#8221;0px|||&#8221;][et_pb_column type=&#8221;1_2&#8243;][et_pb_text global_parent=&#8221;93&#8243; admin_label=&#8221;logo it&#8217;sseg&#8221; background_layout=&#8221;light&#8221; text_orientation=&#8221;left&#8221; use_border_color=&#8221;off&#8221; border_color=&#8221;#ffffff&#8221; border_style=&#8221;solid&#8221; module_id=&#8221;logo_itsseg_footer_1&#8243;] <img decoding=\"async\" class=\"alignleft size-full wp-image-82\" src=\"https:\/\/segurosinteligentes.com.br\/oldrh\/_old\/wp-content\/uploads\/logo-seguros-inteligentes.png\" width=\"270\" \/> [\/et_pb_text][et_pb_text global_parent=&#8221;93&#8243; admin_label=&#8221;logo it&#8217;sseg&#8221; background_layout=&#8221;light&#8221; text_orientation=&#8221;center&#8221; use_border_color=&#8221;off&#8221; border_color=&#8221;#ffffff&#8221; border_style=&#8221;solid&#8221; module_id=&#8221;logo_itsseg_footer_2&#8243;] <img decoding=\"async\" src=\"https:\/\/segurosinteligentes.com.br\/oldrh\/_old\/wp-content\/uploads\/logo-seguros-inteligentes-mobile.png\" alt=\"logo_footer_2\" width=\"70\" \/> [\/et_pb_text][\/et_pb_column][et_pb_column type=&#8221;1_2&#8243;][et_pb_text global_parent=&#8221;93&#8243; admin_label=&#8221;logo portal&#8221; background_layout=&#8221;light&#8221; text_orientation=&#8221;right&#8221; use_border_color=&#8221;off&#8221; border_color=&#8221;#ffffff&#8221; border_style=&#8221;solid&#8221; module_id=&#8221;logo_portal_itsseg_footer_2&#8243;] <img decoding=\"async\" class=\"alignright size-full wp-image-83\" src=\"https:\/\/segurosinteligentes.com.br\/oldrh\/_old\/wp-content\/uploads\/portalrh-footer.png\" alt=\"logo_portal_footer\" width=\"270\" \/> [\/et_pb_text][\/et_pb_column][\/et_pb_row][\/et_pb_section]<\/p>\n","protected":false},"excerpt":{"rendered":"<p>Para contratar este produto, alguns pontos s\u00e3o levados em considera\u00e7\u00e3o. Entre eles est\u00e3o as necessidades de cobertura, o tamanho da companhia e a quantidade de vidas que ser\u00e3o inclu\u00eddas na ap\u00f3lice. <\/p>\n","protected":false},"author":5,"featured_media":9998,"comment_status":"closed","ping_status":"closed","sticky":false,"template":"","format":"standard","meta":{"_et_pb_use_builder":"on","_et_pb_old_content":"","_et_gb_content_width":"","_links_to":"","_links_to_target":""},"categories":[3],"tags":[388],"_links":{"self":[{"href":"https:\/\/segurosinteligentes.com.br\/oldrh\/wp-json\/wp\/v2\/posts\/9994"}],"collection":[{"href":"https:\/\/segurosinteligentes.com.br\/oldrh\/wp-json\/wp\/v2\/posts"}],"about":[{"href":"https:\/\/segurosinteligentes.com.br\/oldrh\/wp-json\/wp\/v2\/types\/post"}],"author":[{"embeddable":true,"href":"https:\/\/segurosinteligentes.com.br\/oldrh\/wp-json\/wp\/v2\/users\/5"}],"replies":[{"embeddable":true,"href":"https:\/\/segurosinteligentes.com.br\/oldrh\/wp-json\/wp\/v2\/comments?post=9994"}],"version-history":[{"count":6,"href":"https:\/\/segurosinteligentes.com.br\/oldrh\/wp-json\/wp\/v2\/posts\/9994\/revisions"}],"predecessor-version":[{"id":10002,"href":"https:\/\/segurosinteligentes.com.br\/oldrh\/wp-json\/wp\/v2\/posts\/9994\/revisions\/10002"}],"wp:featuredmedia":[{"embeddable":true,"href":"https:\/\/segurosinteligentes.com.br\/oldrh\/wp-json\/wp\/v2\/media\/9998"}],"wp:attachment":[{"href":"https:\/\/segurosinteligentes.com.br\/oldrh\/wp-json\/wp\/v2\/media?parent=9994"}],"wp:term":[{"taxonomy":"category","embeddable":true,"href":"https:\/\/segurosinteligentes.com.br\/oldrh\/wp-json\/wp\/v2\/categories?post=9994"},{"taxonomy":"post_tag","embeddable":true,"href":"https:\/\/segurosinteligentes.com.br\/oldrh\/wp-json\/wp\/v2\/tags?post=9994"}],"curies":[{"name":"wp","href":"https:\/\/api.w.org\/{rel}","templated":true}]}}