{"id":9944,"date":"2023-02-14T18:04:57","date_gmt":"2023-02-14T20:04:57","guid":{"rendered":"https:\/\/segurosinteligentes.com.br\/oldrh\/_old\/?p=9944"},"modified":"2023-02-14T18:04:57","modified_gmt":"2023-02-14T20:04:57","slug":"combate-ao-mosquito-dengue","status":"publish","type":"post","link":"https:\/\/segurosinteligentes.com.br\/oldrh\/combate-ao-mosquito-dengue\/","title":{"rendered":"Combate ao mosquito da dengue \u00e9 refor\u00e7ado em v\u00e1rias partes do Brasil"},"content":{"rendered":"<p>[et_pb_section admin_label=&#8221;section&#8221; transparent_background=&#8221;on&#8221; background_color=&#8221;#ffffff&#8221; allow_player_pause=&#8221;off&#8221; inner_shadow=&#8221;off&#8221; parallax=&#8221;off&#8221; parallax_method=&#8221;off&#8221; padding_mobile=&#8221;on&#8221; make_fullwidth=&#8221;off&#8221; use_custom_width=&#8221;off&#8221; width_unit=&#8221;on&#8221; make_equal=&#8221;off&#8221; use_custom_gutter=&#8221;off&#8221; custom_padding=&#8221;0px||50px|&#8221;][et_pb_row admin_label=&#8221;row&#8221; make_fullwidth=&#8221;off&#8221; use_custom_width=&#8221;on&#8221; width_unit=&#8221;off&#8221; use_custom_gutter=&#8221;off&#8221; padding_mobile=&#8221;on&#8221; allow_player_pause=&#8221;off&#8221; parallax=&#8221;off&#8221; parallax_method=&#8221;off&#8221; make_equal=&#8221;off&#8221; parallax_1=&#8221;off&#8221; parallax_method_1=&#8221;off&#8221; parallax_2=&#8221;off&#8221; parallax_method_2=&#8221;off&#8221; column_padding_mobile=&#8221;on&#8221; custom_padding=&#8221;50px|35px|50px|35px&#8221; background_color=&#8221;#ffffff&#8221;][et_pb_column type=&#8221;2_3&#8243;][et_pb_text admin_label=&#8221;tag e data&#8221; background_layout=&#8221;light&#8221; text_orientation=&#8221;left&#8221; text_font=&#8221;|on|||&#8221; text_font_size=&#8221;16&#8243; text_text_color=&#8221;#9ec31e&#8221; text_line_height=&#8221;1.5em&#8221; use_border_color=&#8221;off&#8221; border_color=&#8221;#ffffff&#8221; border_style=&#8221;solid&#8221; custom_margin=&#8221;||0px|&#8221;]<\/p>\n<p>SA\u00daDE | 14.FEVEREIRO.2023<\/p>\n<h4><\/h4>\n<p>[\/et_pb_text][et_pb_text admin_label=&#8221;t\u00edtulo&#8221; background_layout=&#8221;light&#8221; text_orientation=&#8221;left&#8221; text_font=&#8221;|on|||&#8221; text_font_size=&#8221;32&#8243; text_text_color=&#8221;#495358&#8243; text_line_height=&#8221;1em&#8221; use_border_color=&#8221;off&#8221; border_color=&#8221;#ffffff&#8221; border_style=&#8221;solid&#8221;]<\/p>\n<h1>Combate ao mosquito da dengue \u00e9 refor\u00e7ado em v\u00e1rias partes do Brasil<\/h1>\n<p>[\/et_pb_text][et_pb_text admin_label=&#8221;conte\u00fado&#8221; background_layout=&#8221;light&#8221; text_orientation=&#8221;left&#8221; text_font=&#8221;Open Sans||||&#8221; text_text_color=&#8221;#748690&#8243; text_line_height=&#8221;1.5em&#8221; use_border_color=&#8221;off&#8221; border_color=&#8221;#ffffff&#8221; border_style=&#8221;solid&#8221;]<\/p>\n<p><span style=\"font-weight: 400;\">De acordo com levantamento da Secretaria de Vigil\u00e2ncia em Sa\u00fade e Ambiente, o ano de 2022 terminou com <strong>aumento de 162%<\/strong> nos casos de dengue. A pesquisa levou em considera\u00e7\u00e3o o mesmo per\u00edodo de 2021.\u00a0<\/span><\/p>\n<p><span style=\"font-weight: 400;\">No ano passado a taxa de transmiss\u00e3o da doen\u00e7a foi de 679,9 casos a cada 100 mil habitantes. Foram confirmados tamb\u00e9m 1.473 quadros graves e 18.145 indiv\u00edduos com sinais de alarme, sendo que <strong>630 dessas ocorr\u00eancias<\/strong> permanecem em investiga\u00e7\u00e3o.<\/span><\/p>\n<p>&nbsp;<\/p>\n<h2><b>Os cuidados com a dengue devem ser redobrados no ver\u00e3o<\/b><\/h2>\n<pre><\/pre>\n<p><span style=\"font-weight: 400;\">Estamos em um per\u00edodo cr\u00edtico para a prolifera\u00e7\u00e3o dos mosquitos da dengue: o ver\u00e3o brasileiro. Com a temporada de chuvas em boa parte do pa\u00eds, \u00e9 preciso refor\u00e7ar os cuidados.<\/span><\/p>\n<p><span style=\"font-weight: 400;\">O Instituto Butantan trabalha para disponibilizar <\/span><a href=\"https:\/\/butantan.gov.br\/noticias\/vacina-da-dengue-do-butantan-tem-eficacia-de-796-mostram-primeiros-resultados-da-fase-3\/como-as-vacinas-funcionam\/\" target=\"_blank\" rel=\"noopener\"><span style=\"font-weight: 400;\">uma vacina contra a doen\u00e7a.<\/span><\/a><span style=\"font-weight: 400;\"> Por\u00e9m, a forma mais eficaz de combater a infec\u00e7\u00e3o continua sendo eliminar os reservat\u00f3rios de \u00e1gua parada. Esses focos servem de criadouro para as larvas do mosquito.<\/span><\/p>\n<p>&nbsp;<\/p>\n<h3><b>O que \u00e9 a dengue?<\/b><\/h3>\n<pre><\/pre>\n<p><span style=\"font-weight: 400;\">A dengue \u00e9 uma doen\u00e7a causada por um v\u00edrus da fam\u00edlia Flaviviridae. Ele possui quatro sorotipos (DEN 1, 2, 3 e 4), sendo transmitido principalmente pelo mosquito Aedes aegypti.\u00a0<\/span><\/p>\n<p><span style=\"font-weight: 400;\">No Brasil, <\/span><b>a doen\u00e7a j\u00e1 foi identificada em todos os estados.<\/b><span style=\"font-weight: 400;\"> O per\u00edodo do ano com maior transmiss\u00e3o da doen\u00e7a ocorre nos meses mais chuvosos de cada regi\u00e3o (geralmente entre novembro e maio).\u00a0<\/span><\/p>\n<p>&nbsp;<\/p>\n<h3><b>Quais os principais sintomas?<\/b><\/h3>\n<pre><\/pre>\n<p><span style=\"font-weight: 400;\">Uma das principais manifesta\u00e7\u00f5es \u00e9 a febre, <strong>que pode persistir por v\u00e1rios dias.<\/strong> Outros sintomas s\u00e3o as dores musculares, dor de cabe\u00e7a ou atr\u00e1s dos olhos, enjoo, v\u00f4mitos e manchas que co\u00e7am pelo corpo. A m\u00e9dica infectologista Naiane Lomes explica:\u00a0<\/span><\/p>\n<blockquote><p><span style=\"font-weight: 400;\">\u201cO quadro febril geralmente dura de 2 a 7 dias e n\u00e3o deixa sequelas. Deve ser dada aten\u00e7\u00e3o redobrada ao per\u00edodo entre o 3\u00ba e 5\u00ba dia da doen\u00e7a. Durante esse tempo podem surgir <strong>sinais de gravidades<\/strong> (pontos vermelhos na pele, sangramentos espont\u00e2neos de mucosa nasal e sinais como tontura, desmaios, sonol\u00eancia e hipoatividade em crian\u00e7as)\u201d.<\/span><\/p><\/blockquote>\n<p><span style=\"font-weight: 400;\">Al\u00e9m disso, a doen\u00e7a pode apresentar outros sintomas, como v\u00f4mitos persistentes e dor abdominal. Estes casos, conhecidos como Febre Hemorr\u00e1gica da Dengue, necessitam de avalia\u00e7\u00e3o m\u00e9dica imediata.<\/span><\/p>\n<p>&nbsp;<\/p>\n<h5><b>Grupos de risco\u00a0<\/b><\/h5>\n<pre><\/pre>\n<p><span style=\"font-weight: 400;\">Crian\u00e7as, adultos com mais de 60 anos, gestantes e portadores de comorbidades apresentam risco maior de evoluir para as formas mais graves da doen\u00e7a. Ap\u00f3s o quadro febril agudo, o per\u00edodo de recupera\u00e7\u00e3o pode durar algumas semanas, com persist\u00eancia de certos sintomas, como a redu\u00e7\u00e3o do apetite e cansa\u00e7o.<\/span><\/p>\n<p>&nbsp;<\/p>\n<h5><b>Como fazer o diagn\u00f3stico da doen\u00e7a?<\/b><\/h5>\n<pre><\/pre>\n<p><span style=\"font-weight: 400;\">A identifica\u00e7\u00e3o dos sintomas s\u00e3o suficientes para levantar a suspeita e promover o tratamento adequado sem demora. Para a confirma\u00e7\u00e3o, a pesquisa do ant\u00edgeno NS1, bem como a pesquisa de anticorpos contra a dengue podem ser utilizados conforme a fase da doen\u00e7a.<\/span><\/p>\n<p>&nbsp;<\/p>\n<h5><b>O que fazer em casos de suspeita de dengue?<\/b><\/h5>\n<pre><\/pre>\n<p><span style=\"font-weight: 400;\">A doen\u00e7a n\u00e3o tem medica\u00e7\u00e3o espec\u00edfica. Por isso, manter-se bem hidratado \u00e9 o principal pilar do tratamento. A m\u00e9dica infectologista alerta:<\/span><\/p>\n<blockquote><p><span style=\"font-weight: 400;\">\u201cAnti-inflamat\u00f3rios (como aspirina, ibuprofeno ou diclofenaco) <strong>devem ser evitados,<\/strong> pelo risco aumentado de desenvolver formas graves da doen\u00e7a. L\u00edquidos (\u00e1gua, ch\u00e1s, sucos, sais de hidrata\u00e7\u00e3o) devem ser ofertados frequentemente. A maior parte dos casos tem um curso benigno e n\u00e3o requer hospitaliza\u00e7\u00e3o\u201d.<\/span><\/p><\/blockquote>\n<p>&nbsp;<\/p>\n<h5><b>Como me proteger?<\/b><\/h5>\n<pre><\/pre>\n<p><span style=\"font-weight: 400;\">O principal ponto na redu\u00e7\u00e3o de novos casos consiste no controle do mosquito transmissor. Recomenda-se a elimina\u00e7\u00e3o de locais que possam ter ac\u00famulo de \u00e1gua e servir de criadouros para o mosquito, tais como reservat\u00f3rios, piscinas n\u00e3o utilizadas, jarros e garrafas.<\/span><\/p>\n<p><span style=\"font-weight: 400;\">Medidas individuais tamb\u00e9m podem ser implementadas, principalmente em \u00e1reas com maior risco de exposi\u00e7\u00e3o. Utilizar mosquiteiros sobre a cama e instalar telas nas portas e janelas podem ajudar na preven\u00e7\u00e3o.<\/span><\/p>\n<blockquote><p><span style=\"font-weight: 400;\">\u201cPode-se proteger as \u00e1reas que o mosquito possa picar, com o uso de cal\u00e7as e camisas de mangas compridas. O uso de repelentes nas partes expostas do corpo tamb\u00e9m \u00e9 uma op\u00e7\u00e3o\u201d, explica Naiane.\u00a0<\/span><\/p><\/blockquote>\n<p>&nbsp;<\/p>\n<p>[\/et_pb_text][et_pb_text admin_label=&#8221;box&#8221; background_layout=&#8221;light&#8221; text_orientation=&#8221;left&#8221; text_font=&#8221;Open Sans||||&#8221; text_text_color=&#8221;#748690&#8243; text_line_height=&#8221;1.5em&#8221; use_border_color=&#8221;off&#8221; border_color=&#8221;#ffffff&#8221; border_style=&#8221;solid&#8221;]<\/p>\n<p>https:\/\/segurosinteligentes.com.br\/oldrh\/_old\/como-as-vacinas-funcionam\/<\/p>\n<div class='et-box et-shadow'>\n\t\t\t\t\t<div class='et-box-content'>Cadastre-se para receber a nossa newsletter e fique por dentro das novidades no Portal RH.<\/div><\/div>\n<div id=\"newsletter-portalrh-50ee58c6144b127a4b39\" role=\"main\"><\/div>\n<p><script type=\"text\/javascript\" src=\"https:\/\/d335luupugsy2.cloudfront.net\/js\/rdstation-forms\/stable\/rdstation-forms.min.js\"><\/script><\/p>\n<p>[\/et_pb_text][\/et_pb_column][et_pb_column type=&#8221;1_3&#8243;][et_pb_sidebar admin_label=&#8221;Barra Lateral&#8221; global_module=&#8221;399&#8243; orientation=&#8221;left&#8221; area=&#8221;sidebar-1&#8243; background_layout=&#8221;light&#8221; remove_border=&#8221;on&#8221; body_line_height=&#8221;1.5em&#8221; custom_css_widget=&#8221;margin-bottom: 30px !important;&#8221; saved_tabs=&#8221;all&#8221;]<br \/>\n[\/et_pb_sidebar][\/et_pb_column][\/et_pb_row][\/et_pb_section][et_pb_section admin_label=&#8221;Se\u00e7\u00e3o&#8221; global_module=&#8221;93&#8243; fullwidth=&#8221;off&#8221; specialty=&#8221;off&#8221; transparent_background=&#8221;off&#8221; background_color=&#8221;#f9f9f9&#8243; allow_player_pause=&#8221;off&#8221; inner_shadow=&#8221;off&#8221; parallax=&#8221;off&#8221; parallax_method=&#8221;off&#8221; padding_mobile=&#8221;on&#8221; make_fullwidth=&#8221;off&#8221; use_custom_width=&#8221;off&#8221; width_unit=&#8221;on&#8221; make_equal=&#8221;off&#8221; use_custom_gutter=&#8221;off&#8221; custom_padding=&#8221;20px||20px|&#8221;][et_pb_row global_parent=&#8221;93&#8243; admin_label=&#8221;Linha&#8221; make_fullwidth=&#8221;on&#8221; use_custom_width=&#8221;off&#8221; width_unit=&#8221;on&#8221; use_custom_gutter=&#8221;on&#8221; gutter_width=&#8221;2&#8243; padding_mobile=&#8221;off&#8221; allow_player_pause=&#8221;off&#8221; parallax=&#8221;off&#8221; parallax_method=&#8221;off&#8221; make_equal=&#8221;off&#8221; parallax_1=&#8221;off&#8221; parallax_method_1=&#8221;off&#8221; parallax_2=&#8221;off&#8221; parallax_method_2=&#8221;off&#8221; parallax_3=&#8221;off&#8221; parallax_method_3=&#8221;off&#8221; column_padding_mobile=&#8221;on&#8221; module_class=&#8221;footer&#8221; module_id_1=&#8221;coluna_1&#8243; module_id_2=&#8221;coluna_2&#8243; module_id_3=&#8221;coluna_3&#8243; module_id=&#8221;footer_1&#8243;][et_pb_column type=&#8221;1_4&#8243;][et_pb_text global_parent=&#8221;93&#8243; admin_label=&#8221;logo it&#8217;sseg&#8221; background_layout=&#8221;light&#8221; text_orientation=&#8221;left&#8221; use_border_color=&#8221;off&#8221; border_color=&#8221;#ffffff&#8221; border_style=&#8221;solid&#8221;] <img decoding=\"async\" class=\"alignleft size-full wp-image-82\" src=\"https:\/\/segurosinteligentes.com.br\/oldrh\/_old\/wp-content\/uploads\/logo-seguros-inteligentes.png\" width=\"270\" \/> [\/et_pb_text][\/et_pb_column][et_pb_column type=&#8221;1_2&#8243;][et_pb_text global_parent=&#8221;93&#8243; admin_label=&#8221;copyright&#8221; background_layout=&#8221;light&#8221; text_orientation=&#8221;right&#8221; text_line_height=&#8221;1.5em&#8221; use_border_color=&#8221;off&#8221; border_color=&#8221;#ffffff&#8221; border_style=&#8221;solid&#8221; custom_padding=&#8221;|||20%&#8221; text_font=&#8221;Abel||||&#8221;] PORTAL RH IT\u2019SSEG \u00e9 uma publica\u00e7\u00e3o da It\u2019sSeg Seguros Inteligentes. N\u00e3o \u00e9 permitida a reprodu\u00e7\u00e3o do conte\u00fado, mesmo que parcial, para uso comercial de qualquer natureza. Confira <a href=\"https:\/\/itssegcompany.com.br\/lgpd\/\" target=\"_blank\" rel=\"noopener\">aqui<\/a> nossa pol\u00edtica de privacidade. [\/et_pb_text][\/et_pb_column][et_pb_column type=&#8221;1_4&#8243;][et_pb_text global_parent=&#8221;93&#8243; admin_label=&#8221;logo portal&#8221; background_layout=&#8221;light&#8221; text_orientation=&#8221;right&#8221; use_border_color=&#8221;off&#8221; border_color=&#8221;#ffffff&#8221; border_style=&#8221;solid&#8221;] <img decoding=\"async\" class=\"alignright size-full wp-image-83\" src=\"https:\/\/segurosinteligentes.com.br\/oldrh\/_old\/wp-content\/uploads\/portalrh-footer.png\" alt=\"logo_portal_footer\" width=\"270\" \/> [\/et_pb_text][\/et_pb_column][\/et_pb_row][et_pb_row global_parent=&#8221;93&#8243; admin_label=&#8221;Linha&#8221; make_fullwidth=&#8221;on&#8221; use_custom_width=&#8221;off&#8221; width_unit=&#8221;on&#8221; use_custom_gutter=&#8221;on&#8221; gutter_width=&#8221;2&#8243; padding_mobile=&#8221;on&#8221; allow_player_pause=&#8221;off&#8221; parallax=&#8221;off&#8221; parallax_method=&#8221;off&#8221; make_equal=&#8221;off&#8221; parallax_1=&#8221;off&#8221; parallax_method_1=&#8221;off&#8221; parallax_2=&#8221;off&#8221; parallax_method_2=&#8221;off&#8221; parallax_3=&#8221;off&#8221; parallax_method_3=&#8221;off&#8221; column_padding_mobile=&#8221;on&#8221; module_id_2=&#8221;coluna_2&#8243; module_id_3=&#8221;coluna_3&#8243; module_id=&#8221;footer_2&#8243; custom_padding=&#8221;||0px|&#8221;][et_pb_column type=&#8221;4_4&#8243;][et_pb_text global_parent=&#8221;93&#8243; admin_label=&#8221;copyright&#8221; background_layout=&#8221;light&#8221; text_orientation=&#8221;center&#8221; text_line_height=&#8221;1.5em&#8221; use_border_color=&#8221;off&#8221; border_color=&#8221;#ffffff&#8221; border_style=&#8221;solid&#8221; text_font=&#8221;Abel||||&#8221;] PORTAL RH IT\u2019SSEG \u00e9 uma publica\u00e7\u00e3o da It\u2019sSeg Seguros Inteligentes. N\u00e3o \u00e9 permitida a reprodu\u00e7\u00e3o do conte\u00fado, mesmo que parcial, para uso comercial de qualquer natureza. Confira <a href=\"https:\/\/itssegcompany.com.br\/lgpd\/\" target=\"_blank\" rel=\"noopener\">aqui<\/a> nossa pol\u00edtica de privacidade. [\/et_pb_text][\/et_pb_column][\/et_pb_row][et_pb_row global_parent=&#8221;93&#8243; admin_label=&#8221;Linha&#8221; make_fullwidth=&#8221;on&#8221; use_custom_width=&#8221;off&#8221; width_unit=&#8221;on&#8221; use_custom_gutter=&#8221;on&#8221; gutter_width=&#8221;2&#8243; padding_mobile=&#8221;off&#8221; allow_player_pause=&#8221;off&#8221; parallax=&#8221;off&#8221; parallax_method=&#8221;off&#8221; make_equal=&#8221;off&#8221; parallax_1=&#8221;off&#8221; parallax_method_1=&#8221;off&#8221; parallax_2=&#8221;off&#8221; parallax_method_2=&#8221;off&#8221; parallax_3=&#8221;off&#8221; parallax_method_3=&#8221;off&#8221; column_padding_mobile=&#8221;on&#8221; module_id_3=&#8221;coluna_3&#8243; module_id=&#8221;footer_2_2&#8243; custom_padding=&#8221;0px|||&#8221;][et_pb_column type=&#8221;1_2&#8243;][et_pb_text global_parent=&#8221;93&#8243; admin_label=&#8221;logo it&#8217;sseg&#8221; background_layout=&#8221;light&#8221; text_orientation=&#8221;left&#8221; use_border_color=&#8221;off&#8221; border_color=&#8221;#ffffff&#8221; border_style=&#8221;solid&#8221; module_id=&#8221;logo_itsseg_footer_1&#8243;] <img decoding=\"async\" class=\"alignleft size-full wp-image-82\" src=\"https:\/\/segurosinteligentes.com.br\/oldrh\/_old\/wp-content\/uploads\/logo-seguros-inteligentes.png\" width=\"270\" \/> [\/et_pb_text][et_pb_text global_parent=&#8221;93&#8243; admin_label=&#8221;logo it&#8217;sseg&#8221; background_layout=&#8221;light&#8221; text_orientation=&#8221;center&#8221; use_border_color=&#8221;off&#8221; border_color=&#8221;#ffffff&#8221; border_style=&#8221;solid&#8221; module_id=&#8221;logo_itsseg_footer_2&#8243;] <img decoding=\"async\" src=\"https:\/\/segurosinteligentes.com.br\/oldrh\/_old\/wp-content\/uploads\/logo-seguros-inteligentes-mobile.png\" alt=\"logo_footer_2\" width=\"70\" \/> [\/et_pb_text][\/et_pb_column][et_pb_column type=&#8221;1_2&#8243;][et_pb_text global_parent=&#8221;93&#8243; admin_label=&#8221;logo portal&#8221; background_layout=&#8221;light&#8221; text_orientation=&#8221;right&#8221; use_border_color=&#8221;off&#8221; border_color=&#8221;#ffffff&#8221; border_style=&#8221;solid&#8221; module_id=&#8221;logo_portal_itsseg_footer_2&#8243;] <img decoding=\"async\" class=\"alignright size-full wp-image-83\" src=\"https:\/\/segurosinteligentes.com.br\/oldrh\/_old\/wp-content\/uploads\/portalrh-footer.png\" alt=\"logo_portal_footer\" width=\"270\" \/> [\/et_pb_text][\/et_pb_column][\/et_pb_row][\/et_pb_section]<\/p>\n","protected":false},"excerpt":{"rendered":"<p>A doen\u00e7a j\u00e1 foi identificada em todos os estados brasileiros. Veja quais os principais sintomas, como se prevenir e as causas da prolifera\u00e7\u00e3o do mosquito. <\/p>\n","protected":false},"author":5,"featured_media":9947,"comment_status":"closed","ping_status":"closed","sticky":false,"template":"","format":"standard","meta":{"_et_pb_use_builder":"on","_et_pb_old_content":"","_et_gb_content_width":"","_links_to":"","_links_to_target":""},"categories":[14],"tags":[270],"_links":{"self":[{"href":"https:\/\/segurosinteligentes.com.br\/oldrh\/wp-json\/wp\/v2\/posts\/9944"}],"collection":[{"href":"https:\/\/segurosinteligentes.com.br\/oldrh\/wp-json\/wp\/v2\/posts"}],"about":[{"href":"https:\/\/segurosinteligentes.com.br\/oldrh\/wp-json\/wp\/v2\/types\/post"}],"author":[{"embeddable":true,"href":"https:\/\/segurosinteligentes.com.br\/oldrh\/wp-json\/wp\/v2\/users\/5"}],"replies":[{"embeddable":true,"href":"https:\/\/segurosinteligentes.com.br\/oldrh\/wp-json\/wp\/v2\/comments?post=9944"}],"version-history":[{"count":3,"href":"https:\/\/segurosinteligentes.com.br\/oldrh\/wp-json\/wp\/v2\/posts\/9944\/revisions"}],"predecessor-version":[{"id":9948,"href":"https:\/\/segurosinteligentes.com.br\/oldrh\/wp-json\/wp\/v2\/posts\/9944\/revisions\/9948"}],"wp:featuredmedia":[{"embeddable":true,"href":"https:\/\/segurosinteligentes.com.br\/oldrh\/wp-json\/wp\/v2\/media\/9947"}],"wp:attachment":[{"href":"https:\/\/segurosinteligentes.com.br\/oldrh\/wp-json\/wp\/v2\/media?parent=9944"}],"wp:term":[{"taxonomy":"category","embeddable":true,"href":"https:\/\/segurosinteligentes.com.br\/oldrh\/wp-json\/wp\/v2\/categories?post=9944"},{"taxonomy":"post_tag","embeddable":true,"href":"https:\/\/segurosinteligentes.com.br\/oldrh\/wp-json\/wp\/v2\/tags?post=9944"}],"curies":[{"name":"wp","href":"https:\/\/api.w.org\/{rel}","templated":true}]}}