{"id":9824,"date":"2023-01-12T13:15:42","date_gmt":"2023-01-12T15:15:42","guid":{"rendered":"https:\/\/segurosinteligentes.com.br\/oldrh\/_old\/?p=9824"},"modified":"2023-01-12T13:15:42","modified_gmt":"2023-01-12T15:15:42","slug":"soft-skills","status":"publish","type":"post","link":"https:\/\/segurosinteligentes.com.br\/oldrh\/soft-skills\/","title":{"rendered":"Soft skills s\u00e3o o foco das contrata\u00e7\u00f5es de emprego atualmente"},"content":{"rendered":"<p>[et_pb_section admin_label=&#8221;section&#8221; transparent_background=&#8221;on&#8221; background_color=&#8221;#ffffff&#8221; allow_player_pause=&#8221;off&#8221; inner_shadow=&#8221;off&#8221; parallax=&#8221;off&#8221; parallax_method=&#8221;off&#8221; padding_mobile=&#8221;on&#8221; make_fullwidth=&#8221;off&#8221; use_custom_width=&#8221;off&#8221; width_unit=&#8221;on&#8221; make_equal=&#8221;off&#8221; use_custom_gutter=&#8221;off&#8221; custom_padding=&#8221;0px||50px|&#8221;][et_pb_row admin_label=&#8221;row&#8221; make_fullwidth=&#8221;off&#8221; use_custom_width=&#8221;on&#8221; width_unit=&#8221;off&#8221; use_custom_gutter=&#8221;off&#8221; padding_mobile=&#8221;on&#8221; allow_player_pause=&#8221;off&#8221; parallax=&#8221;off&#8221; parallax_method=&#8221;off&#8221; make_equal=&#8221;off&#8221; parallax_1=&#8221;off&#8221; parallax_method_1=&#8221;off&#8221; parallax_2=&#8221;off&#8221; parallax_method_2=&#8221;off&#8221; column_padding_mobile=&#8221;on&#8221; custom_padding=&#8221;50px|35px|50px|35px&#8221; background_color=&#8221;#ffffff&#8221;][et_pb_column type=&#8221;2_3&#8243;][et_pb_text admin_label=&#8221;tag e data&#8221; background_layout=&#8221;light&#8221; text_orientation=&#8221;left&#8221; text_font=&#8221;|on|||&#8221; text_font_size=&#8221;16&#8243; text_text_color=&#8221;#9ec31e&#8221; text_line_height=&#8221;1.5em&#8221; use_border_color=&#8221;off&#8221; border_color=&#8221;#ffffff&#8221; border_style=&#8221;solid&#8221; custom_margin=&#8221;||0px|&#8221;]<\/p>\n<p>CARREIRA | 12.JANEIRO.2023<\/p>\n<h4><\/h4>\n<p>[\/et_pb_text][et_pb_text admin_label=&#8221;t\u00edtulo&#8221; background_layout=&#8221;light&#8221; text_orientation=&#8221;left&#8221; text_font=&#8221;|on|||&#8221; text_font_size=&#8221;32&#8243; text_text_color=&#8221;#495358&#8243; text_line_height=&#8221;1em&#8221; use_border_color=&#8221;off&#8221; border_color=&#8221;#ffffff&#8221; border_style=&#8221;solid&#8221;]<\/p>\n<h1>Soft skills s\u00e3o o foco das contrata\u00e7\u00f5es de emprego atualmente<\/h1>\n<p>[\/et_pb_text][et_pb_text admin_label=&#8221;conte\u00fado&#8221; background_layout=&#8221;light&#8221; text_orientation=&#8221;left&#8221; text_font=&#8221;Open Sans||||&#8221; text_text_color=&#8221;#748690&#8243; text_line_height=&#8221;1.5em&#8221; use_border_color=&#8221;off&#8221; border_color=&#8221;#ffffff&#8221; border_style=&#8221;solid&#8221;]<\/p>\n<p><span style=\"font-weight: 400;\">Voc\u00ea j\u00e1 ouviu falar em <\/span><i><span style=\"font-weight: 400;\">Hard Skills<\/span><\/i><span style=\"font-weight: 400;\"> e <\/span><i><span style=\"font-weight: 400;\">Soft Skills<\/span><\/i><span style=\"font-weight: 400;\">? Esses dois termos representam, respectivamente, as <\/span><b>habilidades t\u00e9cnicas<\/b><span style=\"font-weight: 400;\"> e <\/span><b>comportamentais<\/b><span style=\"font-weight: 400;\"> de um colaborador.<\/span><\/p>\n<p><span style=\"font-weight: 400;\">Antigamente, era comum as empresas procurarem trabalhadores com diversos recursos espec\u00edficos: experi\u00eancia em programas de computador, cursos de idioma, gest\u00e3o de projetos, entre outros. No entanto, o cen\u00e1rio atual \u00e9 diferente.\u00a0<\/span><\/p>\n<p><span style=\"font-weight: 400;\">Hoje em dia, as organiza\u00e7\u00f5es precisam de colaboradores que aliem um bom curr\u00edculo a habilidades que n\u00e3o s\u00e3o aprendidas na faculdade. Podemos citar, por exemplo, uma boa comunica\u00e7\u00e3o, senso de empatia, intelig\u00eancia emocional, flexibilidade e criatividade.<\/span><\/p>\n<p>&nbsp;<\/p>\n<h2><b>Porque as Soft Skills est\u00e3o recebendo mais destaque?<\/b><\/h2>\n<pre><\/pre>\n<p><span style=\"font-weight: 400;\">As <\/span><b>habilidades comportamentais<\/b><span style=\"font-weight: 400;\"> sempre foram requisitadas durante as entrevistas de emprego. Por\u00e9m, com o tempo, essas caracter\u00edsticas passaram a estar cada vez mais presentes no radar dos recrutadores.<\/span><\/p>\n<blockquote><p><span style=\"font-weight: 400;\">\u201cAs <\/span><i><span style=\"font-weight: 400;\">Soft Skills<\/span><\/i><span style=\"font-weight: 400;\"> s\u00e3o caracter\u00edsticas muito mais subjetivas. <\/span><span style=\"font-weight: 400;\">Hoje, a maior parte dos desligamentos acontecem devido aos funcion\u00e1rios n\u00e3o conseguirem desenvolver essas habilidades comportamentais e acabarem deslocados na equipe<\/span><span style=\"font-weight: 400;\">\u201d, explica Manuela Lima, consultora de gente na It\u2019sSeg.<\/span><\/p><\/blockquote>\n<p>&nbsp;<\/p>\n<h5><b>Em busca de pessoas resilientes<\/b><\/h5>\n<pre><\/pre>\n<p><span style=\"font-weight: 400;\">Fatores como a nova <\/span><a href=\"https:\/\/segurosinteligentes.com.br\/oldrh\/_old\/a-grande-demissao\/\" target=\"_blank\" rel=\"noopener\"><span style=\"font-weight: 400;\">onda de demiss\u00f5es,<\/span><\/a><span style=\"font-weight: 400;\"> debates sobre sa\u00fade mental e mudan\u00e7as no formato de trabalho tamb\u00e9m contribu\u00edram para este cen\u00e1rio. Diante disso, \u00e9 importante ter colaboradores resilientes e que tenham flexibilidade para mudan\u00e7as.\u00a0<\/span><\/p>\n<p><span style=\"font-weight: 400;\">Outra quest\u00e3o sobre o aumento da procura por <\/span><i><span style=\"font-weight: 400;\">Soft Skills<\/span><\/i><span style=\"font-weight: 400;\"> est\u00e1 relacionada \u00e0 pr\u00f3pria pandemia. O isolamento social<\/span><span style=\"font-weight: 400;\"> foi respons\u00e1vel por limitar a intera\u00e7\u00e3o entre as pessoas, o que trouxe um desafio ainda maior para o desenvolvimento das habilidades comportamentais.\u00a0<\/span><\/p>\n<blockquote><p><span style=\"font-weight: 400;\">\u201cEm rela\u00e7\u00e3o a isso, a empresa pode ajudar neste processo, fazendo programas de desenvolvimento que auxiliem seus trabalhadores a encontrarem e desenvolverem essas caracter\u00edsticas\u201d, destaca Manuela.\u00a0<\/span><\/p><\/blockquote>\n<p>&nbsp;<\/p>\n<h3><b>Soft Skills de maior destaque no cen\u00e1rio atual\u00a0<\/b><\/h3>\n<p><span style=\"font-weight: 400;\">No in\u00edcio deste ano, a <\/span><a href=\"https:\/\/www.linkedin.com\/news\/story\/5-soft-skills-que-te-ajudar%C3%A3o-na-busca-por-emprego-em-2023-5520196\/\" target=\"_blank\" rel=\"noopener\"><span style=\"font-weight: 400;\">Fast Company Brasil <\/span><\/a><span style=\"font-weight: 400;\">publicou um levantamento feito pela empresa de consultoria americana Cappfinity. A pesquisa revela as cinco habilidades comportamentais de maior destaque em 2023.<\/span><\/p>\n<pre><\/pre>\n<p><b style=\"color: #333333; font-size: 16px;\">Curiosidade<\/b><\/p>\n<p><span style=\"font-weight: 400;\">Se voc\u00ea faz boas perguntas, investiga o mundo ao seu redor e est\u00e1 sempre expandindo os horizontes, a curiosidade \u00e9 uma de suas habilidades. Pessoas com esta caracter\u00edstica, muitas vezes, buscam novas situa\u00e7\u00f5es e experi\u00eancias empolgantes s\u00f3 porque elas oferecem oportunidades para descobrir mais.<\/span><\/p>\n<pre><\/pre>\n<h5><b>R\u00e1pido aprendizado\u00a0<\/b><\/h5>\n<p><span style=\"font-weight: 400;\">Voc\u00ea gosta de aprender coisas novas sobre uma ampla gama de assuntos? Aplica rapidamente as informa\u00e7\u00f5es novas que aprendeu e, logo em seguida, busca acessar mais conhecimento? Nesse caso, a agilidade de aprendizagem \u00e9 uma de suas habilidades.<\/span><\/p>\n<pre><\/pre>\n<p><b style=\"color: #333333; font-size: 16px;\">Vontade de crescer\u00a0<\/b><\/p>\n<p><span style=\"font-weight: 400;\">Neste item, a pesquisa ressalta a import\u00e2ncia de distinguir profissionais que buscam projetos dif\u00edceis para mostrar sua resili\u00eancia daqueles que s\u00e3o simplesmente ambiciosos e s\u00f3 agarram as oportunidades em que acham que podem ter sucesso.<\/span><\/p>\n<pre><\/pre>\n<h5><b>An\u00e1lise cr\u00edtica<\/b><\/h5>\n<p><span style=\"font-weight: 400;\">Se voc\u00ea tem a capacidade de analisar os problemas de diferentes perspectivas e gosta de consultar v\u00e1rias pessoas para identificar os pr\u00f3ximos passos, ent\u00e3o pode ser um especialista em an\u00e1lise cr\u00edtica.\u00a0<\/span><\/p>\n<pre><\/pre>\n<p><b style=\"color: #333333; font-size: 16px;\">Colabora\u00e7\u00e3o<\/b><\/p>\n<p><span style=\"font-weight: 400;\">Aqueles que entendem que trabalhar com outras pessoas \u00e9 a melhor maneira de alcan\u00e7ar os resultados podem adicionar \u201ccolabora\u00e7\u00e3o\u201d \u00e0 sua lista de habilidades. Indiv\u00edduos com essa caracter\u00edstica geralmente sabem como adaptar seu estilo de comunica\u00e7\u00e3o.<\/span><\/p>\n<p>&nbsp;<\/p>\n<h3><b>Existe uma forma de balancear as habilidades?<\/b><\/h3>\n<pre><\/pre>\n<p><span style=\"font-weight: 400;\">Embora as habilidades comportamentais estejam em maior destaque, os conhecimentos t\u00e9cnicos n\u00e3o foram deixados de lado.\u00a0<\/span><\/p>\n<blockquote><p><span style=\"font-weight: 400;\">\u201c\u00c9 importante voc\u00ea complementar seu curr\u00edculo com aprimora\u00e7\u00f5es, cursos e outras forma\u00e7\u00f5es. Sabemos que raramente voc\u00ea vai encontrar todas as habilidades em uma \u00fanica pessoa\u201d, comenta a consultora da It\u2019sSeg.\u00a0<\/span><\/p><\/blockquote>\n<p><span style=\"font-weight: 400;\">A profissional explica tamb\u00e9m que desenvolver as caracter\u00edsticas comportamentais do colaborador \u00e9 vantajoso tanto para a companhia quanto para o pr\u00f3prio funcion\u00e1rio:\u00a0<\/span>\u201c\u00c9 preciso entender tamb\u00e9m que essas caracter\u00edsticas n\u00e3o se desenvolvem do dia pra noite. Quanto mais a pessoa buscar um autoconhecimento, entender seus pontos fortes, mais r\u00e1pido ser\u00e1 esse processo\u201d, completa.<\/p>\n<p>[\/et_pb_text][et_pb_text admin_label=&#8221;box&#8221; background_layout=&#8221;light&#8221; text_orientation=&#8221;left&#8221; text_font=&#8221;Open Sans||||&#8221; text_text_color=&#8221;#748690&#8243; text_line_height=&#8221;1.5em&#8221; use_border_color=&#8221;off&#8221; border_color=&#8221;#ffffff&#8221; border_style=&#8221;solid&#8221;]<\/p>\n<p>&nbsp;<\/p>\n<p>https:\/\/segurosinteligentes.com.br\/oldrh\/_old\/tendencias-carreiras-2023\/<\/p>\n<div class='et-box et-shadow'>\n\t\t\t\t\t<div class='et-box-content'>Cadastre-se para receber a nossa newsletter e fique por dentro das novidades no Portal RH.<\/div><\/div>\n<div id=\"newsletter-portalrh-50ee58c6144b127a4b39\" role=\"main\"><\/div>\n<p><script type=\"text\/javascript\" src=\"https:\/\/d335luupugsy2.cloudfront.net\/js\/rdstation-forms\/stable\/rdstation-forms.min.js\"><\/script><\/p>\n<p>[\/et_pb_text][\/et_pb_column][et_pb_column type=&#8221;1_3&#8243;][et_pb_sidebar admin_label=&#8221;Barra Lateral&#8221; global_module=&#8221;399&#8243; orientation=&#8221;left&#8221; area=&#8221;sidebar-1&#8243; background_layout=&#8221;light&#8221; remove_border=&#8221;on&#8221; body_line_height=&#8221;1.5em&#8221; custom_css_widget=&#8221;margin-bottom: 30px !important;&#8221; saved_tabs=&#8221;all&#8221;]<br \/>\n[\/et_pb_sidebar][\/et_pb_column][\/et_pb_row][\/et_pb_section][et_pb_section admin_label=&#8221;Se\u00e7\u00e3o&#8221; global_module=&#8221;93&#8243; fullwidth=&#8221;off&#8221; specialty=&#8221;off&#8221; transparent_background=&#8221;off&#8221; background_color=&#8221;#f9f9f9&#8243; allow_player_pause=&#8221;off&#8221; inner_shadow=&#8221;off&#8221; parallax=&#8221;off&#8221; parallax_method=&#8221;off&#8221; padding_mobile=&#8221;on&#8221; make_fullwidth=&#8221;off&#8221; use_custom_width=&#8221;off&#8221; width_unit=&#8221;on&#8221; make_equal=&#8221;off&#8221; use_custom_gutter=&#8221;off&#8221; custom_padding=&#8221;20px||20px|&#8221;][et_pb_row global_parent=&#8221;93&#8243; admin_label=&#8221;Linha&#8221; make_fullwidth=&#8221;on&#8221; use_custom_width=&#8221;off&#8221; width_unit=&#8221;on&#8221; use_custom_gutter=&#8221;on&#8221; gutter_width=&#8221;2&#8243; padding_mobile=&#8221;off&#8221; allow_player_pause=&#8221;off&#8221; parallax=&#8221;off&#8221; parallax_method=&#8221;off&#8221; make_equal=&#8221;off&#8221; parallax_1=&#8221;off&#8221; parallax_method_1=&#8221;off&#8221; parallax_2=&#8221;off&#8221; parallax_method_2=&#8221;off&#8221; parallax_3=&#8221;off&#8221; parallax_method_3=&#8221;off&#8221; column_padding_mobile=&#8221;on&#8221; module_class=&#8221;footer&#8221; module_id_1=&#8221;coluna_1&#8243; module_id_2=&#8221;coluna_2&#8243; module_id_3=&#8221;coluna_3&#8243; module_id=&#8221;footer_1&#8243;][et_pb_column type=&#8221;1_4&#8243;][et_pb_text global_parent=&#8221;93&#8243; admin_label=&#8221;logo it&#8217;sseg&#8221; background_layout=&#8221;light&#8221; text_orientation=&#8221;left&#8221; use_border_color=&#8221;off&#8221; border_color=&#8221;#ffffff&#8221; border_style=&#8221;solid&#8221;] <img decoding=\"async\" class=\"alignleft size-full wp-image-82\" src=\"https:\/\/segurosinteligentes.com.br\/oldrh\/_old\/wp-content\/uploads\/logo-seguros-inteligentes.png\" width=\"270\" \/> [\/et_pb_text][\/et_pb_column][et_pb_column type=&#8221;1_2&#8243;][et_pb_text global_parent=&#8221;93&#8243; admin_label=&#8221;copyright&#8221; background_layout=&#8221;light&#8221; text_orientation=&#8221;right&#8221; text_line_height=&#8221;1.5em&#8221; use_border_color=&#8221;off&#8221; border_color=&#8221;#ffffff&#8221; border_style=&#8221;solid&#8221; custom_padding=&#8221;|||20%&#8221; text_font=&#8221;Abel||||&#8221;] PORTAL RH IT\u2019SSEG \u00e9 uma publica\u00e7\u00e3o da It\u2019sSeg Seguros Inteligentes. N\u00e3o \u00e9 permitida a reprodu\u00e7\u00e3o do conte\u00fado, mesmo que parcial, para uso comercial de qualquer natureza. Confira <a href=\"https:\/\/itssegcompany.com.br\/lgpd\/\" target=\"_blank\" rel=\"noopener\">aqui<\/a> nossa pol\u00edtica de privacidade. [\/et_pb_text][\/et_pb_column][et_pb_column type=&#8221;1_4&#8243;][et_pb_text global_parent=&#8221;93&#8243; admin_label=&#8221;logo portal&#8221; background_layout=&#8221;light&#8221; text_orientation=&#8221;right&#8221; use_border_color=&#8221;off&#8221; border_color=&#8221;#ffffff&#8221; border_style=&#8221;solid&#8221;] <img decoding=\"async\" class=\"alignright size-full wp-image-83\" src=\"https:\/\/segurosinteligentes.com.br\/oldrh\/_old\/wp-content\/uploads\/portalrh-footer.png\" alt=\"logo_portal_footer\" width=\"270\" \/> [\/et_pb_text][\/et_pb_column][\/et_pb_row][et_pb_row global_parent=&#8221;93&#8243; admin_label=&#8221;Linha&#8221; make_fullwidth=&#8221;on&#8221; use_custom_width=&#8221;off&#8221; width_unit=&#8221;on&#8221; use_custom_gutter=&#8221;on&#8221; gutter_width=&#8221;2&#8243; padding_mobile=&#8221;on&#8221; allow_player_pause=&#8221;off&#8221; parallax=&#8221;off&#8221; parallax_method=&#8221;off&#8221; make_equal=&#8221;off&#8221; parallax_1=&#8221;off&#8221; parallax_method_1=&#8221;off&#8221; parallax_2=&#8221;off&#8221; parallax_method_2=&#8221;off&#8221; parallax_3=&#8221;off&#8221; parallax_method_3=&#8221;off&#8221; column_padding_mobile=&#8221;on&#8221; module_id_2=&#8221;coluna_2&#8243; module_id_3=&#8221;coluna_3&#8243; module_id=&#8221;footer_2&#8243; custom_padding=&#8221;||0px|&#8221;][et_pb_column type=&#8221;4_4&#8243;][et_pb_text global_parent=&#8221;93&#8243; admin_label=&#8221;copyright&#8221; background_layout=&#8221;light&#8221; text_orientation=&#8221;center&#8221; text_line_height=&#8221;1.5em&#8221; use_border_color=&#8221;off&#8221; border_color=&#8221;#ffffff&#8221; border_style=&#8221;solid&#8221; text_font=&#8221;Abel||||&#8221;] PORTAL RH IT\u2019SSEG \u00e9 uma publica\u00e7\u00e3o da It\u2019sSeg Seguros Inteligentes. N\u00e3o \u00e9 permitida a reprodu\u00e7\u00e3o do conte\u00fado, mesmo que parcial, para uso comercial de qualquer natureza. Confira <a href=\"https:\/\/itssegcompany.com.br\/lgpd\/\" target=\"_blank\" rel=\"noopener\">aqui<\/a> nossa pol\u00edtica de privacidade. [\/et_pb_text][\/et_pb_column][\/et_pb_row][et_pb_row global_parent=&#8221;93&#8243; admin_label=&#8221;Linha&#8221; make_fullwidth=&#8221;on&#8221; use_custom_width=&#8221;off&#8221; width_unit=&#8221;on&#8221; use_custom_gutter=&#8221;on&#8221; gutter_width=&#8221;2&#8243; padding_mobile=&#8221;off&#8221; allow_player_pause=&#8221;off&#8221; parallax=&#8221;off&#8221; parallax_method=&#8221;off&#8221; make_equal=&#8221;off&#8221; parallax_1=&#8221;off&#8221; parallax_method_1=&#8221;off&#8221; parallax_2=&#8221;off&#8221; parallax_method_2=&#8221;off&#8221; parallax_3=&#8221;off&#8221; parallax_method_3=&#8221;off&#8221; column_padding_mobile=&#8221;on&#8221; module_id_3=&#8221;coluna_3&#8243; module_id=&#8221;footer_2_2&#8243; custom_padding=&#8221;0px|||&#8221;][et_pb_column type=&#8221;1_2&#8243;][et_pb_text global_parent=&#8221;93&#8243; admin_label=&#8221;logo it&#8217;sseg&#8221; background_layout=&#8221;light&#8221; text_orientation=&#8221;left&#8221; use_border_color=&#8221;off&#8221; border_color=&#8221;#ffffff&#8221; border_style=&#8221;solid&#8221; module_id=&#8221;logo_itsseg_footer_1&#8243;] <img decoding=\"async\" class=\"alignleft size-full wp-image-82\" src=\"https:\/\/segurosinteligentes.com.br\/oldrh\/_old\/wp-content\/uploads\/logo-seguros-inteligentes.png\" width=\"270\" \/> [\/et_pb_text][et_pb_text global_parent=&#8221;93&#8243; admin_label=&#8221;logo it&#8217;sseg&#8221; background_layout=&#8221;light&#8221; text_orientation=&#8221;center&#8221; use_border_color=&#8221;off&#8221; border_color=&#8221;#ffffff&#8221; border_style=&#8221;solid&#8221; module_id=&#8221;logo_itsseg_footer_2&#8243;] <img decoding=\"async\" src=\"https:\/\/segurosinteligentes.com.br\/oldrh\/_old\/wp-content\/uploads\/logo-seguros-inteligentes-mobile.png\" alt=\"logo_footer_2\" width=\"70\" \/> [\/et_pb_text][\/et_pb_column][et_pb_column type=&#8221;1_2&#8243;][et_pb_text global_parent=&#8221;93&#8243; admin_label=&#8221;logo portal&#8221; background_layout=&#8221;light&#8221; text_orientation=&#8221;right&#8221; use_border_color=&#8221;off&#8221; border_color=&#8221;#ffffff&#8221; border_style=&#8221;solid&#8221; module_id=&#8221;logo_portal_itsseg_footer_2&#8243;] <img decoding=\"async\" class=\"alignright size-full wp-image-83\" src=\"https:\/\/segurosinteligentes.com.br\/oldrh\/_old\/wp-content\/uploads\/portalrh-footer.png\" alt=\"logo_portal_footer\" width=\"270\" \/> [\/et_pb_text][\/et_pb_column][\/et_pb_row][\/et_pb_section]<\/p>\n","protected":false},"excerpt":{"rendered":"<p>Hoje em dia, as habilidades comportamentais est\u00e3o cada vez mais presentes no radar dos recrutadores. Confira quais s\u00e3o elas!<\/p>\n","protected":false},"author":5,"featured_media":9839,"comment_status":"closed","ping_status":"closed","sticky":false,"template":"","format":"standard","meta":{"_et_pb_use_builder":"on","_et_pb_old_content":"","_et_gb_content_width":"","_links_to":"","_links_to_target":""},"categories":[3],"tags":[387],"_links":{"self":[{"href":"https:\/\/segurosinteligentes.com.br\/oldrh\/wp-json\/wp\/v2\/posts\/9824"}],"collection":[{"href":"https:\/\/segurosinteligentes.com.br\/oldrh\/wp-json\/wp\/v2\/posts"}],"about":[{"href":"https:\/\/segurosinteligentes.com.br\/oldrh\/wp-json\/wp\/v2\/types\/post"}],"author":[{"embeddable":true,"href":"https:\/\/segurosinteligentes.com.br\/oldrh\/wp-json\/wp\/v2\/users\/5"}],"replies":[{"embeddable":true,"href":"https:\/\/segurosinteligentes.com.br\/oldrh\/wp-json\/wp\/v2\/comments?post=9824"}],"version-history":[{"count":13,"href":"https:\/\/segurosinteligentes.com.br\/oldrh\/wp-json\/wp\/v2\/posts\/9824\/revisions"}],"predecessor-version":[{"id":9840,"href":"https:\/\/segurosinteligentes.com.br\/oldrh\/wp-json\/wp\/v2\/posts\/9824\/revisions\/9840"}],"wp:featuredmedia":[{"embeddable":true,"href":"https:\/\/segurosinteligentes.com.br\/oldrh\/wp-json\/wp\/v2\/media\/9839"}],"wp:attachment":[{"href":"https:\/\/segurosinteligentes.com.br\/oldrh\/wp-json\/wp\/v2\/media?parent=9824"}],"wp:term":[{"taxonomy":"category","embeddable":true,"href":"https:\/\/segurosinteligentes.com.br\/oldrh\/wp-json\/wp\/v2\/categories?post=9824"},{"taxonomy":"post_tag","embeddable":true,"href":"https:\/\/segurosinteligentes.com.br\/oldrh\/wp-json\/wp\/v2\/tags?post=9824"}],"curies":[{"name":"wp","href":"https:\/\/api.w.org\/{rel}","templated":true}]}}