{"id":9762,"date":"2022-12-08T15:44:45","date_gmt":"2022-12-08T17:44:45","guid":{"rendered":"https:\/\/segurosinteligentes.com.br\/oldrh\/_old\/?p=9762"},"modified":"2022-12-08T15:48:02","modified_gmt":"2022-12-08T17:48:02","slug":"vacinas-contra-covid-19","status":"publish","type":"post","link":"https:\/\/segurosinteligentes.com.br\/oldrh\/vacinas-contra-covid-19\/","title":{"rendered":"Quinta dose contra Covid-19 e vacinas bivalentes s\u00e3o liberadas no Brasil"},"content":{"rendered":"<p>[et_pb_section admin_label=&#8221;section&#8221; transparent_background=&#8221;on&#8221; background_color=&#8221;#ffffff&#8221; allow_player_pause=&#8221;off&#8221; inner_shadow=&#8221;off&#8221; parallax=&#8221;off&#8221; parallax_method=&#8221;off&#8221; padding_mobile=&#8221;on&#8221; make_fullwidth=&#8221;off&#8221; use_custom_width=&#8221;off&#8221; width_unit=&#8221;on&#8221; make_equal=&#8221;off&#8221; use_custom_gutter=&#8221;off&#8221; custom_padding=&#8221;0px||50px|&#8221;][et_pb_row admin_label=&#8221;row&#8221; make_fullwidth=&#8221;off&#8221; use_custom_width=&#8221;on&#8221; width_unit=&#8221;off&#8221; use_custom_gutter=&#8221;off&#8221; padding_mobile=&#8221;on&#8221; allow_player_pause=&#8221;off&#8221; parallax=&#8221;off&#8221; parallax_method=&#8221;off&#8221; make_equal=&#8221;off&#8221; parallax_1=&#8221;off&#8221; parallax_method_1=&#8221;off&#8221; parallax_2=&#8221;off&#8221; parallax_method_2=&#8221;off&#8221; column_padding_mobile=&#8221;on&#8221; custom_padding=&#8221;50px|35px|50px|35px&#8221; background_color=&#8221;#ffffff&#8221;][et_pb_column type=&#8221;2_3&#8243;][et_pb_text admin_label=&#8221;tag e data&#8221; background_layout=&#8221;light&#8221; text_orientation=&#8221;left&#8221; text_font=&#8221;|on|||&#8221; text_font_size=&#8221;16&#8243; text_text_color=&#8221;#9ec31e&#8221; text_line_height=&#8221;1.5em&#8221; use_border_color=&#8221;off&#8221; border_color=&#8221;#ffffff&#8221; border_style=&#8221;solid&#8221; custom_margin=&#8221;||0px|&#8221;]<\/p>\n<p>COVID-19 | 08.DEZEMBRO.2022<\/p>\n<h4><\/h4>\n<p>[\/et_pb_text][et_pb_text admin_label=&#8221;t\u00edtulo&#8221; background_layout=&#8221;light&#8221; text_orientation=&#8221;left&#8221; text_font=&#8221;|on|||&#8221; text_font_size=&#8221;32&#8243; text_text_color=&#8221;#495358&#8243; text_line_height=&#8221;1em&#8221; use_border_color=&#8221;off&#8221; border_color=&#8221;#ffffff&#8221; border_style=&#8221;solid&#8221;]<\/p>\n<h1>Quinta dose contra Covid-19 e vacinas bivalentes s\u00e3o liberadas no Brasil<\/h1>\n<p>[\/et_pb_text][et_pb_text admin_label=&#8221;conte\u00fado&#8221; background_layout=&#8221;light&#8221; text_orientation=&#8221;left&#8221; text_font=&#8221;Open Sans||||&#8221; text_text_color=&#8221;#748690&#8243; text_line_height=&#8221;1.5em&#8221; use_border_color=&#8221;off&#8221; border_color=&#8221;#ffffff&#8221; border_style=&#8221;solid&#8221;]<\/p>\n<p>A quinta dose de vacina contra a <a href=\"https:\/\/segurosinteligentes.com.br\/oldrh\/_old\/category\/coronavirus\/\" target=\"_blank\" rel=\"noopener\">covid-19<\/a> j\u00e1 est\u00e1 liberada para pessoas com mais de 40 anos que possuem algum grau de comprometimento do sistema imunol\u00f3gico (imunossuprimidas).<\/p>\n<p>Al\u00e9m disso, agora, as doses adicionais ganham novas aliadas: a ANVISA autorizou, em car\u00e1ter emergencial no dia 22\/11, a distribui\u00e7\u00e3o de duas vacinas bivalentes produzidas pela Pfizer que protegem contra a \u00f4micron e suas subvariantes.<\/p>\n<p>At\u00e9 o momento, as <a href=\"https:\/\/www.gov.br\/anvisa\/pt-br\/assuntos\/noticias-anvisa\/2022\/anvisa-aprova-vacinas-bivalentes-para-dose-de-reforco-contra-covid-19\" target=\"_blank\" rel=\"noopener\">vacinas bivalentes<\/a> s\u00e3o recomendadas como dose de refor\u00e7o para pessoas com 12 anos ou mais, independentemente de qual imunizante tenha sido utilizado anteriormente.<\/p>\n<p>&nbsp;<\/p>\n<h2><strong>Aumento de casos de covid-19<\/strong><\/h2>\n<p>Segundo o boletim Infogripe da Fiocruz, atualizado em 29 de novembro, <strong>20 estados apresentaram aumento de casos de S\u00edndrome Respirat\u00f3ria Aguda Grave (SRAG)<\/strong> provocados pelo coronav\u00edrus: Alagoas, Bahia, Cear\u00e1, Distrito Federal, Goi\u00e1s, Maranh\u00e3o, Mato Grosso do Sul, Minas Gerais, Par\u00e1, Para\u00edba, Paran\u00e1, Pernambuco, Piau\u00ed, Rio Grande do Norte, Rio Grande do Sul, Rio de Janeiro, Roraima, Santa Catarina, Sergipe e S\u00e3o Paulo.<\/p>\n<p>&nbsp;<\/p>\n<h3><strong>O que fazer?<\/strong><\/h3>\n<p>O uso de m\u00e1scara <strong>voltou a ser obrigat\u00f3rio<\/strong> em locais de aglomera\u00e7\u00e3o, como transporte p\u00fablico, servi\u00e7os de sa\u00fade, portos e aeroportos. Os modelos indicados s\u00e3o as cir\u00fargicas e PFF2.<\/p>\n<p>Para viagens ao exterior, \u00e9 preciso apresentar no regresso ao Brasil o comprovante de vacina\u00e7\u00e3o completa contra covid ou comprovante de realiza\u00e7\u00e3o de\u00a0<a href=\"https:\/\/segurosinteligentes.com.br\/oldrh\/_old\/pcr-sorologia-e-teste-rapido\/\" target=\"_blank\" rel=\"noopener\">teste do tipo ant\u00edgeno ou RT-PCR<\/a>, com resultado negativo ou n\u00e3o detect\u00e1vel, realizado um dia antes\u00a0do embarque.<\/p>\n<p>&nbsp;<\/p>\n<h3><strong>Quanto tempo ficar de quarentena se estiver com covid ou suspeita?<\/strong><\/h3>\n<p>Para pessoas com quadro leve a moderado da doen\u00e7a, o isolamento pode ser suspenso ap\u00f3s 10 dias do in\u00edcio dos sintomas. Esse per\u00edodo poder\u00e1 ser reduzido para 7 ou 5 dias se os exames derem resultado negativo e n\u00e3o houver febre e sintomas respirat\u00f3rios. No entanto, o uso de m\u00e1scara <strong>permanece obrigat\u00f3rio at\u00e9 o d\u00e9cimo dia.<\/strong><\/p>\n<p>&nbsp;<\/p>\n<p>[\/et_pb_text][et_pb_text admin_label=&#8221;box&#8221; background_layout=&#8221;light&#8221; text_orientation=&#8221;left&#8221; text_font=&#8221;Open Sans||||&#8221; text_text_color=&#8221;#748690&#8243; text_line_height=&#8221;1.5em&#8221; use_border_color=&#8221;off&#8221; border_color=&#8221;#ffffff&#8221; border_style=&#8221;solid&#8221;]<\/p>\n<p>https:\/\/segurosinteligentes.com.br\/oldrh\/_old\/autoteste-de-covid-19\/<\/p>\n<div class='et-box et-shadow'>\n\t\t\t\t\t<div class='et-box-content'>Cadastre-se para receber a nossa newsletter e fique por dentro das novidades no Portal RH.<\/div><\/div>\n<div id=\"newsletter-portalrh-50ee58c6144b127a4b39\" role=\"main\"><\/div>\n<p><script type=\"text\/javascript\" src=\"https:\/\/d335luupugsy2.cloudfront.net\/js\/rdstation-forms\/stable\/rdstation-forms.min.js\"><\/script><\/p>\n<p>[\/et_pb_text][\/et_pb_column][et_pb_column type=&#8221;1_3&#8243;][et_pb_sidebar admin_label=&#8221;Barra Lateral&#8221; global_module=&#8221;399&#8243; orientation=&#8221;left&#8221; area=&#8221;sidebar-1&#8243; background_layout=&#8221;light&#8221; remove_border=&#8221;on&#8221; body_line_height=&#8221;1.5em&#8221; custom_css_widget=&#8221;margin-bottom: 30px !important;&#8221; saved_tabs=&#8221;all&#8221;] [\/et_pb_sidebar][\/et_pb_column][\/et_pb_row][\/et_pb_section][et_pb_section admin_label=&#8221;Se\u00e7\u00e3o&#8221; global_module=&#8221;93&#8243; fullwidth=&#8221;off&#8221; specialty=&#8221;off&#8221; transparent_background=&#8221;off&#8221; background_color=&#8221;#f9f9f9&#8243; allow_player_pause=&#8221;off&#8221; inner_shadow=&#8221;off&#8221; parallax=&#8221;off&#8221; parallax_method=&#8221;off&#8221; padding_mobile=&#8221;on&#8221; make_fullwidth=&#8221;off&#8221; use_custom_width=&#8221;off&#8221; width_unit=&#8221;on&#8221; make_equal=&#8221;off&#8221; use_custom_gutter=&#8221;off&#8221; custom_padding=&#8221;20px||20px|&#8221;][et_pb_row global_parent=&#8221;93&#8243; admin_label=&#8221;Linha&#8221; make_fullwidth=&#8221;on&#8221; use_custom_width=&#8221;off&#8221; width_unit=&#8221;on&#8221; use_custom_gutter=&#8221;on&#8221; gutter_width=&#8221;2&#8243; padding_mobile=&#8221;off&#8221; allow_player_pause=&#8221;off&#8221; parallax=&#8221;off&#8221; parallax_method=&#8221;off&#8221; make_equal=&#8221;off&#8221; parallax_1=&#8221;off&#8221; parallax_method_1=&#8221;off&#8221; parallax_2=&#8221;off&#8221; parallax_method_2=&#8221;off&#8221; parallax_3=&#8221;off&#8221; parallax_method_3=&#8221;off&#8221; column_padding_mobile=&#8221;on&#8221; module_class=&#8221;footer&#8221; module_id_1=&#8221;coluna_1&#8243; module_id_2=&#8221;coluna_2&#8243; module_id_3=&#8221;coluna_3&#8243; module_id=&#8221;footer_1&#8243;][et_pb_column type=&#8221;1_4&#8243;][et_pb_text global_parent=&#8221;93&#8243; admin_label=&#8221;logo it&#8217;sseg&#8221; background_layout=&#8221;light&#8221; text_orientation=&#8221;left&#8221; use_border_color=&#8221;off&#8221; border_color=&#8221;#ffffff&#8221; border_style=&#8221;solid&#8221;] <img decoding=\"async\" class=\"alignleft size-full wp-image-82\" src=\"https:\/\/segurosinteligentes.com.br\/oldrh\/_old\/wp-content\/uploads\/logo-seguros-inteligentes.png\" width=\"270\" \/> [\/et_pb_text][\/et_pb_column][et_pb_column type=&#8221;1_2&#8243;][et_pb_text global_parent=&#8221;93&#8243; admin_label=&#8221;copyright&#8221; background_layout=&#8221;light&#8221; text_orientation=&#8221;right&#8221; text_line_height=&#8221;1.5em&#8221; use_border_color=&#8221;off&#8221; border_color=&#8221;#ffffff&#8221; border_style=&#8221;solid&#8221; custom_padding=&#8221;|||20%&#8221; text_font=&#8221;Abel||||&#8221;] PORTAL RH IT\u2019SSEG \u00e9 uma publica\u00e7\u00e3o da It\u2019sSeg Seguros Inteligentes. N\u00e3o \u00e9 permitida a reprodu\u00e7\u00e3o do conte\u00fado, mesmo que parcial, para uso comercial de qualquer natureza. Confira <a href=\"https:\/\/itssegcompany.com.br\/lgpd\/\" target=\"_blank\" rel=\"noopener\">aqui<\/a> nossa pol\u00edtica de privacidade. [\/et_pb_text][\/et_pb_column][et_pb_column type=&#8221;1_4&#8243;][et_pb_text global_parent=&#8221;93&#8243; admin_label=&#8221;logo portal&#8221; background_layout=&#8221;light&#8221; text_orientation=&#8221;right&#8221; use_border_color=&#8221;off&#8221; border_color=&#8221;#ffffff&#8221; border_style=&#8221;solid&#8221;] <img decoding=\"async\" class=\"alignright size-full wp-image-83\" src=\"https:\/\/segurosinteligentes.com.br\/oldrh\/_old\/wp-content\/uploads\/portalrh-footer.png\" alt=\"logo_portal_footer\" width=\"270\" \/> [\/et_pb_text][\/et_pb_column][\/et_pb_row][et_pb_row global_parent=&#8221;93&#8243; admin_label=&#8221;Linha&#8221; make_fullwidth=&#8221;on&#8221; use_custom_width=&#8221;off&#8221; width_unit=&#8221;on&#8221; use_custom_gutter=&#8221;on&#8221; gutter_width=&#8221;2&#8243; padding_mobile=&#8221;on&#8221; allow_player_pause=&#8221;off&#8221; parallax=&#8221;off&#8221; parallax_method=&#8221;off&#8221; make_equal=&#8221;off&#8221; parallax_1=&#8221;off&#8221; parallax_method_1=&#8221;off&#8221; parallax_2=&#8221;off&#8221; parallax_method_2=&#8221;off&#8221; parallax_3=&#8221;off&#8221; parallax_method_3=&#8221;off&#8221; column_padding_mobile=&#8221;on&#8221; module_id_2=&#8221;coluna_2&#8243; module_id_3=&#8221;coluna_3&#8243; module_id=&#8221;footer_2&#8243; custom_padding=&#8221;||0px|&#8221;][et_pb_column type=&#8221;4_4&#8243;][et_pb_text global_parent=&#8221;93&#8243; admin_label=&#8221;copyright&#8221; background_layout=&#8221;light&#8221; text_orientation=&#8221;center&#8221; text_line_height=&#8221;1.5em&#8221; use_border_color=&#8221;off&#8221; border_color=&#8221;#ffffff&#8221; border_style=&#8221;solid&#8221; text_font=&#8221;Abel||||&#8221;] PORTAL RH IT\u2019SSEG \u00e9 uma publica\u00e7\u00e3o da It\u2019sSeg Seguros Inteligentes. N\u00e3o \u00e9 permitida a reprodu\u00e7\u00e3o do conte\u00fado, mesmo que parcial, para uso comercial de qualquer natureza. Confira <a href=\"https:\/\/itssegcompany.com.br\/lgpd\/\" target=\"_blank\" rel=\"noopener\">aqui<\/a> nossa pol\u00edtica de privacidade. [\/et_pb_text][\/et_pb_column][\/et_pb_row][et_pb_row global_parent=&#8221;93&#8243; admin_label=&#8221;Linha&#8221; make_fullwidth=&#8221;on&#8221; use_custom_width=&#8221;off&#8221; width_unit=&#8221;on&#8221; use_custom_gutter=&#8221;on&#8221; gutter_width=&#8221;2&#8243; padding_mobile=&#8221;off&#8221; allow_player_pause=&#8221;off&#8221; parallax=&#8221;off&#8221; parallax_method=&#8221;off&#8221; make_equal=&#8221;off&#8221; parallax_1=&#8221;off&#8221; parallax_method_1=&#8221;off&#8221; parallax_2=&#8221;off&#8221; parallax_method_2=&#8221;off&#8221; parallax_3=&#8221;off&#8221; parallax_method_3=&#8221;off&#8221; column_padding_mobile=&#8221;on&#8221; module_id_3=&#8221;coluna_3&#8243; module_id=&#8221;footer_2_2&#8243; custom_padding=&#8221;0px|||&#8221;][et_pb_column type=&#8221;1_2&#8243;][et_pb_text global_parent=&#8221;93&#8243; admin_label=&#8221;logo it&#8217;sseg&#8221; background_layout=&#8221;light&#8221; text_orientation=&#8221;left&#8221; use_border_color=&#8221;off&#8221; border_color=&#8221;#ffffff&#8221; border_style=&#8221;solid&#8221; module_id=&#8221;logo_itsseg_footer_1&#8243;] <img decoding=\"async\" class=\"alignleft size-full wp-image-82\" src=\"https:\/\/segurosinteligentes.com.br\/oldrh\/_old\/wp-content\/uploads\/logo-seguros-inteligentes.png\" width=\"270\" \/> [\/et_pb_text][et_pb_text global_parent=&#8221;93&#8243; admin_label=&#8221;logo it&#8217;sseg&#8221; background_layout=&#8221;light&#8221; text_orientation=&#8221;center&#8221; use_border_color=&#8221;off&#8221; border_color=&#8221;#ffffff&#8221; border_style=&#8221;solid&#8221; module_id=&#8221;logo_itsseg_footer_2&#8243;] <img decoding=\"async\" src=\"https:\/\/segurosinteligentes.com.br\/oldrh\/_old\/wp-content\/uploads\/logo-seguros-inteligentes-mobile.png\" alt=\"logo_footer_2\" width=\"70\" \/> [\/et_pb_text][\/et_pb_column][et_pb_column type=&#8221;1_2&#8243;][et_pb_text global_parent=&#8221;93&#8243; admin_label=&#8221;logo portal&#8221; background_layout=&#8221;light&#8221; text_orientation=&#8221;right&#8221; use_border_color=&#8221;off&#8221; border_color=&#8221;#ffffff&#8221; border_style=&#8221;solid&#8221; module_id=&#8221;logo_portal_itsseg_footer_2&#8243;] <img decoding=\"async\" class=\"alignright size-full wp-image-83\" src=\"https:\/\/segurosinteligentes.com.br\/oldrh\/_old\/wp-content\/uploads\/portalrh-footer.png\" alt=\"logo_portal_footer\" width=\"270\" \/> [\/et_pb_text][\/et_pb_column][\/et_pb_row][\/et_pb_section]<\/p>\n","protected":false},"excerpt":{"rendered":"<p>Agora, as doses adicionais ganham novas aliadas: as vacinas bivalentes.<\/p>\n","protected":false},"author":5,"featured_media":9771,"comment_status":"closed","ping_status":"closed","sticky":false,"template":"","format":"standard","meta":{"_et_pb_use_builder":"on","_et_pb_old_content":"","_et_gb_content_width":"","_links_to":"","_links_to_target":""},"categories":[287],"tags":[294],"_links":{"self":[{"href":"https:\/\/segurosinteligentes.com.br\/oldrh\/wp-json\/wp\/v2\/posts\/9762"}],"collection":[{"href":"https:\/\/segurosinteligentes.com.br\/oldrh\/wp-json\/wp\/v2\/posts"}],"about":[{"href":"https:\/\/segurosinteligentes.com.br\/oldrh\/wp-json\/wp\/v2\/types\/post"}],"author":[{"embeddable":true,"href":"https:\/\/segurosinteligentes.com.br\/oldrh\/wp-json\/wp\/v2\/users\/5"}],"replies":[{"embeddable":true,"href":"https:\/\/segurosinteligentes.com.br\/oldrh\/wp-json\/wp\/v2\/comments?post=9762"}],"version-history":[{"count":11,"href":"https:\/\/segurosinteligentes.com.br\/oldrh\/wp-json\/wp\/v2\/posts\/9762\/revisions"}],"predecessor-version":[{"id":9774,"href":"https:\/\/segurosinteligentes.com.br\/oldrh\/wp-json\/wp\/v2\/posts\/9762\/revisions\/9774"}],"wp:featuredmedia":[{"embeddable":true,"href":"https:\/\/segurosinteligentes.com.br\/oldrh\/wp-json\/wp\/v2\/media\/9771"}],"wp:attachment":[{"href":"https:\/\/segurosinteligentes.com.br\/oldrh\/wp-json\/wp\/v2\/media?parent=9762"}],"wp:term":[{"taxonomy":"category","embeddable":true,"href":"https:\/\/segurosinteligentes.com.br\/oldrh\/wp-json\/wp\/v2\/categories?post=9762"},{"taxonomy":"post_tag","embeddable":true,"href":"https:\/\/segurosinteligentes.com.br\/oldrh\/wp-json\/wp\/v2\/tags?post=9762"}],"curies":[{"name":"wp","href":"https:\/\/api.w.org\/{rel}","templated":true}]}}