{"id":9315,"date":"2022-06-13T10:04:29","date_gmt":"2022-06-13T13:04:29","guid":{"rendered":"https:\/\/segurosinteligentes.com.br\/oldrh\/_old\/?p=9315"},"modified":"2022-09-22T12:04:39","modified_gmt":"2022-09-22T15:04:39","slug":"variola-dos-macacos","status":"publish","type":"post","link":"https:\/\/segurosinteligentes.com.br\/oldrh\/variola-dos-macacos\/","title":{"rendered":"O que \u00e9 Var\u00edola dos Macacos: sintomas, transmiss\u00e3o e preven\u00e7\u00e3o"},"content":{"rendered":"<p>[et_pb_section admin_label=&#8221;section&#8221; transparent_background=&#8221;on&#8221; background_color=&#8221;#ffffff&#8221; allow_player_pause=&#8221;off&#8221; inner_shadow=&#8221;off&#8221; parallax=&#8221;off&#8221; parallax_method=&#8221;off&#8221; padding_mobile=&#8221;on&#8221; make_fullwidth=&#8221;off&#8221; use_custom_width=&#8221;off&#8221; width_unit=&#8221;on&#8221; make_equal=&#8221;off&#8221; use_custom_gutter=&#8221;off&#8221; custom_padding=&#8221;0px||50px|&#8221;][et_pb_row admin_label=&#8221;row&#8221; make_fullwidth=&#8221;off&#8221; use_custom_width=&#8221;on&#8221; width_unit=&#8221;off&#8221; use_custom_gutter=&#8221;off&#8221; padding_mobile=&#8221;on&#8221; allow_player_pause=&#8221;off&#8221; parallax=&#8221;off&#8221; parallax_method=&#8221;off&#8221; make_equal=&#8221;off&#8221; parallax_1=&#8221;off&#8221; parallax_method_1=&#8221;off&#8221; parallax_2=&#8221;off&#8221; parallax_method_2=&#8221;off&#8221; column_padding_mobile=&#8221;on&#8221; custom_padding=&#8221;50px|35px|50px|35px&#8221; background_color=&#8221;#ffffff&#8221;][et_pb_column type=&#8221;2_3&#8243;][et_pb_text admin_label=&#8221;tag e data&#8221; background_layout=&#8221;light&#8221; text_orientation=&#8221;left&#8221; text_font=&#8221;|on|||&#8221; text_font_size=&#8221;16&#8243; text_text_color=&#8221;#9ec31e&#8221; text_line_height=&#8221;1.5em&#8221; use_border_color=&#8221;off&#8221; border_color=&#8221;#ffffff&#8221; border_style=&#8221;solid&#8221; custom_margin=&#8221;||0px|&#8221;]<\/p>\n<p>SA\u00daDE | 13.JUNHO.2022<\/p>\n<p>[\/et_pb_text][et_pb_text admin_label=&#8221;t\u00edtulo&#8221; background_layout=&#8221;light&#8221; text_orientation=&#8221;left&#8221; text_font=&#8221;|on|||&#8221; text_font_size=&#8221;32&#8243; text_text_color=&#8221;#495358&#8243; text_line_height=&#8221;1em&#8221; use_border_color=&#8221;off&#8221; border_color=&#8221;#ffffff&#8221; border_style=&#8221;solid&#8221;]<\/p>\n<h1>O que \u00e9 Var\u00edola dos Macacos: sintomas, transmiss\u00e3o e preven\u00e7\u00e3o<\/h1>\n<p>[\/et_pb_text][et_pb_text admin_label=&#8221;conte\u00fado&#8221; background_layout=&#8221;light&#8221; text_orientation=&#8221;left&#8221; text_font=&#8221;Open Sans||||&#8221; text_text_color=&#8221;#748690&#8243; text_line_height=&#8221;1.5em&#8221; use_border_color=&#8221;off&#8221; border_color=&#8221;#ffffff&#8221; border_style=&#8221;solid&#8221;]<\/p>\n<p>No dia 9 de junho de 2022, o\u00a0Instituto Adolfo Lutz\u00a0confirmou o <a href=\"https:\/\/g1.globo.com\/sp\/sao-paulo\/noticia\/2022\/06\/09\/adolfo-lutz-confirma-primeiro-caso-de-variola-de-macaco-no-brasil.ghtml\" target=\"_blank\" rel=\"noopener\">primeiro caso de var\u00edola dos macacos no Brasil<\/a>. O diagn\u00f3stico ocorreu ap\u00f3s a an\u00e1lise do material gen\u00e9tico do paciente, um homem de 41 anos que reside da cidade de S\u00e3o Paulo e havia viajado para a Espanha, segundo pa\u00eds com o maior n\u00famero de casos da doen\u00e7a at\u00e9 esta data.<\/p>\n<p>Segundo <a href=\"https:\/\/www.gov.br\/saude\/pt-br\/canais-de-atendimento\/sala-de-imprensa\/notas-a-imprensa\/2022\/ministerio-da-saude-e-notificado-sobre-o-terceiro-caso-de-monkeypox-no-brasil#:~:text=Todas%20as%20medidas%20de%20conten%C3%A7%C3%A3o,Ag%C3%AAncia%20Nacional%20de%20Vigil%C3%A2ncia%20Sanit%C3%A1ria\" target=\"_blank\" rel=\"noopener\">nota do Minist\u00e9rio da Sa\u00fade<\/a>,\u00a0\u201ctodas as medidas de conten\u00e7\u00e3o e controle foram adotadas imediatamente ap\u00f3s a comunica\u00e7\u00e3o de que se tratava de um caso suspeito de <em>monkeypox<\/em>, com o isolamento do paciente e rastreamento dos seus contatos, tanto nacionalmente quanto do voo internacional, que contou com o apoio da Ag\u00eancia Nacional de Vigil\u00e2ncia Sanit\u00e1ria (Anvisa)\u201d.<\/p>\n<p>A seguir, a equipe m\u00e9dica da It\u2019sSeg responde as principais d\u00favidas sobre a doen\u00e7a. Confira!<\/p>\n<p>&nbsp;<\/p>\n<h2>1. O que \u00e9 var\u00edola dos macacos?<\/h2>\n<p><em>Monkeypox<\/em> \u00e9 uma zoonose, isto \u00e9, uma doen\u00e7a transmitida entre animais e seres humanos. Ela foi identificada pela primeira vez em macacos (da\u00ed o nome) em 1958. Mas ao longo do tempo, o v\u00edrus foi encontrado em outros mam\u00edferos, principalmente roedores. O primeiro caso em humanos foi registrado em 1970.<\/p>\n<p>Apesar do nome, o atual surto da doen\u00e7a n\u00e3o tem rela\u00e7\u00e3o com macacos.<\/p>\n<p>&nbsp;<\/p>\n<h3>2. Como a var\u00edola dos macacos \u00e9 transmitida?<\/h3>\n<p>Entre pessoas a transmiss\u00e3o ocorre, principalmente, <strong>por contato com as feridas na pele<\/strong>. Outros meios s\u00e3o:<\/p>\n<ul>\n<li>atrav\u00e9s da saliva ou de got\u00edculas respirat\u00f3rias geradas ao tossir\/espirrar;<\/li>\n<li>por contato com roupas\/objetos contaminados;<\/li>\n<li>mordida ou arranh\u00e3o de animal que possui o v\u00edrus.<\/li>\n<\/ul>\n<p>&nbsp;<\/p>\n<h4>3. A var\u00edola dos macacos \u00e9 uma infec\u00e7\u00e3o sexualmente transmiss\u00edvel (IST)?<\/h4>\n<p>A doen\u00e7a pode ser transmitida por rela\u00e7\u00e3o sexual devido ao contato com as feridas na pele por tempo prolongado. Mas <strong>n\u00e3o<\/strong> se trata de uma IST, pois o v\u00edrus n\u00e3o foi detectado em fluidos genitais.<\/p>\n<p>&nbsp;<\/p>\n<h2>4. Quais s\u00e3o os sintomas da monkeypox?<\/h2>\n<p>Os sintomas podem levar cerca de 6 a 21 dias para aparecer, sendo os mais comuns: <strong>febre, calafrios, dor de cabe\u00e7a, dores no corpo e cansa\u00e7o.<\/strong> Ap\u00f3s 1 a 3 dias dos sintomas iniciais, surgem <strong>les\u00f5es\/feridas na pele<\/strong>.<\/p>\n<p>&nbsp;<\/p>\n<h4>5. Tive contato com um caso suspeito ou confirmado da doen\u00e7a, o que devo fazer?<\/h4>\n<p>Fique atento a eventuais sintomas nos pr\u00f3ximos 21 dias.<\/p>\n<p>&nbsp;<\/p>\n<h4>6. Estou com sintomas, e agora?<\/h4>\n<p><strong>Marque uma consulta presencial ou por telemedicina<\/strong> para investigar os sintomas; use m\u00e1scara e evite contato com outras pessoas. Se o diagn\u00f3stico for confirmado, mantenha-se em isolamento at\u00e9 as les\u00f5es na pele cicatrizarem.<\/p>\n<p>&nbsp;<\/p>\n<h3>7. Existe tratamento ou vacina?<\/h3>\n<p>Em geral, os casos de monkeypox precisam apenas de cuidados e observa\u00e7\u00e3o. Em quadros graves, o tratamento pode incluir uso de medicamento antiviral. At\u00e9 o momento, a vacina\u00e7\u00e3o contra a var\u00edola dos macacos \u00e9 indicada apenas para pessoas com alto risco de exposi\u00e7\u00e3o ao v\u00edrus, como profissionais da sa\u00fade e equipes de laborat\u00f3rio, mas ainda n\u00e3o est\u00e1 dispon\u00edvel no Brasil.<\/p>\n<p>&nbsp;<\/p>\n<h4>8. Moro com uma pessoa infectada pelo v\u00edrus, como me cuidar?<\/h4>\n<ul>\n<li>N\u00e3o compartilhe itens como roupas, roupas de cama, toalhas, panos de prato, copos e talheres;<\/li>\n<li>Limpe diariamente superf\u00edcies e objetos de uso comum com \u00e1lcool 70%, \u00e1gua sanit\u00e1ria ou \u00e1gua e sab\u00e3o (mesas, ma\u00e7anetas e interruptores de luz, por exemplo);<\/li>\n<li>Lave as m\u00e3os com frequ\u00eancia;<\/li>\n<li>Use m\u00e1scara quando estiverem no mesmo ambiente.<\/li>\n<\/ul>\n<p>&nbsp;<\/p>\n<h4>9. Gestantes t\u00eam maior risco de adoecer?<\/h4>\n<p>H\u00e1 poucos casos de var\u00edola dos macacos em gestantes, mas <strong>\u00e9 importante monitorar a sa\u00fade do beb\u00ea<\/strong> se a doen\u00e7a for diagnosticada na gravidez. O v\u00edrus pode levar a malforma\u00e7\u00f5es fetais, al\u00e9m de aumentar o risco de parto prematuro e aborto.<\/p>\n<p>&nbsp;<\/p>\n<h4>10. Posso amamentar se estiver com a doen\u00e7a?<\/h4>\n<p>Sim, desde que as les\u00f5es na pele estejam cobertas. Tamb\u00e9m \u00e9 importante usar m\u00e1scara quando estiver pr\u00f3ximo da crian\u00e7a.<\/p>\n<p>&nbsp;<\/p>\n<h4>11. Animais de estima\u00e7\u00e3o podem adoecer?<\/h4>\n<p>J\u00e1 houve registro de pessoas que transmitiram o v\u00edrus da var\u00edola dos macacos para seus cachorros. Estudos mostram que coelhos e camundongos tamb\u00e9m podem adoecer (ainda n\u00e3o \u00e9 sabido se o mesmo ocorre com gatos). <strong>A qualquer sinal incomum, leve o animal ao veterin\u00e1rio<\/strong>; a doen\u00e7a tem cura.<\/p>\n<p>[\/et_pb_text][et_pb_text admin_label=&#8221;conte\u00fado&#8221; background_layout=&#8221;light&#8221; text_orientation=&#8221;left&#8221; text_font=&#8221;Open Sans||||&#8221; text_text_color=&#8221;#748690&#8243; text_line_height=&#8221;1.5em&#8221; use_border_color=&#8221;off&#8221; border_color=&#8221;#ffffff&#8221; border_style=&#8221;solid&#8221; text_font_size=&#8221;12&#8243;]<\/p>\n<p>https:\/\/segurosinteligentes.com.br\/oldrh\/_old\/monkeypox-planos-de-saude\/<\/p>\n<p>&nbsp;<\/p>\n<div class='et-box et-shadow'>\n\t\t\t\t\t<div class='et-box-content'>Quer ler mais artigos como esse? Cadastre-se para receber a nossa newsletter e fique por dentro das novidades no Portal RH.<\/div><\/div>\n<div id=\"newsletter-portalrh-50ee58c6144b127a4b39\" role=\"main\"><\/div>\n<p><script type=\"text\/javascript\" src=\"https:\/\/d335luupugsy2.cloudfront.net\/js\/rdstation-forms\/stable\/rdstation-forms.min.js\"><\/script><\/p>\n<p>[\/et_pb_text][\/et_pb_column][et_pb_column type=&#8221;1_3&#8243;][et_pb_sidebar admin_label=&#8221;Barra Lateral&#8221; global_module=&#8221;399&#8243; orientation=&#8221;left&#8221; area=&#8221;sidebar-1&#8243; background_layout=&#8221;light&#8221; remove_border=&#8221;on&#8221; body_line_height=&#8221;1.5em&#8221; custom_css_widget=&#8221;margin-bottom: 30px !important;&#8221; saved_tabs=&#8221;all&#8221;] [\/et_pb_sidebar][\/et_pb_column][\/et_pb_row][\/et_pb_section][et_pb_section admin_label=&#8221;Se\u00e7\u00e3o&#8221; global_module=&#8221;93&#8243; fullwidth=&#8221;off&#8221; specialty=&#8221;off&#8221; transparent_background=&#8221;off&#8221; background_color=&#8221;#f9f9f9&#8243; allow_player_pause=&#8221;off&#8221; inner_shadow=&#8221;off&#8221; parallax=&#8221;off&#8221; parallax_method=&#8221;off&#8221; padding_mobile=&#8221;on&#8221; make_fullwidth=&#8221;off&#8221; use_custom_width=&#8221;off&#8221; width_unit=&#8221;on&#8221; make_equal=&#8221;off&#8221; use_custom_gutter=&#8221;off&#8221; custom_padding=&#8221;20px||20px|&#8221;][et_pb_row global_parent=&#8221;93&#8243; admin_label=&#8221;Linha&#8221; make_fullwidth=&#8221;on&#8221; use_custom_width=&#8221;off&#8221; width_unit=&#8221;on&#8221; use_custom_gutter=&#8221;on&#8221; gutter_width=&#8221;2&#8243; padding_mobile=&#8221;off&#8221; allow_player_pause=&#8221;off&#8221; parallax=&#8221;off&#8221; parallax_method=&#8221;off&#8221; make_equal=&#8221;off&#8221; parallax_1=&#8221;off&#8221; parallax_method_1=&#8221;off&#8221; parallax_2=&#8221;off&#8221; parallax_method_2=&#8221;off&#8221; parallax_3=&#8221;off&#8221; parallax_method_3=&#8221;off&#8221; column_padding_mobile=&#8221;on&#8221; module_class=&#8221;footer&#8221; module_id_1=&#8221;coluna_1&#8243; module_id_2=&#8221;coluna_2&#8243; module_id_3=&#8221;coluna_3&#8243; module_id=&#8221;footer_1&#8243;][et_pb_column type=&#8221;1_4&#8243;][et_pb_text global_parent=&#8221;93&#8243; admin_label=&#8221;logo it&#8217;sseg&#8221; background_layout=&#8221;light&#8221; text_orientation=&#8221;left&#8221; use_border_color=&#8221;off&#8221; border_color=&#8221;#ffffff&#8221; border_style=&#8221;solid&#8221;] <img decoding=\"async\" class=\"alignleft size-full wp-image-82\" src=\"https:\/\/segurosinteligentes.com.br\/oldrh\/_old\/wp-content\/uploads\/logo-seguros-inteligentes.png\" width=\"270\" \/> [\/et_pb_text][\/et_pb_column][et_pb_column type=&#8221;1_2&#8243;][et_pb_text global_parent=&#8221;93&#8243; admin_label=&#8221;copyright&#8221; background_layout=&#8221;light&#8221; text_orientation=&#8221;right&#8221; text_line_height=&#8221;1.5em&#8221; use_border_color=&#8221;off&#8221; border_color=&#8221;#ffffff&#8221; border_style=&#8221;solid&#8221; custom_padding=&#8221;|||20%&#8221; text_font=&#8221;Abel||||&#8221;] PORTAL RH IT\u2019SSEG \u00e9 uma publica\u00e7\u00e3o da It\u2019sSeg Seguros Inteligentes. N\u00e3o \u00e9 permitida a reprodu\u00e7\u00e3o do conte\u00fado, mesmo que parcial, para uso comercial de qualquer natureza. Confira <a href=\"https:\/\/itssegcompany.com.br\/lgpd\/\" target=\"_blank\" rel=\"noopener\">aqui<\/a> nossa pol\u00edtica de privacidade. [\/et_pb_text][\/et_pb_column][et_pb_column type=&#8221;1_4&#8243;][et_pb_text global_parent=&#8221;93&#8243; admin_label=&#8221;logo portal&#8221; background_layout=&#8221;light&#8221; text_orientation=&#8221;right&#8221; use_border_color=&#8221;off&#8221; border_color=&#8221;#ffffff&#8221; border_style=&#8221;solid&#8221;] <img decoding=\"async\" class=\"alignright size-full wp-image-83\" src=\"https:\/\/segurosinteligentes.com.br\/oldrh\/_old\/wp-content\/uploads\/portalrh-footer.png\" alt=\"logo_portal_footer\" width=\"270\" \/> [\/et_pb_text][\/et_pb_column][\/et_pb_row][et_pb_row global_parent=&#8221;93&#8243; admin_label=&#8221;Linha&#8221; make_fullwidth=&#8221;on&#8221; use_custom_width=&#8221;off&#8221; width_unit=&#8221;on&#8221; use_custom_gutter=&#8221;on&#8221; gutter_width=&#8221;2&#8243; padding_mobile=&#8221;on&#8221; allow_player_pause=&#8221;off&#8221; parallax=&#8221;off&#8221; parallax_method=&#8221;off&#8221; make_equal=&#8221;off&#8221; parallax_1=&#8221;off&#8221; parallax_method_1=&#8221;off&#8221; parallax_2=&#8221;off&#8221; parallax_method_2=&#8221;off&#8221; parallax_3=&#8221;off&#8221; parallax_method_3=&#8221;off&#8221; column_padding_mobile=&#8221;on&#8221; module_id_2=&#8221;coluna_2&#8243; module_id_3=&#8221;coluna_3&#8243; module_id=&#8221;footer_2&#8243; custom_padding=&#8221;||0px|&#8221;][et_pb_column type=&#8221;4_4&#8243;][et_pb_text global_parent=&#8221;93&#8243; admin_label=&#8221;copyright&#8221; background_layout=&#8221;light&#8221; text_orientation=&#8221;center&#8221; text_line_height=&#8221;1.5em&#8221; use_border_color=&#8221;off&#8221; border_color=&#8221;#ffffff&#8221; border_style=&#8221;solid&#8221; text_font=&#8221;Abel||||&#8221;] PORTAL RH IT\u2019SSEG \u00e9 uma publica\u00e7\u00e3o da It\u2019sSeg Seguros Inteligentes. N\u00e3o \u00e9 permitida a reprodu\u00e7\u00e3o do conte\u00fado, mesmo que parcial, para uso comercial de qualquer natureza. Confira <a href=\"https:\/\/itssegcompany.com.br\/lgpd\/\" target=\"_blank\" rel=\"noopener\">aqui<\/a> nossa pol\u00edtica de privacidade. [\/et_pb_text][\/et_pb_column][\/et_pb_row][et_pb_row global_parent=&#8221;93&#8243; admin_label=&#8221;Linha&#8221; make_fullwidth=&#8221;on&#8221; use_custom_width=&#8221;off&#8221; width_unit=&#8221;on&#8221; use_custom_gutter=&#8221;on&#8221; gutter_width=&#8221;2&#8243; padding_mobile=&#8221;off&#8221; allow_player_pause=&#8221;off&#8221; parallax=&#8221;off&#8221; parallax_method=&#8221;off&#8221; make_equal=&#8221;off&#8221; parallax_1=&#8221;off&#8221; parallax_method_1=&#8221;off&#8221; parallax_2=&#8221;off&#8221; parallax_method_2=&#8221;off&#8221; parallax_3=&#8221;off&#8221; parallax_method_3=&#8221;off&#8221; column_padding_mobile=&#8221;on&#8221; module_id_3=&#8221;coluna_3&#8243; module_id=&#8221;footer_2_2&#8243; custom_padding=&#8221;0px|||&#8221;][et_pb_column type=&#8221;1_2&#8243;][et_pb_text global_parent=&#8221;93&#8243; admin_label=&#8221;logo it&#8217;sseg&#8221; background_layout=&#8221;light&#8221; text_orientation=&#8221;left&#8221; use_border_color=&#8221;off&#8221; border_color=&#8221;#ffffff&#8221; border_style=&#8221;solid&#8221; module_id=&#8221;logo_itsseg_footer_1&#8243;] <img decoding=\"async\" class=\"alignleft size-full wp-image-82\" src=\"https:\/\/segurosinteligentes.com.br\/oldrh\/_old\/wp-content\/uploads\/logo-seguros-inteligentes.png\" width=\"270\" \/> [\/et_pb_text][et_pb_text global_parent=&#8221;93&#8243; admin_label=&#8221;logo it&#8217;sseg&#8221; background_layout=&#8221;light&#8221; text_orientation=&#8221;center&#8221; use_border_color=&#8221;off&#8221; border_color=&#8221;#ffffff&#8221; border_style=&#8221;solid&#8221; module_id=&#8221;logo_itsseg_footer_2&#8243;] <img decoding=\"async\" src=\"https:\/\/segurosinteligentes.com.br\/oldrh\/_old\/wp-content\/uploads\/logo-seguros-inteligentes-mobile.png\" alt=\"logo_footer_2\" width=\"70\" \/> [\/et_pb_text][\/et_pb_column][et_pb_column type=&#8221;1_2&#8243;][et_pb_text global_parent=&#8221;93&#8243; admin_label=&#8221;logo portal&#8221; background_layout=&#8221;light&#8221; text_orientation=&#8221;right&#8221; use_border_color=&#8221;off&#8221; border_color=&#8221;#ffffff&#8221; border_style=&#8221;solid&#8221; module_id=&#8221;logo_portal_itsseg_footer_2&#8243;] <img decoding=\"async\" class=\"alignright size-full wp-image-83\" src=\"https:\/\/segurosinteligentes.com.br\/oldrh\/_old\/wp-content\/uploads\/portalrh-footer.png\" alt=\"logo_portal_footer\" width=\"270\" \/> [\/et_pb_text][\/et_pb_column][\/et_pb_row][\/et_pb_section]<\/p>\n","protected":false},"excerpt":{"rendered":"<p>Tudo o que voc\u00ea precisa saber sobre a doen\u00e7a at\u00e9 o momento.<\/p>\n","protected":false},"author":5,"featured_media":9319,"comment_status":"closed","ping_status":"closed","sticky":false,"template":"","format":"standard","meta":{"_et_pb_use_builder":"on","_et_pb_old_content":"","_et_gb_content_width":"","_links_to":"","_links_to_target":""},"categories":[14],"tags":[270],"_links":{"self":[{"href":"https:\/\/segurosinteligentes.com.br\/oldrh\/wp-json\/wp\/v2\/posts\/9315"}],"collection":[{"href":"https:\/\/segurosinteligentes.com.br\/oldrh\/wp-json\/wp\/v2\/posts"}],"about":[{"href":"https:\/\/segurosinteligentes.com.br\/oldrh\/wp-json\/wp\/v2\/types\/post"}],"author":[{"embeddable":true,"href":"https:\/\/segurosinteligentes.com.br\/oldrh\/wp-json\/wp\/v2\/users\/5"}],"replies":[{"embeddable":true,"href":"https:\/\/segurosinteligentes.com.br\/oldrh\/wp-json\/wp\/v2\/comments?post=9315"}],"version-history":[{"count":8,"href":"https:\/\/segurosinteligentes.com.br\/oldrh\/wp-json\/wp\/v2\/posts\/9315\/revisions"}],"predecessor-version":[{"id":9532,"href":"https:\/\/segurosinteligentes.com.br\/oldrh\/wp-json\/wp\/v2\/posts\/9315\/revisions\/9532"}],"wp:featuredmedia":[{"embeddable":true,"href":"https:\/\/segurosinteligentes.com.br\/oldrh\/wp-json\/wp\/v2\/media\/9319"}],"wp:attachment":[{"href":"https:\/\/segurosinteligentes.com.br\/oldrh\/wp-json\/wp\/v2\/media?parent=9315"}],"wp:term":[{"taxonomy":"category","embeddable":true,"href":"https:\/\/segurosinteligentes.com.br\/oldrh\/wp-json\/wp\/v2\/categories?post=9315"},{"taxonomy":"post_tag","embeddable":true,"href":"https:\/\/segurosinteligentes.com.br\/oldrh\/wp-json\/wp\/v2\/tags?post=9315"}],"curies":[{"name":"wp","href":"https:\/\/api.w.org\/{rel}","templated":true}]}}