{"id":9136,"date":"2022-03-22T17:22:17","date_gmt":"2022-03-22T20:22:17","guid":{"rendered":"https:\/\/segurosinteligentes.com.br\/oldrh\/_old\/?p=9136"},"modified":"2022-03-22T17:22:17","modified_gmt":"2022-03-22T20:22:17","slug":"fim-uso-obrigatorio-de-mascara","status":"publish","type":"post","link":"https:\/\/segurosinteligentes.com.br\/oldrh\/fim-uso-obrigatorio-de-mascara\/","title":{"rendered":"O fim do uso obrigat\u00f3rio de m\u00e1scara em locais fechados"},"content":{"rendered":"<p>[et_pb_section admin_label=&#8221;section&#8221; transparent_background=&#8221;on&#8221; background_color=&#8221;#ffffff&#8221; allow_player_pause=&#8221;off&#8221; inner_shadow=&#8221;off&#8221; parallax=&#8221;off&#8221; parallax_method=&#8221;off&#8221; padding_mobile=&#8221;on&#8221; make_fullwidth=&#8221;off&#8221; use_custom_width=&#8221;off&#8221; width_unit=&#8221;on&#8221; make_equal=&#8221;off&#8221; use_custom_gutter=&#8221;off&#8221; custom_padding=&#8221;0px||50px|&#8221;][et_pb_row admin_label=&#8221;row&#8221; make_fullwidth=&#8221;off&#8221; use_custom_width=&#8221;on&#8221; width_unit=&#8221;off&#8221; use_custom_gutter=&#8221;off&#8221; padding_mobile=&#8221;on&#8221; allow_player_pause=&#8221;off&#8221; parallax=&#8221;off&#8221; parallax_method=&#8221;off&#8221; make_equal=&#8221;off&#8221; parallax_1=&#8221;off&#8221; parallax_method_1=&#8221;off&#8221; parallax_2=&#8221;off&#8221; parallax_method_2=&#8221;off&#8221; column_padding_mobile=&#8221;on&#8221; custom_padding=&#8221;50px|35px|50px|35px&#8221; background_color=&#8221;#ffffff&#8221;][et_pb_column type=&#8221;2_3&#8243;][et_pb_text admin_label=&#8221;tag e data&#8221; background_layout=&#8221;light&#8221; text_orientation=&#8221;left&#8221; text_font=&#8221;|on|||&#8221; text_font_size=&#8221;16&#8243; text_text_color=&#8221;#9ec31e&#8221; text_line_height=&#8221;1.5em&#8221; use_border_color=&#8221;off&#8221; border_color=&#8221;#ffffff&#8221; border_style=&#8221;solid&#8221; custom_margin=&#8221;||0px|&#8221;]<\/p>\n<p>NOSSA OPINI\u00c3O | 22.MAR\u00c7O.2022<\/p>\n<h4><\/h4>\n<p>[\/et_pb_text][et_pb_text admin_label=&#8221;t\u00edtulo&#8221; background_layout=&#8221;light&#8221; text_orientation=&#8221;left&#8221; text_font=&#8221;|on|||&#8221; text_font_size=&#8221;32&#8243; text_text_color=&#8221;#495358&#8243; text_line_height=&#8221;1em&#8221; use_border_color=&#8221;off&#8221; border_color=&#8221;#ffffff&#8221; border_style=&#8221;solid&#8221;]<\/p>\n<h1>O fim do uso obrigat\u00f3rio de m\u00e1scara em locais fechados<\/h1>\n<p>[\/et_pb_text][et_pb_text admin_label=&#8221;conte\u00fado&#8221; background_layout=&#8221;light&#8221; text_orientation=&#8221;left&#8221; text_font=&#8221;Open Sans||||&#8221; text_text_color=&#8221;#748690&#8243; text_line_height=&#8221;1.5em&#8221; use_border_color=&#8221;off&#8221; border_color=&#8221;#ffffff&#8221; border_style=&#8221;solid&#8221; text_font_size=&#8221;15&#8243;]<\/p>\n<p>A obrigatoriedade do uso de m\u00e1scaras foi reduzida em diversos estados nas \u00faltimas semanas. Esta decis\u00e3o representa um marco de otimismo no controle da <a href=\"https:\/\/segurosinteligentes.com.br\/oldrh\/_old\/category\/coronavirus\/\" target=\"_blank\" rel=\"noopener\">pandemia causada pela Covid-19<\/a>, que completa dois anos em 2022.<\/p>\n<p>As m\u00e1scaras foram implementadas como medida de prote\u00e7\u00e3o, visando reduzir a propaga\u00e7\u00e3o de uma doen\u00e7a transmitida por via respirat\u00f3ria. Na aus\u00eancia de outros m\u00e9todos preventivos, como as vacinas, essa a\u00e7\u00e3o teve importante papel no controle do n\u00famero de casos, em conjunto com outras a\u00e7\u00f5es n\u00e3o medicamentosas (tais como distanciamento social, ambientes ventilados e higieniza\u00e7\u00e3o frequente das m\u00e3os).<\/p>\n<p>Atualmente, a <a href=\"https:\/\/segurosinteligentes.com.br\/oldrh\/_old\/comprovante-vacina-covid\/\" target=\"_blank\" rel=\"noopener\">campanha de vacina\u00e7\u00e3o contra a Covid<\/a> segue em v\u00e1rios pa\u00edses, incluindo o Brasil\u00a0\u2013 no qual todo cidad\u00e3o com mais de 5 anos tem indica\u00e7\u00e3o de receber o imunizante. O cumprimento do calend\u00e1rio vacinal tem ajudado a reduzir o n\u00famero de casos graves e \u00f3bitos relacionados \u00e0 doen\u00e7a. Com a melhora desses e de outros indicadores (percentual da popula\u00e7\u00e3o imunizada, taxa de ocupa\u00e7\u00e3o hospitalar, taxa de transmiss\u00e3o), o uso das m\u00e1scaras tem sido reavaliado.<\/p>\n<h4><\/h4>\n<h4 style=\"text-align: left;\">Esta discuss\u00e3o \u00e9 extremamente coerente: \u00e0 medida que h\u00e1 controle maior do problema, as a\u00e7\u00f5es que utilizamos para cont\u00ea-lo devem ser revistas.<\/h4>\n<h4><\/h4>\n<p>No entanto, a n\u00e3o obrigatoriedade de m\u00e1scaras neste momento n\u00e3o significa que a situa\u00e7\u00e3o de pandemia foi encerrada, ou que n\u00e3o h\u00e1 mais risco relacionado \u00e0 Covid-19.<\/p>\n<p>\u00c9 necess\u00e1rio manter a vigil\u00e2ncia sobre os indicadores e fortalecer a notifica\u00e7\u00e3o de casos, bem como continuar atento aos sinais e sintomas da doen\u00e7a. O aumento de novos casos tem sido relatado por alguns pa\u00edses, como a China, que recentemente <a href=\"https:\/\/g1.globo.com\/mundo\/noticia\/2022\/03\/15\/china-registra-5-mil-casos-de-covid-e-confina-quase-30-milhoes-de-pessoas.ghtml\" target=\"_blank\" rel=\"noopener\">retornou com as medidas de distanciamento e redu\u00e7\u00e3o de circula\u00e7\u00e3o<\/a>\u00a0\u2013 o que mostra a import\u00e2ncia de seguirmos em vig\u00edlia.<\/p>\n<h4><\/h4>\n<h4>Para alguns, a m\u00e1scara, apesar de n\u00e3o ser obrigat\u00f3ria, \u00e9 altamente recomend\u00e1vel.<\/h4>\n<h4><\/h4>\n<p>Falamos dos imunodeprimidos (como portadores do HIV, transplantados ou em tratamento oncol\u00f3gico), idosos e pessoas com vacina\u00e7\u00e3o incompleta. Esses apresentam risco maior de ter formas graves da doen\u00e7a, e o uso de m\u00e1scaras traz prote\u00e7\u00e3o adicional.<\/p>\n<p>Em ambientes em que h\u00e1 grandes aglomera\u00e7\u00f5es ou risco elevado de transmiss\u00e3o, entre eles o transporte p\u00fablico e servi\u00e7os de sa\u00fade, a m\u00e1scara continua mandat\u00f3ria em diversas regi\u00f5es do Brasil.<\/p>\n<p>Para muitos, o retorno \u00e0s atividades presenciais ainda \u00e9 visto com cautela. Algumas pessoas sentem estranheza ou receio de voltar a frequentar os ambientes como de costume. Se esse for o seu caso, mantenha o uso da m\u00e1scara para seu conforto e seguran\u00e7a. O retorno ao \u201cnovo normal\u201d leva tempo e pode ser feito de maneira gradual.<\/p>\n<p><strong>De modo geral, a principal mensagem que queremos deixar \u00e9: a pandemia n\u00e3o acabou. Medidas de prote\u00e7\u00e3o s\u00e3o capazes de reduzir a transmiss\u00e3o do v\u00edrus e salvar vidas.<\/strong><\/p>\n<p>[\/et_pb_text][et_pb_text admin_label=&#8221;box&#8221; background_layout=&#8221;light&#8221; text_orientation=&#8221;left&#8221; text_font=&#8221;Open Sans|on|||&#8221; text_text_color=&#8221;#7cda24&#8243; text_line_height=&#8221;1.5em&#8221; use_border_color=&#8221;off&#8221; border_color=&#8221;#ffffff&#8221; border_style=&#8221;solid&#8221; text_font_size=&#8221;15&#8243;] *Artigo escrito pela equipe m\u00e9dica da It\u2019sSeg [\/et_pb_text][et_pb_text admin_label=&#8221;box&#8221; background_layout=&#8221;light&#8221; text_orientation=&#8221;left&#8221; text_font=&#8221;Open Sans||||&#8221; text_text_color=&#8221;#748690&#8243; text_line_height=&#8221;1.5em&#8221; use_border_color=&#8221;off&#8221; border_color=&#8221;#ffffff&#8221; border_style=&#8221;solid&#8221;]<\/p>\n<div class='et-box et-shadow'>\n\t\t\t\t\t<div class='et-box-content'>Continue por dentro das not\u00edcias sobre a pandemia, cadastre-se abaixo para receber a nossa newsletter semanal.<\/div><\/div>\n<div id=\"newsletter-portalrh-50ee58c6144b127a4b39\" role=\"main\"><\/div>\n<p><script type=\"text\/javascript\" src=\"https:\/\/d335luupugsy2.cloudfront.net\/js\/rdstation-forms\/stable\/rdstation-forms.min.js\"><\/script><\/p>\n<p>https:\/\/segurosinteligentes.com.br\/oldrh\/_old\/autoteste-de-covid-19\/<\/p>\n<p>[\/et_pb_text][\/et_pb_column][et_pb_column type=&#8221;1_3&#8243;][et_pb_sidebar admin_label=&#8221;Barra Lateral&#8221; global_module=&#8221;399&#8243; orientation=&#8221;left&#8221; area=&#8221;sidebar-1&#8243; background_layout=&#8221;light&#8221; remove_border=&#8221;on&#8221; body_line_height=&#8221;1.5em&#8221; custom_css_widget=&#8221;margin-bottom: 30px !important;&#8221; saved_tabs=&#8221;all&#8221;] [\/et_pb_sidebar][\/et_pb_column][\/et_pb_row][\/et_pb_section][et_pb_section admin_label=&#8221;Se\u00e7\u00e3o&#8221; global_module=&#8221;93&#8243; fullwidth=&#8221;off&#8221; specialty=&#8221;off&#8221; transparent_background=&#8221;off&#8221; background_color=&#8221;#f9f9f9&#8243; allow_player_pause=&#8221;off&#8221; inner_shadow=&#8221;off&#8221; parallax=&#8221;off&#8221; parallax_method=&#8221;off&#8221; padding_mobile=&#8221;on&#8221; make_fullwidth=&#8221;off&#8221; use_custom_width=&#8221;off&#8221; width_unit=&#8221;on&#8221; make_equal=&#8221;off&#8221; use_custom_gutter=&#8221;off&#8221; custom_padding=&#8221;20px||20px|&#8221;][et_pb_row global_parent=&#8221;93&#8243; admin_label=&#8221;Linha&#8221; make_fullwidth=&#8221;on&#8221; use_custom_width=&#8221;off&#8221; width_unit=&#8221;on&#8221; use_custom_gutter=&#8221;on&#8221; gutter_width=&#8221;2&#8243; padding_mobile=&#8221;off&#8221; allow_player_pause=&#8221;off&#8221; parallax=&#8221;off&#8221; parallax_method=&#8221;off&#8221; make_equal=&#8221;off&#8221; parallax_1=&#8221;off&#8221; parallax_method_1=&#8221;off&#8221; parallax_2=&#8221;off&#8221; parallax_method_2=&#8221;off&#8221; parallax_3=&#8221;off&#8221; parallax_method_3=&#8221;off&#8221; column_padding_mobile=&#8221;on&#8221; module_class=&#8221;footer&#8221; module_id_1=&#8221;coluna_1&#8243; module_id_2=&#8221;coluna_2&#8243; module_id_3=&#8221;coluna_3&#8243; module_id=&#8221;footer_1&#8243;][et_pb_column type=&#8221;1_4&#8243;][et_pb_text global_parent=&#8221;93&#8243; admin_label=&#8221;logo it&#8217;sseg&#8221; background_layout=&#8221;light&#8221; text_orientation=&#8221;left&#8221; use_border_color=&#8221;off&#8221; border_color=&#8221;#ffffff&#8221; border_style=&#8221;solid&#8221;] <img decoding=\"async\" class=\"alignleft size-full wp-image-82\" src=\"https:\/\/segurosinteligentes.com.br\/oldrh\/_old\/wp-content\/uploads\/logo-seguros-inteligentes.png\" width=\"270\" \/> [\/et_pb_text][\/et_pb_column][et_pb_column type=&#8221;1_2&#8243;][et_pb_text global_parent=&#8221;93&#8243; admin_label=&#8221;copyright&#8221; background_layout=&#8221;light&#8221; text_orientation=&#8221;right&#8221; text_line_height=&#8221;1.5em&#8221; use_border_color=&#8221;off&#8221; border_color=&#8221;#ffffff&#8221; border_style=&#8221;solid&#8221; custom_padding=&#8221;|||20%&#8221; text_font=&#8221;Abel||||&#8221;] PORTAL RH IT\u2019SSEG \u00e9 uma publica\u00e7\u00e3o da It\u2019sSeg Seguros Inteligentes. N\u00e3o \u00e9 permitida a reprodu\u00e7\u00e3o do conte\u00fado, mesmo que parcial, para uso comercial de qualquer natureza. Confira <a href=\"https:\/\/itssegcompany.com.br\/lgpd\/\" target=\"_blank\" rel=\"noopener\">aqui<\/a> nossa pol\u00edtica de privacidade. [\/et_pb_text][\/et_pb_column][et_pb_column type=&#8221;1_4&#8243;][et_pb_text global_parent=&#8221;93&#8243; admin_label=&#8221;logo portal&#8221; background_layout=&#8221;light&#8221; text_orientation=&#8221;right&#8221; use_border_color=&#8221;off&#8221; border_color=&#8221;#ffffff&#8221; border_style=&#8221;solid&#8221;] <img decoding=\"async\" class=\"alignright size-full wp-image-83\" src=\"https:\/\/segurosinteligentes.com.br\/oldrh\/_old\/wp-content\/uploads\/portalrh-footer.png\" alt=\"logo_portal_footer\" width=\"270\" \/> [\/et_pb_text][\/et_pb_column][\/et_pb_row][et_pb_row global_parent=&#8221;93&#8243; admin_label=&#8221;Linha&#8221; make_fullwidth=&#8221;on&#8221; use_custom_width=&#8221;off&#8221; width_unit=&#8221;on&#8221; use_custom_gutter=&#8221;on&#8221; gutter_width=&#8221;2&#8243; padding_mobile=&#8221;on&#8221; allow_player_pause=&#8221;off&#8221; parallax=&#8221;off&#8221; parallax_method=&#8221;off&#8221; make_equal=&#8221;off&#8221; parallax_1=&#8221;off&#8221; parallax_method_1=&#8221;off&#8221; parallax_2=&#8221;off&#8221; parallax_method_2=&#8221;off&#8221; parallax_3=&#8221;off&#8221; parallax_method_3=&#8221;off&#8221; column_padding_mobile=&#8221;on&#8221; module_id_2=&#8221;coluna_2&#8243; module_id_3=&#8221;coluna_3&#8243; module_id=&#8221;footer_2&#8243; custom_padding=&#8221;||0px|&#8221;][et_pb_column type=&#8221;4_4&#8243;][et_pb_text global_parent=&#8221;93&#8243; admin_label=&#8221;copyright&#8221; background_layout=&#8221;light&#8221; text_orientation=&#8221;center&#8221; text_line_height=&#8221;1.5em&#8221; use_border_color=&#8221;off&#8221; border_color=&#8221;#ffffff&#8221; border_style=&#8221;solid&#8221; text_font=&#8221;Abel||||&#8221;] PORTAL RH IT\u2019SSEG \u00e9 uma publica\u00e7\u00e3o da It\u2019sSeg Seguros Inteligentes. N\u00e3o \u00e9 permitida a reprodu\u00e7\u00e3o do conte\u00fado, mesmo que parcial, para uso comercial de qualquer natureza. Confira <a href=\"https:\/\/itssegcompany.com.br\/lgpd\/\" target=\"_blank\" rel=\"noopener\">aqui<\/a> nossa pol\u00edtica de privacidade. [\/et_pb_text][\/et_pb_column][\/et_pb_row][et_pb_row global_parent=&#8221;93&#8243; admin_label=&#8221;Linha&#8221; make_fullwidth=&#8221;on&#8221; use_custom_width=&#8221;off&#8221; width_unit=&#8221;on&#8221; use_custom_gutter=&#8221;on&#8221; gutter_width=&#8221;2&#8243; padding_mobile=&#8221;off&#8221; allow_player_pause=&#8221;off&#8221; parallax=&#8221;off&#8221; parallax_method=&#8221;off&#8221; make_equal=&#8221;off&#8221; parallax_1=&#8221;off&#8221; parallax_method_1=&#8221;off&#8221; parallax_2=&#8221;off&#8221; parallax_method_2=&#8221;off&#8221; parallax_3=&#8221;off&#8221; parallax_method_3=&#8221;off&#8221; column_padding_mobile=&#8221;on&#8221; module_id_3=&#8221;coluna_3&#8243; module_id=&#8221;footer_2_2&#8243; custom_padding=&#8221;0px|||&#8221;][et_pb_column type=&#8221;1_2&#8243;][et_pb_text global_parent=&#8221;93&#8243; admin_label=&#8221;logo it&#8217;sseg&#8221; background_layout=&#8221;light&#8221; text_orientation=&#8221;left&#8221; use_border_color=&#8221;off&#8221; border_color=&#8221;#ffffff&#8221; border_style=&#8221;solid&#8221; module_id=&#8221;logo_itsseg_footer_1&#8243;] <img decoding=\"async\" class=\"alignleft size-full wp-image-82\" src=\"https:\/\/segurosinteligentes.com.br\/oldrh\/_old\/wp-content\/uploads\/logo-seguros-inteligentes.png\" width=\"270\" \/> [\/et_pb_text][et_pb_text global_parent=&#8221;93&#8243; admin_label=&#8221;logo it&#8217;sseg&#8221; background_layout=&#8221;light&#8221; text_orientation=&#8221;center&#8221; use_border_color=&#8221;off&#8221; border_color=&#8221;#ffffff&#8221; border_style=&#8221;solid&#8221; module_id=&#8221;logo_itsseg_footer_2&#8243;] <img decoding=\"async\" src=\"https:\/\/segurosinteligentes.com.br\/oldrh\/_old\/wp-content\/uploads\/logo-seguros-inteligentes-mobile.png\" alt=\"logo_footer_2\" width=\"70\" \/> [\/et_pb_text][\/et_pb_column][et_pb_column type=&#8221;1_2&#8243;][et_pb_text global_parent=&#8221;93&#8243; admin_label=&#8221;logo portal&#8221; background_layout=&#8221;light&#8221; text_orientation=&#8221;right&#8221; use_border_color=&#8221;off&#8221; border_color=&#8221;#ffffff&#8221; border_style=&#8221;solid&#8221; module_id=&#8221;logo_portal_itsseg_footer_2&#8243;] <img decoding=\"async\" class=\"alignright size-full wp-image-83\" src=\"https:\/\/segurosinteligentes.com.br\/oldrh\/_old\/wp-content\/uploads\/portalrh-footer.png\" alt=\"logo_portal_footer\" width=\"270\" \/> [\/et_pb_text][\/et_pb_column][\/et_pb_row][\/et_pb_section]<\/p>\n","protected":false},"excerpt":{"rendered":"<p>Equipe m\u00e9dica da It&#8217;sSeg fala sobre a medida que foi aprovada em diversas regi\u00f5es do pa\u00eds.<\/p>\n","protected":false},"author":5,"featured_media":9150,"comment_status":"closed","ping_status":"closed","sticky":false,"template":"","format":"standard","meta":{"_et_pb_use_builder":"on","_et_pb_old_content":"","_et_gb_content_width":"","_links_to":"","_links_to_target":""},"categories":[287],"tags":[361],"_links":{"self":[{"href":"https:\/\/segurosinteligentes.com.br\/oldrh\/wp-json\/wp\/v2\/posts\/9136"}],"collection":[{"href":"https:\/\/segurosinteligentes.com.br\/oldrh\/wp-json\/wp\/v2\/posts"}],"about":[{"href":"https:\/\/segurosinteligentes.com.br\/oldrh\/wp-json\/wp\/v2\/types\/post"}],"author":[{"embeddable":true,"href":"https:\/\/segurosinteligentes.com.br\/oldrh\/wp-json\/wp\/v2\/users\/5"}],"replies":[{"embeddable":true,"href":"https:\/\/segurosinteligentes.com.br\/oldrh\/wp-json\/wp\/v2\/comments?post=9136"}],"version-history":[{"count":15,"href":"https:\/\/segurosinteligentes.com.br\/oldrh\/wp-json\/wp\/v2\/posts\/9136\/revisions"}],"predecessor-version":[{"id":10051,"href":"https:\/\/segurosinteligentes.com.br\/oldrh\/wp-json\/wp\/v2\/posts\/9136\/revisions\/10051"}],"wp:featuredmedia":[{"embeddable":true,"href":"https:\/\/segurosinteligentes.com.br\/oldrh\/wp-json\/wp\/v2\/media\/9150"}],"wp:attachment":[{"href":"https:\/\/segurosinteligentes.com.br\/oldrh\/wp-json\/wp\/v2\/media?parent=9136"}],"wp:term":[{"taxonomy":"category","embeddable":true,"href":"https:\/\/segurosinteligentes.com.br\/oldrh\/wp-json\/wp\/v2\/categories?post=9136"},{"taxonomy":"post_tag","embeddable":true,"href":"https:\/\/segurosinteligentes.com.br\/oldrh\/wp-json\/wp\/v2\/tags?post=9136"}],"curies":[{"name":"wp","href":"https:\/\/api.w.org\/{rel}","templated":true}]}}