{"id":8922,"date":"2022-01-03T16:35:14","date_gmt":"2022-01-03T18:35:14","guid":{"rendered":"https:\/\/segurosinteligentes.com.br\/oldrh\/_old\/?p=8922"},"modified":"2022-01-03T16:35:14","modified_gmt":"2022-01-03T18:35:14","slug":"boletim-saude-01","status":"publish","type":"post","link":"https:\/\/segurosinteligentes.com.br\/oldrh\/boletim-saude-01\/","title":{"rendered":"Confira as \u00faltimas informa\u00e7\u00f5es sobre Covid-19 e H3N2"},"content":{"rendered":"<p>[et_pb_section admin_label=&#8221;section&#8221; transparent_background=&#8221;on&#8221; background_color=&#8221;#ffffff&#8221; allow_player_pause=&#8221;off&#8221; inner_shadow=&#8221;off&#8221; parallax=&#8221;off&#8221; parallax_method=&#8221;off&#8221; padding_mobile=&#8221;on&#8221; make_fullwidth=&#8221;off&#8221; use_custom_width=&#8221;off&#8221; width_unit=&#8221;on&#8221; make_equal=&#8221;off&#8221; use_custom_gutter=&#8221;off&#8221; custom_padding=&#8221;0px||50px|&#8221;][et_pb_row admin_label=&#8221;row&#8221; make_fullwidth=&#8221;off&#8221; use_custom_width=&#8221;on&#8221; width_unit=&#8221;off&#8221; use_custom_gutter=&#8221;off&#8221; padding_mobile=&#8221;on&#8221; allow_player_pause=&#8221;off&#8221; parallax=&#8221;off&#8221; parallax_method=&#8221;off&#8221; make_equal=&#8221;off&#8221; parallax_1=&#8221;off&#8221; parallax_method_1=&#8221;off&#8221; parallax_2=&#8221;off&#8221; parallax_method_2=&#8221;off&#8221; column_padding_mobile=&#8221;on&#8221; custom_padding=&#8221;50px|35px|50px|35px&#8221; background_color=&#8221;#ffffff&#8221;][et_pb_column type=&#8221;2_3&#8243;][et_pb_text admin_label=&#8221;tag e data&#8221; background_layout=&#8221;light&#8221; text_orientation=&#8221;left&#8221; text_font=&#8221;|on|||&#8221; text_font_size=&#8221;16&#8243; text_text_color=&#8221;#9ec31e&#8221; text_line_height=&#8221;1.5em&#8221; use_border_color=&#8221;off&#8221; border_color=&#8221;#ffffff&#8221; border_style=&#8221;solid&#8221; custom_margin=&#8221;||0px|&#8221;]<\/p>\n<p>BOLETIM DA SA\u00daDE | 03.JANEIRO.2022<\/p>\n<h4><\/h4>\n<p>[\/et_pb_text][et_pb_text admin_label=&#8221;t\u00edtulo&#8221; background_layout=&#8221;light&#8221; text_orientation=&#8221;left&#8221; text_font=&#8221;|on|||&#8221; text_font_size=&#8221;36&#8243; text_text_color=&#8221;#495358&#8243; text_line_height=&#8221;1em&#8221; use_border_color=&#8221;off&#8221; border_color=&#8221;#ffffff&#8221; border_style=&#8221;solid&#8221;]<\/p>\n<h1>Confira as \u00faltimas informa\u00e7\u00f5es sobre Covid-19 e H3N2<\/h1>\n<p>[\/et_pb_text][et_pb_text admin_label=&#8221;conte\u00fado&#8221; background_layout=&#8221;light&#8221; text_orientation=&#8221;left&#8221; text_font=&#8221;Open Sans||||&#8221; text_text_color=&#8221;#748690&#8243; text_line_height=&#8221;1.5em&#8221; use_border_color=&#8221;off&#8221; border_color=&#8221;#ffffff&#8221; border_style=&#8221;solid&#8221;]<\/p>\n<p>A m\u00e9dica infectologista Naiane Ribeiro Lomes re\u00fane, neste artigo, as principais atualiza\u00e7\u00f5es a respeito da <a href=\"https:\/\/segurosinteligentes.com.br\/oldrh\/_old\/category\/coronavirus\/\" target=\"_blank\" rel=\"noopener\">pandemia de covid-19<\/a> e os casos de Influenza no Brasil. Acompanhe:<\/p>\n<p>&nbsp;<\/p>\n<h2>1. Dados atuais da pandemia<\/h2>\n<p>O Brasil segue com dificuldade de notifica\u00e7\u00e3o do n\u00famero de casos de covid-19, o que pode ter subestimado o impacto da pandemia nas \u00faltimas semanas. Entre 26\/12\/21 e 01\/01\/22 foram registrados 56.881 novos casos da doen\u00e7a \u2013 quase o dobro da semana anterior.<\/p>\n<p><strong>A maior circula\u00e7\u00e3o de pessoas, associado ao per\u00edodo de f\u00e9rias escolares e festas de final de ano, pode causar aumento do n\u00famero de infectados pelo coronav\u00edrus nas pr\u00f3ximas semanas, o que demanda cautela.<\/strong> Por essa raz\u00e3o, algumas empresas adiaram o retorno ao trabalho presencial ap\u00f3s o recesso, por temer o crescimento da taxa de adoecimento.<\/p>\n<p>Sendo assim, o uso de m\u00e1scara deve ser refor\u00e7ado (principalmente nas atividades que s\u00e3o realizadas em ambientes fechados).<\/p>\n<p>Refer\u00eancias: <a href=\"https:\/\/www.conass.org.br\/painelconasscovid19\/\" target=\"_blank\" rel=\"noopener\">Conass<\/a>\u00a0e\u00a0<a href=\"https:\/\/valor.globo.com\/mundo\/noticia\/2021\/12\/17\/empresas-americanas-adiam-volta-ao-escritorio-e-eventos-presenciais.ghtml\" target=\"_blank\" rel=\"noopener\">Valor<\/a><\/p>\n<p>&nbsp;<\/p>\n<h2>2. Vacina\u00e7\u00e3o em crian\u00e7as<\/h2>\n<p>Diversas organiza\u00e7\u00f5es t\u00e9cnicas, como a C\u00e2mara T\u00e9cnica de Assessoramento em Imuniza\u00e7\u00e3o da Covid-19 (CTAI-COVID), a Sociedade Brasileira de Imuniza\u00e7\u00f5es (SBIm), Sociedade Brasileira de Infectologia (SBI) e Sociedade Brasileira de Pediatria (SBP), <strong>se posicionaram de maneira favor\u00e1vel \u00e0 imuniza\u00e7\u00e3o de crian\u00e7as entre 5 e 11 anos contra a covid-19.<\/strong> \u00c9 esperado que, em janeiro, o Minist\u00e9rio da Sa\u00fade inicie o planejamento para vacina\u00e7\u00e3o dessa popula\u00e7\u00e3o.<\/p>\n<p>Em 2020, cerca de 2,9 mil casos da S\u00edndrome Respirat\u00f3ria Aguda Grave (SRAG) ocorreram em crian\u00e7as de 5 a 11 anos, causando 156 mortes. Em 2021, foram registrados 3.185 novos casos da doen\u00e7a na mesma faixa et\u00e1ria, com 145 mortes.<\/p>\n<p>O receio do aumento do n\u00famero de casos de SRAG devido ao retorno das aulas presenciais, bem como a dissemina\u00e7\u00e3o da variante \u00f4micron do coronav\u00edrus, traz \u00e0 tona a relev\u00e2ncia de incluir medidas dispon\u00edveis de preven\u00e7\u00e3o \u00e0s crian\u00e7as, o que inclui vacina\u00e7\u00e3o.<\/p>\n<p>Refer\u00eancias:\u00a0<a href=\"https:\/\/sbim.org.br\/images\/files\/notas-tecnicas\/nota-ctai-criancas-vacinacao-201218.pdf\" target=\"_blank\" rel=\"noopener\">SBIm<\/a>,\u00a0<a href=\"https:\/\/sbim.org.br\/images\/files\/notas-tecnicas\/211215-carta-divulgacao-sbim-sbi-sbp-anvisa.pdf\" target=\"_blank\" rel=\"noopener\">SBIm<\/a>,\u00a0<a href=\"https:\/\/www.cdc.gov\/mmwr\/volumes\/70\/wr\/pdfs\/mm705152a1-H.pdf\" target=\"_blank\" rel=\"noopener\">CDC<\/a><\/p>\n<p>&nbsp;<\/p>\n<h2>3. Vacina\u00e7\u00e3o no Brasil<\/h2>\n<p>At\u00e9 a publica\u00e7\u00e3o deste artigo, foram administradas 328,5 milh\u00f5es de doses das vacinas contra a covid-19 no pa\u00eds, sendo que 67% da popula\u00e7\u00e3o est\u00e1 com esquema vacinal completo.<\/p>\n<p>Por\u00e9m, existe preocupa\u00e7\u00e3o quanto a distribui\u00e7\u00e3o heterog\u00eanea entre unidades federativas: apenas 16% dos munic\u00edpios brasileiros apresentam 80% da popula\u00e7\u00e3o com esquema vacinal completo. Localidades com maior dificuldade de acesso a recursos essenciais (como regi\u00f5es de fronteira e localidades no Nordeste) apresentam desafios para a vacina\u00e7\u00e3o, o que gera risco \u00e0 popula\u00e7\u00e3o com eventual aumento de casos graves e surgimento de variantes.<\/p>\n<p>Em 2022, os imunizantes priorizados para utiliza\u00e7\u00e3o s\u00e3o os produzidos pela Pfizer\/BioNTech e Fiocruz\/AstraZeneca, por j\u00e1 apresentarem registro definitivo no pa\u00eds. Os imunizantes Coronavac e Janssen, que correspondem a quase 30% das doses administradas, podem ser reconsideradas caso obtenham registro definitivo pela Anvisa.<\/p>\n<p>Refer\u00eancias:\u00a0<a href=\"https:\/\/infoms.saude.gov.br\/extensions\/DEMAS_C19_Vacina_v2\/DEMAS_C19_Vacina_v2.html\" target=\"_blank\" rel=\"noopener\">Minist\u00e9rio da Sa\u00fade<\/a>,\u00a0<a href=\"https:\/\/ourworldindata.org\/covid-vaccinations\" target=\"_blank\" rel=\"noopener\">Our World in Data<\/a>,\u00a0<a href=\"https:\/\/portal.fiocruz.br\/sites\/portal.fiocruz.br\/files\/documentos\/boletim_covid_2021-retrospectiva.pdf\" target=\"_blank\" rel=\"noopener\">Fiocruz<\/a>,\u00a0<a href=\"https:\/\/www.gov.br\/anvisa\/pt-br\/assuntos\/paf\/coronavirus\/vacinas\" target=\"_blank\" rel=\"noopener\">Anvisa<\/a>,\u00a0<a href=\"https:\/\/agenciabrasil.ebc.com.br\/saude\/noticia\/2021-10\/covid-19-354-milhoes-de-doses-de-vacinas-estao-garantidas-para\" target=\"_blank\" rel=\"noopener\">Ag\u00eancia Brasil<\/a><\/p>\n<p>&nbsp;<\/p>\n<h2>4. Variante \u00d4micron<\/h2>\n<p>A \u00d4micron j\u00e1 foi identificada nos estados de S\u00e3o Paulo, Rio Grande do Sul, Goi\u00e1s, Santa Catarina e Minas Gerais, al\u00e9m do Distrito Federal. A Organiza\u00e7\u00e3o Mundial de Sa\u00fade (OMS) mant\u00e9m alerta sobre essa variante, que apresenta maior transmissibilidade em compara\u00e7\u00e3o com a sua antecessora, a Delta.<\/p>\n<p>Entretanto, dados do Reino Unido, \u00c1frica do Sul e Dinamarca sugerem menor risco de hospitaliza\u00e7\u00e3o ou morte pela \u00d4micron quando comparada com a variante Delta.<\/p>\n<p>Refer\u00eancias:\u00a0<a href=\"https:\/\/butantan.gov.br\/noticias\/presenca-da-omicron-aumenta-12-vezes-em-uma-semana-no-estado-de-sao-paulo-segundo-rede-de-alerta-das-variantes\" target=\"_blank\" rel=\"noopener\">Instituto Butantan<\/a>, <a href=\"https:\/\/www.gov.br\/saude\/pt-br\/centrais-de-conteudo\/publicacoes\/boletins\/boletins-epidemiologicos-covid-19\/2021\/boletim_epidemiologico_covid_93.pdf\/view\" target=\"_blank\" rel=\"noopener\">Minist\u00e9rio da Sa\u00fade<\/a>,\u00a0<a href=\"https:\/\/www.who.int\/publications\/m\/item\/weekly-epidemiological-update-on-covid-19---28-december-2021\" target=\"_blank\" rel=\"noopener\">OMS<\/a>,\u00a0<a href=\"https:\/\/jamanetwork.com\/journals\/jama\/fullarticle\/2787776\" target=\"_blank\" rel=\"noopener\">JAMA Network<\/a>,\u00a0<a href=\"https:\/\/www.imperial.ac.uk\/news\/232698\/omicron-largely-evades-immunity-from-past\/\" target=\"_blank\" rel=\"noopener\">Imperial College<\/a><\/p>\n<p>&nbsp;<\/p>\n<h2>5. Per\u00edodo de isolamento<\/h2>\n<p><strong>O Centro de Controle e Preven\u00e7\u00e3o de Doen\u00e7as (CDC &#8211; EUA) reduziu o per\u00edodo de isolamento de indiv\u00edduos com infec\u00e7\u00e3o pelo SARS-CoV-2 para 5 dias (desde que n\u00e3o haja febre por pelo menos 24 horas e com a melhora dos sintomas).<\/strong><\/p>\n<p>A institui\u00e7\u00e3o recomenda, ainda, o uso consistente de m\u00e1scara durante os 5 dias subsequentes quando a pessoa infectada estiver em contato com outras pessoas, a fim de minimizar o risco de transmiss\u00e3o do v\u00edrus. A nova orienta\u00e7\u00e3o deriva do fato que o maior risco de transmiss\u00e3o da covid-19 ocorre nos primeiros dois a tr\u00eas dias da doen\u00e7a.<\/p>\n<p>No Brasil, at\u00e9 o momento, n\u00e3o houve atualiza\u00e7\u00e3o da nota t\u00e9cnica do Minist\u00e9rio da Sa\u00fade e o per\u00edodo recomendado de isolamento continua de 10 dias.<\/p>\n<p>Refer\u00eancias:\u00a0<a href=\"https:\/\/www.cdc.gov\/media\/releases\/2021\/s1227-isolation-quarantine-guidance.html\" target=\"_blank\" rel=\"noopener\">CDC<\/a>,\u00a0<a href=\"https:\/\/www.conasems.org.br\/wp-content\/uploads\/2021\/03\/Guia-de-vigila%CC%82ncia-epidemiolo%CC%81gica-da-covid_19_15.03_2021.pdf\" target=\"_blank\" rel=\"noopener\">Minist\u00e9rio da Sa\u00fade<\/a><\/p>\n<p>&nbsp;<\/p>\n<h2>6. Epidemia de gripe<\/h2>\n<p>Atualmente, o Influenza A \u00e9 o v\u00edrus mais prevalente entre os casos de gripe no estado do Rio de Janeiro. A ocorr\u00eancia da s\u00edndrome gripal fora do per\u00edodo habitual (que geralmente acontece nos meses de outono e inverno) pode ser em decorr\u00eancia das medidas preventivas contra a covid-19, que diminu\u00edram nas \u00faltimas semanas.<\/p>\n<p>Fazem parte do grupo de risco da Influenza: gestantes e pu\u00e9rperas, pessoas com mais de 60 anos, crian\u00e7as com menos de 5 anos, popula\u00e7\u00e3o ind\u00edgena, menores de 19 anos em uso prolongado de aspirina (\u00e1cido acetil salic\u00edlico), pessoas com comorbidade, como: doen\u00e7a pulmonar, doen\u00e7a cardiovascular, doen\u00e7a renal, doen\u00e7a hep\u00e1tica, diabetes, doen\u00e7as neurol\u00f3gicas que comprometam a respira\u00e7\u00e3o, imunossupress\u00e3o ou obesidade.<\/p>\n<p>Nesses indiv\u00edduos, o tratamento com antiviral (o mais utilizado \u00e9 o oseltamivir) pode reduzir a taxa de complica\u00e7\u00f5es. Pode ser indicada, ainda, quimioprofilaxia para quem pertence ao grupo de risco, se iniciada at\u00e9 48 horas ap\u00f3s o contato com caso suspeito ou confirmado para Influenza.<\/p>\n<p>Para os indiv\u00edduos com quadro suspeito ou confirmado, recomenda-se isolamento durante 7 dias. Vale lembrar que os sintomas s\u00e3o semelhantes aos causados pelo coronav\u00edrus, o que requer teste laboratorial para confirma\u00e7\u00e3o do diagn\u00f3stico.<\/p>\n<p><strong>A vacina quadrivalente, utilizada na campanha contra a gripe no ano de 2021, n\u00e3o oferece prote\u00e7\u00e3o contra a cepa H3N2.<\/strong> Logo, uma nova vacina dever\u00e1 ser formulada neste ano para incluir a variante.<\/p>\n<p>Referencias:\u00a0<a href=\"https:\/\/www.prefeitura.sp.gov.br\/cidade\/secretarias\/upload\/saude\/Informe_Tecnico_DVE_2021_Influenza_tratamento_quimioprofilaxia.pdf\" target=\"_blank\" rel=\"noopener\">Prefeitura de S\u00e3o Paulo<\/a>,\u00a0<a href=\"https:\/\/bvsms.saude.gov.br\/bvs\/publicacoes\/protocolo_tratamento_influenza_2017.pdf\" target=\"_blank\" rel=\"noopener\">Minist\u00e9rio da Sa\u00fade<\/a>,\u00a0<a href=\"https:\/\/www.saude.rj.gov.br\/comum\/code\/MostrarArquivo.php?C=NDcwNjA%2C\" target=\"_blank\" rel=\"noopener\">Governo do estado do Rio de Janeiro<\/a>,\u00a0<a href=\"https:\/\/sbim.org.br\/images\/files\/notas-tecnicas\/nt-vacinas-influenza-brasil-2021-v2.pdf\" target=\"_blank\" rel=\"noopener\">SBIm<\/a>,\u00a0<a href=\"https:\/\/www.who.int\/publications\/m\/item\/recommended-composition-of-influenza-virus-vaccines-for-use-in-the-2022-southern-hemisphere-influenza-season\" target=\"_blank\" rel=\"noopener\">OMS<\/a><\/p>\n<p>&nbsp;<\/p>\n<p>https:\/\/segurosinteligentes.com.br\/oldrh\/_old\/epidemia-de-gripe\/<\/p>\n<p>[\/et_pb_text][et_pb_text admin_label=&#8221;conte\u00fado&#8221; background_layout=&#8221;light&#8221; text_orientation=&#8221;left&#8221; text_font=&#8221;Open Sans||||&#8221; text_text_color=&#8221;#748690&#8243; text_line_height=&#8221;1.5em&#8221; use_border_color=&#8221;off&#8221; border_color=&#8221;#ffffff&#8221; border_style=&#8221;solid&#8221;]<\/p>\n<div class='et-box et-shadow'>\n\t\t\t\t\t<div class='et-box-content'>Quer ler mais artigos como esse? Cadastre-se para receber a nossa newsletter e fique por dentro das novidades no Portal RH.<\/div><\/div>\n<div id=\"newsletter-portalrh-50ee58c6144b127a4b39\" role=\"main\"><\/div>\n<p><script type=\"text\/javascript\" src=\"https:\/\/d335luupugsy2.cloudfront.net\/js\/rdstation-forms\/stable\/rdstation-forms.min.js\"><\/script><\/p>\n<p>[\/et_pb_text][\/et_pb_column][et_pb_column type=&#8221;1_3&#8243;][et_pb_sidebar admin_label=&#8221;Barra Lateral&#8221; global_module=&#8221;399&#8243; orientation=&#8221;left&#8221; area=&#8221;sidebar-1&#8243; background_layout=&#8221;light&#8221; remove_border=&#8221;on&#8221; body_line_height=&#8221;1.5em&#8221; custom_css_widget=&#8221;margin-bottom: 30px !important;&#8221; saved_tabs=&#8221;all&#8221;] [\/et_pb_sidebar][\/et_pb_column][\/et_pb_row][\/et_pb_section][et_pb_section admin_label=&#8221;Se\u00e7\u00e3o&#8221; global_module=&#8221;93&#8243; fullwidth=&#8221;off&#8221; specialty=&#8221;off&#8221; transparent_background=&#8221;off&#8221; background_color=&#8221;#f9f9f9&#8243; allow_player_pause=&#8221;off&#8221; inner_shadow=&#8221;off&#8221; parallax=&#8221;off&#8221; parallax_method=&#8221;off&#8221; padding_mobile=&#8221;on&#8221; make_fullwidth=&#8221;off&#8221; use_custom_width=&#8221;off&#8221; width_unit=&#8221;on&#8221; make_equal=&#8221;off&#8221; use_custom_gutter=&#8221;off&#8221; custom_padding=&#8221;20px||20px|&#8221;][et_pb_row global_parent=&#8221;93&#8243; admin_label=&#8221;Linha&#8221; make_fullwidth=&#8221;on&#8221; use_custom_width=&#8221;off&#8221; width_unit=&#8221;on&#8221; use_custom_gutter=&#8221;on&#8221; gutter_width=&#8221;2&#8243; padding_mobile=&#8221;off&#8221; allow_player_pause=&#8221;off&#8221; parallax=&#8221;off&#8221; parallax_method=&#8221;off&#8221; make_equal=&#8221;off&#8221; parallax_1=&#8221;off&#8221; parallax_method_1=&#8221;off&#8221; parallax_2=&#8221;off&#8221; parallax_method_2=&#8221;off&#8221; parallax_3=&#8221;off&#8221; parallax_method_3=&#8221;off&#8221; column_padding_mobile=&#8221;on&#8221; module_class=&#8221;footer&#8221; module_id_1=&#8221;coluna_1&#8243; module_id_2=&#8221;coluna_2&#8243; module_id_3=&#8221;coluna_3&#8243; module_id=&#8221;footer_1&#8243;][et_pb_column type=&#8221;1_4&#8243;][et_pb_text global_parent=&#8221;93&#8243; admin_label=&#8221;logo it&#8217;sseg&#8221; background_layout=&#8221;light&#8221; text_orientation=&#8221;left&#8221; use_border_color=&#8221;off&#8221; border_color=&#8221;#ffffff&#8221; border_style=&#8221;solid&#8221;] <img decoding=\"async\" class=\"alignleft size-full wp-image-82\" src=\"https:\/\/segurosinteligentes.com.br\/oldrh\/_old\/wp-content\/uploads\/logo-seguros-inteligentes.png\" width=\"270\" \/> [\/et_pb_text][\/et_pb_column][et_pb_column type=&#8221;1_2&#8243;][et_pb_text global_parent=&#8221;93&#8243; admin_label=&#8221;copyright&#8221; background_layout=&#8221;light&#8221; text_orientation=&#8221;right&#8221; text_line_height=&#8221;1.5em&#8221; use_border_color=&#8221;off&#8221; border_color=&#8221;#ffffff&#8221; border_style=&#8221;solid&#8221; custom_padding=&#8221;|||20%&#8221; text_font=&#8221;Abel||||&#8221;] PORTAL RH IT\u2019SSEG \u00e9 uma publica\u00e7\u00e3o da It\u2019sSeg Seguros Inteligentes. N\u00e3o \u00e9 permitida a reprodu\u00e7\u00e3o do conte\u00fado, mesmo que parcial, para uso comercial de qualquer natureza. Confira <a href=\"https:\/\/itssegcompany.com.br\/lgpd\/\" target=\"_blank\" rel=\"noopener\">aqui<\/a> nossa pol\u00edtica de privacidade. [\/et_pb_text][\/et_pb_column][et_pb_column type=&#8221;1_4&#8243;][et_pb_text global_parent=&#8221;93&#8243; admin_label=&#8221;logo portal&#8221; background_layout=&#8221;light&#8221; text_orientation=&#8221;right&#8221; use_border_color=&#8221;off&#8221; border_color=&#8221;#ffffff&#8221; border_style=&#8221;solid&#8221;] <img decoding=\"async\" class=\"alignright size-full wp-image-83\" src=\"https:\/\/segurosinteligentes.com.br\/oldrh\/_old\/wp-content\/uploads\/portalrh-footer.png\" alt=\"logo_portal_footer\" width=\"270\" \/> [\/et_pb_text][\/et_pb_column][\/et_pb_row][et_pb_row global_parent=&#8221;93&#8243; admin_label=&#8221;Linha&#8221; make_fullwidth=&#8221;on&#8221; use_custom_width=&#8221;off&#8221; width_unit=&#8221;on&#8221; use_custom_gutter=&#8221;on&#8221; gutter_width=&#8221;2&#8243; padding_mobile=&#8221;on&#8221; allow_player_pause=&#8221;off&#8221; parallax=&#8221;off&#8221; parallax_method=&#8221;off&#8221; make_equal=&#8221;off&#8221; parallax_1=&#8221;off&#8221; parallax_method_1=&#8221;off&#8221; parallax_2=&#8221;off&#8221; parallax_method_2=&#8221;off&#8221; parallax_3=&#8221;off&#8221; parallax_method_3=&#8221;off&#8221; column_padding_mobile=&#8221;on&#8221; module_id_2=&#8221;coluna_2&#8243; module_id_3=&#8221;coluna_3&#8243; module_id=&#8221;footer_2&#8243; custom_padding=&#8221;||0px|&#8221;][et_pb_column type=&#8221;4_4&#8243;][et_pb_text global_parent=&#8221;93&#8243; admin_label=&#8221;copyright&#8221; background_layout=&#8221;light&#8221; text_orientation=&#8221;center&#8221; text_line_height=&#8221;1.5em&#8221; use_border_color=&#8221;off&#8221; border_color=&#8221;#ffffff&#8221; border_style=&#8221;solid&#8221; text_font=&#8221;Abel||||&#8221;] PORTAL RH IT\u2019SSEG \u00e9 uma publica\u00e7\u00e3o da It\u2019sSeg Seguros Inteligentes. N\u00e3o \u00e9 permitida a reprodu\u00e7\u00e3o do conte\u00fado, mesmo que parcial, para uso comercial de qualquer natureza. Confira <a href=\"https:\/\/itssegcompany.com.br\/lgpd\/\" target=\"_blank\" rel=\"noopener\">aqui<\/a> nossa pol\u00edtica de privacidade. [\/et_pb_text][\/et_pb_column][\/et_pb_row][et_pb_row global_parent=&#8221;93&#8243; admin_label=&#8221;Linha&#8221; make_fullwidth=&#8221;on&#8221; use_custom_width=&#8221;off&#8221; width_unit=&#8221;on&#8221; use_custom_gutter=&#8221;on&#8221; gutter_width=&#8221;2&#8243; padding_mobile=&#8221;off&#8221; allow_player_pause=&#8221;off&#8221; parallax=&#8221;off&#8221; parallax_method=&#8221;off&#8221; make_equal=&#8221;off&#8221; parallax_1=&#8221;off&#8221; parallax_method_1=&#8221;off&#8221; parallax_2=&#8221;off&#8221; parallax_method_2=&#8221;off&#8221; parallax_3=&#8221;off&#8221; parallax_method_3=&#8221;off&#8221; column_padding_mobile=&#8221;on&#8221; module_id_3=&#8221;coluna_3&#8243; module_id=&#8221;footer_2_2&#8243; custom_padding=&#8221;0px|||&#8221;][et_pb_column type=&#8221;1_2&#8243;][et_pb_text global_parent=&#8221;93&#8243; admin_label=&#8221;logo it&#8217;sseg&#8221; background_layout=&#8221;light&#8221; text_orientation=&#8221;left&#8221; use_border_color=&#8221;off&#8221; border_color=&#8221;#ffffff&#8221; border_style=&#8221;solid&#8221; module_id=&#8221;logo_itsseg_footer_1&#8243;] <img decoding=\"async\" class=\"alignleft size-full wp-image-82\" src=\"https:\/\/segurosinteligentes.com.br\/oldrh\/_old\/wp-content\/uploads\/logo-seguros-inteligentes.png\" width=\"270\" \/> [\/et_pb_text][et_pb_text global_parent=&#8221;93&#8243; admin_label=&#8221;logo it&#8217;sseg&#8221; background_layout=&#8221;light&#8221; text_orientation=&#8221;center&#8221; use_border_color=&#8221;off&#8221; border_color=&#8221;#ffffff&#8221; border_style=&#8221;solid&#8221; module_id=&#8221;logo_itsseg_footer_2&#8243;] <img decoding=\"async\" src=\"https:\/\/segurosinteligentes.com.br\/oldrh\/_old\/wp-content\/uploads\/logo-seguros-inteligentes-mobile.png\" alt=\"logo_footer_2\" width=\"70\" \/> [\/et_pb_text][\/et_pb_column][et_pb_column type=&#8221;1_2&#8243;][et_pb_text global_parent=&#8221;93&#8243; admin_label=&#8221;logo portal&#8221; background_layout=&#8221;light&#8221; text_orientation=&#8221;right&#8221; use_border_color=&#8221;off&#8221; border_color=&#8221;#ffffff&#8221; border_style=&#8221;solid&#8221; module_id=&#8221;logo_portal_itsseg_footer_2&#8243;] <img decoding=\"async\" class=\"alignright size-full wp-image-83\" src=\"https:\/\/segurosinteligentes.com.br\/oldrh\/_old\/wp-content\/uploads\/portalrh-footer.png\" alt=\"logo_portal_footer\" width=\"270\" \/> [\/et_pb_text][\/et_pb_column][\/et_pb_row][\/et_pb_section]<\/p>\n","protected":false},"excerpt":{"rendered":"<p>A m\u00e9dica infectologista Naiane Ribeiro Lomes re\u00fane as principais atualiza\u00e7\u00f5es a respeito da pandemia e os casos de Influenza no Brasil<\/p>\n","protected":false},"author":5,"featured_media":8924,"comment_status":"closed","ping_status":"closed","sticky":false,"template":"","format":"standard","meta":{"_et_pb_use_builder":"on","_et_pb_old_content":"","_et_gb_content_width":"","_links_to":"","_links_to_target":""},"categories":[14],"tags":[354],"_links":{"self":[{"href":"https:\/\/segurosinteligentes.com.br\/oldrh\/wp-json\/wp\/v2\/posts\/8922"}],"collection":[{"href":"https:\/\/segurosinteligentes.com.br\/oldrh\/wp-json\/wp\/v2\/posts"}],"about":[{"href":"https:\/\/segurosinteligentes.com.br\/oldrh\/wp-json\/wp\/v2\/types\/post"}],"author":[{"embeddable":true,"href":"https:\/\/segurosinteligentes.com.br\/oldrh\/wp-json\/wp\/v2\/users\/5"}],"replies":[{"embeddable":true,"href":"https:\/\/segurosinteligentes.com.br\/oldrh\/wp-json\/wp\/v2\/comments?post=8922"}],"version-history":[{"count":4,"href":"https:\/\/segurosinteligentes.com.br\/oldrh\/wp-json\/wp\/v2\/posts\/8922\/revisions"}],"predecessor-version":[{"id":10096,"href":"https:\/\/segurosinteligentes.com.br\/oldrh\/wp-json\/wp\/v2\/posts\/8922\/revisions\/10096"}],"wp:featuredmedia":[{"embeddable":true,"href":"https:\/\/segurosinteligentes.com.br\/oldrh\/wp-json\/wp\/v2\/media\/8924"}],"wp:attachment":[{"href":"https:\/\/segurosinteligentes.com.br\/oldrh\/wp-json\/wp\/v2\/media?parent=8922"}],"wp:term":[{"taxonomy":"category","embeddable":true,"href":"https:\/\/segurosinteligentes.com.br\/oldrh\/wp-json\/wp\/v2\/categories?post=8922"},{"taxonomy":"post_tag","embeddable":true,"href":"https:\/\/segurosinteligentes.com.br\/oldrh\/wp-json\/wp\/v2\/tags?post=8922"}],"curies":[{"name":"wp","href":"https:\/\/api.w.org\/{rel}","templated":true}]}}