{"id":8844,"date":"2021-12-08T17:28:23","date_gmt":"2021-12-08T19:28:23","guid":{"rendered":"https:\/\/segurosinteligentes.com.br\/oldrh\/_old\/?p=8844"},"modified":"2021-12-09T12:48:13","modified_gmt":"2021-12-09T14:48:13","slug":"saude-mental-dos-trabalhadores","status":"publish","type":"post","link":"https:\/\/segurosinteligentes.com.br\/oldrh\/saude-mental-dos-trabalhadores\/","title":{"rendered":"Impactos da pandemia na sa\u00fade mental dos brasileiros"},"content":{"rendered":"<p>[et_pb_section admin_label=&#8221;section&#8221; transparent_background=&#8221;on&#8221; background_color=&#8221;#ffffff&#8221; allow_player_pause=&#8221;off&#8221; inner_shadow=&#8221;off&#8221; parallax=&#8221;off&#8221; parallax_method=&#8221;off&#8221; padding_mobile=&#8221;on&#8221; make_fullwidth=&#8221;off&#8221; use_custom_width=&#8221;off&#8221; width_unit=&#8221;on&#8221; make_equal=&#8221;off&#8221; use_custom_gutter=&#8221;off&#8221; custom_padding=&#8221;0px||50px|&#8221;][et_pb_row admin_label=&#8221;row&#8221; make_fullwidth=&#8221;off&#8221; use_custom_width=&#8221;on&#8221; width_unit=&#8221;off&#8221; use_custom_gutter=&#8221;off&#8221; padding_mobile=&#8221;on&#8221; allow_player_pause=&#8221;off&#8221; parallax=&#8221;off&#8221; parallax_method=&#8221;off&#8221; make_equal=&#8221;off&#8221; parallax_1=&#8221;off&#8221; parallax_method_1=&#8221;off&#8221; parallax_2=&#8221;off&#8221; parallax_method_2=&#8221;off&#8221; column_padding_mobile=&#8221;on&#8221; custom_padding=&#8221;50px|35px|50px|35px&#8221; background_color=&#8221;#ffffff&#8221;][et_pb_column type=&#8221;2_3&#8243;][et_pb_text admin_label=&#8221;tag e data&#8221; background_layout=&#8221;light&#8221; text_orientation=&#8221;left&#8221; text_font=&#8221;|on|||&#8221; text_font_size=&#8221;16&#8243; text_text_color=&#8221;#9ec31e&#8221; text_line_height=&#8221;1.5em&#8221; use_border_color=&#8221;off&#8221; border_color=&#8221;#ffffff&#8221; border_style=&#8221;solid&#8221; custom_margin=&#8221;||0px|&#8221;]<\/p>\n<p>08.DEZEMBRO.2021 | BEM-ESTAR<\/p>\n<h4><\/h4>\n<p>[\/et_pb_text][et_pb_text admin_label=&#8221;t\u00edtulo&#8221; background_layout=&#8221;light&#8221; text_orientation=&#8221;left&#8221; text_font=&#8221;|on|||&#8221; text_font_size=&#8221;32&#8243; text_text_color=&#8221;#495358&#8243; text_line_height=&#8221;1em&#8221; use_border_color=&#8221;off&#8221; border_color=&#8221;#ffffff&#8221; border_style=&#8221;solid&#8221;]<\/p>\n<h1>Impactos da pandemia na sa\u00fade mental dos brasileiros<\/h1>\n<p>[\/et_pb_text][et_pb_text admin_label=&#8221;conte\u00fado&#8221; background_layout=&#8221;light&#8221; text_orientation=&#8221;left&#8221; text_font=&#8221;Open Sans||||&#8221; text_text_color=&#8221;#748690&#8243; text_line_height=&#8221;1.5em&#8221; use_border_color=&#8221;off&#8221; border_color=&#8221;#ffffff&#8221; border_style=&#8221;solid&#8221;]<\/p>\n<p>Uma pesquisa do Datafolha encomendada pela Zenklub, plataforma de sa\u00fade mental, identificou que <strong>6 em cada 10 brasileiros se sentiram sobrecarregados com o trabalho nos \u00faltimos 12 meses<\/strong>. O levantamento teve como objetivo entender o impacto da pandemia na sa\u00fade mental do trabalhador no pa\u00eds e foi realizado em agosto, com 1.197 pessoas a partir de 18 anos.<\/p>\n<p>Quando questionados sobre os sentimentos que vieram \u00e0 tona no per\u00edodo, os trabalhadores afirmaram que tiveram ansiedade (66%), exaust\u00e3o ou muito cansa\u00e7o (61%), ins\u00f4nia ou dificuldade para dormir (54%) e depress\u00e3o (26%).<\/p>\n<p>A depress\u00e3o esteve mais presente entre os entrevistados que t\u00eam filhos (28%), enquanto a ansiedade entre aqueles que n\u00e3o t\u00eam filhos (69%). Os dados tamb\u00e9m mostraram que quanto mais jovem, maiores s\u00e3o os sintomas de exaust\u00e3o e cansa\u00e7o: 70% entre pessoas de 18 a 24 anos e 67% entre aqueles de 25 e 34 anos.<\/p>\n<p>Importante dizer que <strong>todos os \u00edndices foram significativamente maiores entre as mulheres<\/strong>. Por exemplo, 69% das mulheres disseram ter sentido exaust\u00e3o ou muito cansa\u00e7o, enquanto 54% dos homens deram resposta afirmativa.<\/p>\n<table style=\"height: 261px;\" width=\"512\">\n<tbody>\n<tr>\n<td width=\"283\"><\/td>\n<td width=\"142\"><strong>Homem (%)<\/strong><\/td>\n<td width=\"141\"><strong>Mulher (%)<\/strong><\/td>\n<\/tr>\n<tr>\n<td width=\"283\">Ins\u00f4nia ou dificuldade para dormir<\/td>\n<td width=\"142\">45%<\/td>\n<td width=\"141\">64%<\/td>\n<\/tr>\n<tr>\n<td width=\"283\">Exaust\u00e3o ou muito cansa\u00e7o<\/td>\n<td width=\"142\">54%<\/td>\n<td width=\"141\">69%<\/td>\n<\/tr>\n<tr>\n<td width=\"283\">Ansiedade<\/td>\n<td width=\"142\">57%<\/td>\n<td width=\"141\">76%<\/td>\n<\/tr>\n<tr>\n<td width=\"283\">Depress\u00e3o<\/td>\n<td width=\"142\">21%<\/td>\n<td width=\"141\">33%<\/td>\n<\/tr>\n<\/tbody>\n<\/table>\n<p>&nbsp;<\/p>\n<h2>Por que a exaust\u00e3o afeta mais as mulheres?<\/h2>\n<p>Um <a href=\"https:\/\/www.mckinsey.com\/featured-insights\/diversity-and-inclusion\/women-in-the-workplace\" target=\"_blank\" rel=\"noopener\">relat\u00f3rio da consultoria McKinsey<\/a>, divulgado em setembro de 2021, mostrou que 42% das mulheres se sentem esgotadas frequentemente ou quase sempre durante a pandemia. O \u00edndice \u00e9 10% maior do que antes da crise sanit\u00e1ria. Entre os homens, o n\u00famero foi de 35%. O estudo entrevistou 65 mil pessoas de 423 organiza\u00e7\u00f5es nos Estados Unidos.<\/p>\n<blockquote><p>&#8220;\u00c0 medida que as empresas continuam a gerenciar os desafios da pandemia e procuram construir um local de trabalho mais igualit\u00e1rio para o futuro, elas precisam se concentrar em duas prioridades principais. Primeiro a de promover todos os aspectos da diversidade e inclus\u00e3o. Depois, de lidar com o desgaste crescente que todos os funcion\u00e1rios &#8211; mas principalmente as mulheres &#8211; est\u00e3o experimentando &#8220;, afirma o relat\u00f3rio.<\/p><\/blockquote>\n<p>No estudo <a href=\"https:\/\/www.ilo.org\/ilc\/ILCSessions\/previous-sessions\/107\/reports\/reports-to-the-conference\/WCMS_630702\/lang--en\/index.htm\" target=\"_blank\" rel=\"noopener\">\u201cIniciativa Mulheres no Trabalho: o Impulso para a Igualdade\u201d<\/a>, da Organiza\u00e7\u00e3o Internacional do Trabalho (OIT), os autores refor\u00e7am que o mundo do trabalho foi modelado \u201cpelos homens para os homens\u201d e n\u00e3o se adaptou com a integra\u00e7\u00e3o das mulheres, exigindo que elas se adequassem ao padr\u00e3o. Isso se mant\u00e9m at\u00e9 os dias de hoje.<\/p>\n<p>O emprego remunerado foi adicionado a sua lista de tarefas. Para se ter uma ideia, <strong>estima-se que as mulheres realizam cerca de 2,5 vezes mais tarefas dom\u00e9sticas n\u00e3o remuneradas e de cuidados que os homens.<\/strong> Al\u00e9m do desgaste f\u00edsico e emocional, essa realidade muitas vezes limita as chances de elas se dedicarem ao trabalho, o que reduz as possibilidades de crescimento profissional.<\/p>\n<p>Em entrevista ao Universa, Paula Castilho, s\u00f3cia da McKinsey no Brasil, comenta que a diferen\u00e7a entre o desgaste da popula\u00e7\u00e3o masculina e feminina fica mais evidente entre as m\u00e3es. <strong>&#8220;Elas s\u00e3o duas vezes mais propensas do que os pais a se preocupar que suas responsabilidades como cuidadoras resultem em julgamentos negativos de seu desempenho profissional.<\/strong> Com isso, um ter\u00e7o das m\u00e3es, versus um quarto dos pais, est\u00e3o pensando em deixar a for\u00e7a de trabalho ou &#8216;desacelerar&#8217; suas carreiras&#8221;, afirma, citando estudos da empresa feitos nos Estados Unidos.<\/p>\n<p>&nbsp;<\/p>\n<h3>Acesso a benef\u00edcios de sa\u00fade mental ainda \u00e9 baixo<\/h3>\n<p>A pesquisa do Datafolha tamb\u00e9m mostrou que <strong>64% dos trabalhadores brasileiros n\u00e3o recebem benef\u00edcios corporativos para cuidar da sa\u00fade mental.<\/strong> Por outro lado, 86% dos entrevistados consideram que recursos como terapias online e treinamentos sobre habilidades emocionais podem ajudar a lidar com os impactos da pandemia.<\/p>\n<p>Entre aqueles que t\u00eam um chefe no local de trabalho, a maioria (73%) respondeu ter abertura para falar de sa\u00fade mental com o superior. Mulheres se sentem menos confort\u00e1veis (32%) do que os homens (23%) para falar sobre o tema com seus chefes. O mesmo ocorre entre os mais jovens, de 18 a 24 anos (41%), e pessoas que se sentiram sobrecarregadas durante a pandemia (31%).<\/p>\n<blockquote><p>\u201cA quantidade de pessoas com acesso a benef\u00edcios corporativos de sa\u00fade emocional \u00e9 baixa, ao mesmo tempo em que a consci\u00eancia que os trabalhadores t\u00eam da import\u00e2ncia do oferecimento desses benef\u00edcios \u00e9 grande\u201d, comenta Rui Brand\u00e3o, cofundador e CEO do Zenklub.<\/p><\/blockquote>\n<p>Para Brand\u00e3o, cada vez mais esse ponto passar\u00e1 a ser colocado na balan\u00e7a, tanto quando um profissional escolhe uma empresa para trabalhar, quanto quando decide permanecer (ou n\u00e3o) ali. <strong>\u201c\u00c9 urgente que l\u00edderes, gestores e profissionais de Recursos Humanos acolham essa necessidade e ajam sobre ela.<\/strong> Quando acolhemos as pessoas em toda a sua complexidade, todos ganham\u201d, observa.<\/p>\n<p>[\/et_pb_text][et_pb_text admin_label=&#8221;conte\u00fado&#8221; background_layout=&#8221;light&#8221; text_orientation=&#8221;left&#8221; text_font=&#8221;Open Sans||||&#8221; text_text_color=&#8221;#748690&#8243; text_line_height=&#8221;1.5em&#8221; use_border_color=&#8221;off&#8221; border_color=&#8221;#ffffff&#8221; border_style=&#8221;solid&#8221;] <div class='et-box et-shadow'>\n\t\t\t\t\t<div class='et-box-content'>Quer ler mais artigos como esse? Cadastre-se para receber a nossa newsletter e fique por dentro das novidades no Portal RH.<\/div><\/div><\/p>\n<div id=\"newsletter-portalrh-50ee58c6144b127a4b39\" role=\"main\"><\/div>\n<p><script type=\"text\/javascript\" src=\"https:\/\/d335luupugsy2.cloudfront.net\/js\/rdstation-forms\/stable\/rdstation-forms.min.js\"><\/script><\/p>\n<p>&nbsp;<\/p>\n<p>https:\/\/segurosinteligentes.com.br\/oldrh\/_old\/seguranca-psicologica-em-equipes\/<\/p>\n<p>[\/et_pb_text][\/et_pb_column][et_pb_column type=&#8221;1_3&#8243;][et_pb_sidebar admin_label=&#8221;Barra Lateral&#8221; global_module=&#8221;399&#8243; orientation=&#8221;left&#8221; area=&#8221;sidebar-1&#8243; background_layout=&#8221;light&#8221; remove_border=&#8221;on&#8221; body_line_height=&#8221;1.5em&#8221; custom_css_widget=&#8221;margin-bottom: 30px !important;&#8221; saved_tabs=&#8221;all&#8221;] [\/et_pb_sidebar][\/et_pb_column][\/et_pb_row][\/et_pb_section][et_pb_section admin_label=&#8221;Se\u00e7\u00e3o&#8221; global_module=&#8221;93&#8243; fullwidth=&#8221;off&#8221; specialty=&#8221;off&#8221; transparent_background=&#8221;off&#8221; background_color=&#8221;#f9f9f9&#8243; allow_player_pause=&#8221;off&#8221; inner_shadow=&#8221;off&#8221; parallax=&#8221;off&#8221; parallax_method=&#8221;off&#8221; padding_mobile=&#8221;on&#8221; make_fullwidth=&#8221;off&#8221; use_custom_width=&#8221;off&#8221; width_unit=&#8221;on&#8221; make_equal=&#8221;off&#8221; use_custom_gutter=&#8221;off&#8221; custom_padding=&#8221;20px||20px|&#8221;][et_pb_row global_parent=&#8221;93&#8243; admin_label=&#8221;Linha&#8221; make_fullwidth=&#8221;on&#8221; use_custom_width=&#8221;off&#8221; width_unit=&#8221;on&#8221; use_custom_gutter=&#8221;on&#8221; gutter_width=&#8221;2&#8243; padding_mobile=&#8221;off&#8221; allow_player_pause=&#8221;off&#8221; parallax=&#8221;off&#8221; parallax_method=&#8221;off&#8221; make_equal=&#8221;off&#8221; parallax_1=&#8221;off&#8221; parallax_method_1=&#8221;off&#8221; parallax_2=&#8221;off&#8221; parallax_method_2=&#8221;off&#8221; parallax_3=&#8221;off&#8221; parallax_method_3=&#8221;off&#8221; column_padding_mobile=&#8221;on&#8221; module_class=&#8221;footer&#8221; module_id_1=&#8221;coluna_1&#8243; module_id_2=&#8221;coluna_2&#8243; module_id_3=&#8221;coluna_3&#8243; module_id=&#8221;footer_1&#8243;][et_pb_column type=&#8221;1_4&#8243;][et_pb_text global_parent=&#8221;93&#8243; admin_label=&#8221;logo it&#8217;sseg&#8221; background_layout=&#8221;light&#8221; text_orientation=&#8221;left&#8221; use_border_color=&#8221;off&#8221; border_color=&#8221;#ffffff&#8221; border_style=&#8221;solid&#8221;] <img decoding=\"async\" class=\"alignleft size-full wp-image-82\" src=\"https:\/\/segurosinteligentes.com.br\/oldrh\/_old\/wp-content\/uploads\/logo-seguros-inteligentes.png\" width=\"270\" \/> [\/et_pb_text][\/et_pb_column][et_pb_column type=&#8221;1_2&#8243;][et_pb_text global_parent=&#8221;93&#8243; admin_label=&#8221;copyright&#8221; background_layout=&#8221;light&#8221; text_orientation=&#8221;right&#8221; text_line_height=&#8221;1.5em&#8221; use_border_color=&#8221;off&#8221; border_color=&#8221;#ffffff&#8221; border_style=&#8221;solid&#8221; custom_padding=&#8221;|||20%&#8221; text_font=&#8221;Abel||||&#8221;] PORTAL RH IT\u2019SSEG \u00e9 uma publica\u00e7\u00e3o da It\u2019sSeg Seguros Inteligentes. N\u00e3o \u00e9 permitida a reprodu\u00e7\u00e3o do conte\u00fado, mesmo que parcial, para uso comercial de qualquer natureza. Confira <a href=\"https:\/\/itssegcompany.com.br\/lgpd\/\" target=\"_blank\" rel=\"noopener\">aqui<\/a> nossa pol\u00edtica de privacidade. [\/et_pb_text][\/et_pb_column][et_pb_column type=&#8221;1_4&#8243;][et_pb_text global_parent=&#8221;93&#8243; admin_label=&#8221;logo portal&#8221; background_layout=&#8221;light&#8221; text_orientation=&#8221;right&#8221; use_border_color=&#8221;off&#8221; border_color=&#8221;#ffffff&#8221; border_style=&#8221;solid&#8221;] <img decoding=\"async\" class=\"alignright size-full wp-image-83\" src=\"https:\/\/segurosinteligentes.com.br\/oldrh\/_old\/wp-content\/uploads\/portalrh-footer.png\" alt=\"logo_portal_footer\" width=\"270\" \/> [\/et_pb_text][\/et_pb_column][\/et_pb_row][et_pb_row global_parent=&#8221;93&#8243; admin_label=&#8221;Linha&#8221; make_fullwidth=&#8221;on&#8221; use_custom_width=&#8221;off&#8221; width_unit=&#8221;on&#8221; use_custom_gutter=&#8221;on&#8221; gutter_width=&#8221;2&#8243; padding_mobile=&#8221;on&#8221; allow_player_pause=&#8221;off&#8221; parallax=&#8221;off&#8221; parallax_method=&#8221;off&#8221; make_equal=&#8221;off&#8221; parallax_1=&#8221;off&#8221; parallax_method_1=&#8221;off&#8221; parallax_2=&#8221;off&#8221; parallax_method_2=&#8221;off&#8221; parallax_3=&#8221;off&#8221; parallax_method_3=&#8221;off&#8221; column_padding_mobile=&#8221;on&#8221; module_id_2=&#8221;coluna_2&#8243; module_id_3=&#8221;coluna_3&#8243; module_id=&#8221;footer_2&#8243; custom_padding=&#8221;||0px|&#8221;][et_pb_column type=&#8221;4_4&#8243;][et_pb_text global_parent=&#8221;93&#8243; admin_label=&#8221;copyright&#8221; background_layout=&#8221;light&#8221; text_orientation=&#8221;center&#8221; text_line_height=&#8221;1.5em&#8221; use_border_color=&#8221;off&#8221; border_color=&#8221;#ffffff&#8221; border_style=&#8221;solid&#8221; text_font=&#8221;Abel||||&#8221;] PORTAL RH IT\u2019SSEG \u00e9 uma publica\u00e7\u00e3o da It\u2019sSeg Seguros Inteligentes. N\u00e3o \u00e9 permitida a reprodu\u00e7\u00e3o do conte\u00fado, mesmo que parcial, para uso comercial de qualquer natureza. Confira <a href=\"https:\/\/itssegcompany.com.br\/lgpd\/\" target=\"_blank\" rel=\"noopener\">aqui<\/a> nossa pol\u00edtica de privacidade. [\/et_pb_text][\/et_pb_column][\/et_pb_row][et_pb_row global_parent=&#8221;93&#8243; admin_label=&#8221;Linha&#8221; make_fullwidth=&#8221;on&#8221; use_custom_width=&#8221;off&#8221; width_unit=&#8221;on&#8221; use_custom_gutter=&#8221;on&#8221; gutter_width=&#8221;2&#8243; padding_mobile=&#8221;off&#8221; allow_player_pause=&#8221;off&#8221; parallax=&#8221;off&#8221; parallax_method=&#8221;off&#8221; make_equal=&#8221;off&#8221; parallax_1=&#8221;off&#8221; parallax_method_1=&#8221;off&#8221; parallax_2=&#8221;off&#8221; parallax_method_2=&#8221;off&#8221; parallax_3=&#8221;off&#8221; parallax_method_3=&#8221;off&#8221; column_padding_mobile=&#8221;on&#8221; module_id_3=&#8221;coluna_3&#8243; module_id=&#8221;footer_2_2&#8243; custom_padding=&#8221;0px|||&#8221;][et_pb_column type=&#8221;1_2&#8243;][et_pb_text global_parent=&#8221;93&#8243; admin_label=&#8221;logo it&#8217;sseg&#8221; background_layout=&#8221;light&#8221; text_orientation=&#8221;left&#8221; use_border_color=&#8221;off&#8221; border_color=&#8221;#ffffff&#8221; border_style=&#8221;solid&#8221; module_id=&#8221;logo_itsseg_footer_1&#8243;] <img decoding=\"async\" class=\"alignleft size-full wp-image-82\" src=\"https:\/\/segurosinteligentes.com.br\/oldrh\/_old\/wp-content\/uploads\/logo-seguros-inteligentes.png\" width=\"270\" \/> [\/et_pb_text][et_pb_text global_parent=&#8221;93&#8243; admin_label=&#8221;logo it&#8217;sseg&#8221; background_layout=&#8221;light&#8221; text_orientation=&#8221;center&#8221; use_border_color=&#8221;off&#8221; border_color=&#8221;#ffffff&#8221; border_style=&#8221;solid&#8221; module_id=&#8221;logo_itsseg_footer_2&#8243;] <img decoding=\"async\" src=\"https:\/\/segurosinteligentes.com.br\/oldrh\/_old\/wp-content\/uploads\/logo-seguros-inteligentes-mobile.png\" alt=\"logo_footer_2\" width=\"70\" \/> [\/et_pb_text][\/et_pb_column][et_pb_column type=&#8221;1_2&#8243;][et_pb_text global_parent=&#8221;93&#8243; admin_label=&#8221;logo portal&#8221; background_layout=&#8221;light&#8221; text_orientation=&#8221;right&#8221; use_border_color=&#8221;off&#8221; border_color=&#8221;#ffffff&#8221; border_style=&#8221;solid&#8221; module_id=&#8221;logo_portal_itsseg_footer_2&#8243;] <img decoding=\"async\" class=\"alignright size-full wp-image-83\" src=\"https:\/\/segurosinteligentes.com.br\/oldrh\/_old\/wp-content\/uploads\/portalrh-footer.png\" alt=\"logo_portal_footer\" width=\"270\" \/> [\/et_pb_text][\/et_pb_column][\/et_pb_row][\/et_pb_section]<\/p>\n","protected":false},"excerpt":{"rendered":"<p>Segundo o Datafolha, seis em cada 10 brasileiros se sentiram sobrecarregados com o trabalho nos \u00faltimos 12 meses.<\/p>\n","protected":false},"author":5,"featured_media":8851,"comment_status":"closed","ping_status":"closed","sticky":false,"template":"","format":"standard","meta":{"_et_pb_use_builder":"on","_et_pb_old_content":"","_et_gb_content_width":"","_links_to":"","_links_to_target":""},"categories":[14,287],"tags":[76],"_links":{"self":[{"href":"https:\/\/segurosinteligentes.com.br\/oldrh\/wp-json\/wp\/v2\/posts\/8844"}],"collection":[{"href":"https:\/\/segurosinteligentes.com.br\/oldrh\/wp-json\/wp\/v2\/posts"}],"about":[{"href":"https:\/\/segurosinteligentes.com.br\/oldrh\/wp-json\/wp\/v2\/types\/post"}],"author":[{"embeddable":true,"href":"https:\/\/segurosinteligentes.com.br\/oldrh\/wp-json\/wp\/v2\/users\/5"}],"replies":[{"embeddable":true,"href":"https:\/\/segurosinteligentes.com.br\/oldrh\/wp-json\/wp\/v2\/comments?post=8844"}],"version-history":[{"count":10,"href":"https:\/\/segurosinteligentes.com.br\/oldrh\/wp-json\/wp\/v2\/posts\/8844\/revisions"}],"predecessor-version":[{"id":8859,"href":"https:\/\/segurosinteligentes.com.br\/oldrh\/wp-json\/wp\/v2\/posts\/8844\/revisions\/8859"}],"wp:featuredmedia":[{"embeddable":true,"href":"https:\/\/segurosinteligentes.com.br\/oldrh\/wp-json\/wp\/v2\/media\/8851"}],"wp:attachment":[{"href":"https:\/\/segurosinteligentes.com.br\/oldrh\/wp-json\/wp\/v2\/media?parent=8844"}],"wp:term":[{"taxonomy":"category","embeddable":true,"href":"https:\/\/segurosinteligentes.com.br\/oldrh\/wp-json\/wp\/v2\/categories?post=8844"},{"taxonomy":"post_tag","embeddable":true,"href":"https:\/\/segurosinteligentes.com.br\/oldrh\/wp-json\/wp\/v2\/tags?post=8844"}],"curies":[{"name":"wp","href":"https:\/\/api.w.org\/{rel}","templated":true}]}}