{"id":8772,"date":"2021-11-11T14:36:58","date_gmt":"2021-11-11T16:36:58","guid":{"rendered":"https:\/\/segurosinteligentes.com.br\/oldrh\/_old\/?p=8772"},"modified":"2021-11-16T13:26:18","modified_gmt":"2021-11-16T15:26:18","slug":"comprovante-vacina-covid","status":"publish","type":"post","link":"https:\/\/segurosinteligentes.com.br\/oldrh\/comprovante-vacina-covid\/","title":{"rendered":"Empresas podem exigir vacina\u00e7\u00e3o contra a covid-19?"},"content":{"rendered":"<p>[et_pb_section admin_label=&#8221;section&#8221; transparent_background=&#8221;on&#8221; background_color=&#8221;#ffffff&#8221; allow_player_pause=&#8221;off&#8221; inner_shadow=&#8221;off&#8221; parallax=&#8221;off&#8221; parallax_method=&#8221;off&#8221; padding_mobile=&#8221;on&#8221; make_fullwidth=&#8221;off&#8221; use_custom_width=&#8221;off&#8221; width_unit=&#8221;on&#8221; make_equal=&#8221;off&#8221; use_custom_gutter=&#8221;off&#8221; custom_padding=&#8221;0px||50px|&#8221;][et_pb_row admin_label=&#8221;row&#8221; make_fullwidth=&#8221;off&#8221; use_custom_width=&#8221;on&#8221; width_unit=&#8221;off&#8221; use_custom_gutter=&#8221;off&#8221; padding_mobile=&#8221;on&#8221; allow_player_pause=&#8221;off&#8221; parallax=&#8221;off&#8221; parallax_method=&#8221;off&#8221; make_equal=&#8221;off&#8221; parallax_1=&#8221;off&#8221; parallax_method_1=&#8221;off&#8221; parallax_2=&#8221;off&#8221; parallax_method_2=&#8221;off&#8221; column_padding_mobile=&#8221;on&#8221; custom_padding=&#8221;50px|35px|50px|35px&#8221; background_color=&#8221;#ffffff&#8221;][et_pb_column type=&#8221;2_3&#8243;][et_pb_text admin_label=&#8221;tag e data&#8221; background_layout=&#8221;light&#8221; text_orientation=&#8221;left&#8221; text_font=&#8221;|on|||&#8221; text_font_size=&#8221;16&#8243; text_text_color=&#8221;#9ec31e&#8221; text_line_height=&#8221;1.5em&#8221; use_border_color=&#8221;off&#8221; border_color=&#8221;#ffffff&#8221; border_style=&#8221;solid&#8221; custom_margin=&#8221;||0px|&#8221;]<\/p>\n<p>09.NOVEMBRO.2021 | VACINA\u00c7\u00c3O<\/p>\n<h4><\/h4>\n<p>[\/et_pb_text][et_pb_text admin_label=&#8221;tag e data&#8221; background_layout=&#8221;light&#8221; text_orientation=&#8221;left&#8221; text_text_color=&#8221;#9ec31e&#8221; text_line_height=&#8221;1.5em&#8221; use_border_color=&#8221;off&#8221; border_color=&#8221;#ffffff&#8221; border_style=&#8221;solid&#8221; custom_margin=&#8221;||0px|&#8221;]<\/p>\n<p>ATUALIZA\u00c7\u00c3O: 12.NOVEMBRO.2021<\/p>\n<h4><\/h4>\n<p>[\/et_pb_text][et_pb_text admin_label=&#8221;t\u00edtulo&#8221; background_layout=&#8221;light&#8221; text_orientation=&#8221;left&#8221; text_font=&#8221;|on|||&#8221; text_font_size=&#8221;32&#8243; text_text_color=&#8221;#495358&#8243; text_line_height=&#8221;1em&#8221; use_border_color=&#8221;off&#8221; border_color=&#8221;#ffffff&#8221; border_style=&#8221;solid&#8221;]<\/p>\n<h1>Afinal, empresas podem exigir vacina\u00e7\u00e3o contra a covid-19?<\/h1>\n<p>[\/et_pb_text][et_pb_text admin_label=&#8221;conte\u00fado&#8221; background_layout=&#8221;light&#8221; text_orientation=&#8221;left&#8221; text_font=&#8221;Open Sans||||&#8221; text_text_color=&#8221;#748690&#8243; text_line_height=&#8221;1.5em&#8221; use_border_color=&#8221;off&#8221; border_color=&#8221;#ffffff&#8221; border_style=&#8221;solid&#8221;]<\/p>\n<p>O ministro\u00a0Lu\u00eds Roberto Barroso, do Supremo Tribunal Federal (STF), suspendeu nesta sexta-feira (12) trechos da portaria do governo federal que determinava a proibi\u00e7\u00e3o da exig\u00eancia de comprovante de <a href=\"https:\/\/segurosinteligentes.com.br\/oldrh\/_old\/vacina-contra-covid\/\" target=\"_blank\" rel=\"noopener\">vacina\u00e7\u00e3o contra a Covid<\/a> para funcion\u00e1rios.<\/p>\n<p>Com a decis\u00e3o,\u00a0<strong>os empregadores poder\u00e3o exigir o comprovante dos empregados<\/strong>. Al\u00e9m disso, tamb\u00e9m\u00a0poder\u00e1 haver demiss\u00e3o de quem se recusar a fornecer o comprovante, desde que isso aconte\u00e7a como \u00faltima medida, dentro do crit\u00e9rio da proporcionalidade.<\/p>\n<p>Vale lembrar que\u00a0a vacina\u00e7\u00e3o no Brasil \u00e9 obrigat\u00f3ria, mas n\u00e3o pode ser for\u00e7ada. Assim, o STF entende ser poss\u00edvel\u00a0aplicar san\u00e7\u00f5es a quem decidir n\u00e3o se imunizar.<\/p>\n<p>O ministro tamb\u00e9m <strong>suspendeu o trecho da portaria que considerava pr\u00e1tica discriminat\u00f3ria<\/strong> a exig\u00eancia de certificado de vacina\u00e7\u00e3o em processos seletivos e a demiss\u00e3o por justa causa em raz\u00e3o da n\u00e3o apresenta\u00e7\u00e3o do documento.<\/p>\n<p>No texto, Barroso afirma que &#8220;n\u00e3o h\u00e1 compara\u00e7\u00e3o poss\u00edvel entre a exig\u00eancia de vacina\u00e7\u00e3o contra a Covid-19 e a discrimina\u00e7\u00e3o por sexo, origem, ra\u00e7a, cor, estado civil, situa\u00e7\u00e3o familiar, defici\u00eancia, reabilita\u00e7\u00e3o profissional, idade ou gravidez. Esses \u00faltimos fatores n\u00e3o interferem sobre o direito \u00e0 sa\u00fade ou \u00e0 vida dos demais empregados da companhia ou de terceiros.&#8221;<\/p>\n<p>Contudo,\u00a0a exig\u00eancia\u00a0<strong>n\u00e3o deve ser aplicada a pessoas que tenham contraindica\u00e7\u00e3o m\u00e9dica<\/strong>\u00a0baseada no Plano Nacional de Vacina\u00e7\u00e3o ou em consenso cient\u00edfico.<\/p>\n<p>&nbsp;<\/p>\n<h5>Entenda a portaria do governo federal<\/h5>\n<p>Em nota t\u00e9cnica divulgada na \u00faltima sexta-feira (05), o Minist\u00e9rio P\u00fablico do Trabalho (MPT) orientou que os empregadores mantenham a exig\u00eancia do comprovante de vacina da <a href=\"https:\/\/segurosinteligentes.com.br\/oldrh\/_old\/category\/coronavirus\/\" target=\"_blank\" rel=\"noopener\">covid-19<\/a> para colaboradores e demais pessoas que desejarem entrar no ambiente de trabalho. Segundo o texto, a medida \u00e9 necess\u00e1ria para garantir a seguran\u00e7a e sa\u00fade de todos.<\/p>\n<p>A recomenda\u00e7\u00e3o do MPT foi anunciada dias depois da publica\u00e7\u00e3o da <a href=\"https:\/\/www.in.gov.br\/en\/web\/dou\/-\/portaria-mtp-n-620-de-1-de-novembro-de-2021-356175059\" target=\"_blank\" rel=\"noopener\">portaria n\u00ba 620<\/a>, na qual o Minist\u00e9rio do Trabalho e Previd\u00eancia pro\u00edbe que empresas exijam comprovante de vacina\u00e7\u00e3o ou demitam, por justa causa, funcion\u00e1rios que n\u00e3o tiverem tomado a vacina.<\/p>\n<blockquote><p>\u201cConsidera-se pr\u00e1tica discriminat\u00f3ria a obrigatoriedade de certificado de vacina\u00e7\u00e3o em processos seletivos de admiss\u00e3o de trabalhadores, assim como a demiss\u00e3o por justa causa em raz\u00e3o da n\u00e3o apresenta\u00e7\u00e3o de certificado de vacina\u00e7\u00e3o\u201d, diz a portaria publicada no dia 1\u00b0 de novembro.<\/p><\/blockquote>\n<p>Entre as puni\u00e7\u00f5es previstas para as empresas est\u00e3o: reintegra\u00e7\u00e3o do funcion\u00e1rio demitido com ressarcimento integral do sal\u00e1rio pelo per\u00edodo que ficou afastado, pagamento em dobro da remunera\u00e7\u00e3o e indeniza\u00e7\u00e3o por danos morais.<\/p>\n<p><strong>\u00a0<\/strong><\/p>\n<h3>Portaria vai contra decis\u00e3o do STF<\/h3>\n<p>Contudo, o documento contraria o Supremo Tribunal Federal (STF), que decidiu no ano passado pela obrigatoriedade da <a href=\"https:\/\/segurosinteligentes.com.br\/oldrh\/_old\/vacinacao-covid-no-brasil\/\" target=\"_blank\" rel=\"noopener\">vacina\u00e7\u00e3o contra a covid<\/a>, autorizando san\u00e7\u00f5es a quem recusar a imuniza\u00e7\u00e3o.<\/p>\n<p>Em entrevista ao G1, o professor da p\u00f3s-gradua\u00e7\u00e3o de direito do trabalho da FMU, Ricardo Calcini, diz que a portaria n\u00e3o tem status de lei e, por isso, n\u00e3o imp\u00f5e nenhuma obriga\u00e7\u00e3o para as empresas. \u201cA portaria \u00e9 ilegal, portanto, as empresas que j\u00e1 adotam o certificado de vacina\u00e7\u00e3o podem manter a exig\u00eancia\u201d, afirma.<\/p>\n<p>De acordo com Lariane Del Vecchio, advogada especialista em Direito do Trabalho do escrit\u00f3rio Aith, Badari e Luchin Advogados, tamb\u00e9m ao G1, a portaria tem for\u00e7a de orienta\u00e7\u00e3o, mas n\u00e3o legisla sobre o assunto.<\/p>\n<p><strong>\u201cA portaria vai contra os direitos coletivos como sa\u00fade. A responsabilidade sobre o ambiente de trabalho saud\u00e1vel \u00e9 do empregador, que tamb\u00e9m responde pela comprova\u00e7\u00e3o do nexo de causalidade em caso de uma doen\u00e7a ocupacional\u201d<\/strong>, aponta.<\/p>\n<p>&nbsp;<\/p>\n<h3>Trabalhador pode alegar pr\u00e1tica discriminat\u00f3ria?<\/h3>\n<p>Para Calcini, se a Justi\u00e7a do Trabalho entender que a portaria tem validade, \u00e9 poss\u00edvel com base nela que os trabalhadores que se sentirem lesados requeiram eventual pedido de nulidade da demiss\u00e3o.<\/p>\n<p>Por\u00e9m, segundo Giovanni Anderlini da Cunha, advogado da \u00e1rea trabalhista do escrit\u00f3rio Finocchio &amp; Ustra Advogados, considerando a <a href=\"https:\/\/www.in.gov.br\/en\/web\/dou\/-\/lei-n-13.979-de-6-de-fevereiro-de-2020-242078735\" target=\"_blank\" rel=\"noopener\">Lei 13.979\/20<\/a>, que permite que autoridades adotem a realiza\u00e7\u00e3o compuls\u00f3ria da vacina\u00e7\u00e3o para combater a pandemia, e o julgamento do STF sobre o tema, as chances de \u00eaxito do trabalhador seriam baixas. Sendo assim, ir\u00e1 \u201cdepender da confirma\u00e7\u00e3o do entendimento dos tribunais sobre o tema e da an\u00e1lise concreta de cada caso levado ao Judici\u00e1rio\u201d, afirma ao G1.<\/p>\n<p>Na avalia\u00e7\u00e3o de Fernando Kede, advogado especialista em Direito do Trabalho Empresarial, a portaria causa inseguran\u00e7a \u00e0s empresas, que podem ser juridicamente implicadas caso a desobede\u00e7am, apesar de estarem seguindo a orienta\u00e7\u00e3o do Minist\u00e9rio P\u00fablico do Trabalho (MPT) de exigir o comprovante.<\/p>\n<p>\u201cApesar de haver uma recomenda\u00e7\u00e3o do MPT, n\u00e3o h\u00e1 entendimento do TST sobre o assunto, e os fiscais do Minist\u00e9rio do Trabalho podem aplicar as san\u00e7\u00f5es previstas na portaria. <strong>Enquanto n\u00e3o se resolve juridicamente o imbr\u00f3glio causado pela portaria, as empresas est\u00e3o expostas a risco e devem ser cautelosas<\/strong>\u201d, afirma Kede.<\/p>\n<p>[\/et_pb_text][et_pb_text admin_label=&#8221;conte\u00fado&#8221; background_layout=&#8221;light&#8221; text_orientation=&#8221;left&#8221; text_font=&#8221;Open Sans||||&#8221; text_text_color=&#8221;#748690&#8243; text_line_height=&#8221;1.5em&#8221; use_border_color=&#8221;off&#8221; border_color=&#8221;#ffffff&#8221; border_style=&#8221;solid&#8221; text_font_size=&#8221;11&#8243;] <strong>Fonte:<\/strong> G1 [\/et_pb_text][et_pb_text admin_label=&#8221;conte\u00fado&#8221; background_layout=&#8221;light&#8221; text_orientation=&#8221;left&#8221; text_font=&#8221;Open Sans||||&#8221; text_text_color=&#8221;#748690&#8243; text_line_height=&#8221;1.5em&#8221; use_border_color=&#8221;off&#8221; border_color=&#8221;#ffffff&#8221; border_style=&#8221;solid&#8221;] <div class='et-box et-shadow'>\n\t\t\t\t\t<div class='et-box-content'>Quer ler mais artigos como este? Acompanhe as novidades do Portal RH nas\u00a0<a href=\"https:\/\/www.linkedin.com\/company\/it'sseg\/\" target=\"_blank\" rel=\"noopener\">redes sociais<\/a>\u00a0da It\u2019sSeg<\/div><\/div><\/p>\n<p>&nbsp;<\/p>\n<p>https:\/\/segurosinteligentes.com.br\/oldrh\/_old\/planos-de-saude-e-covid-19\/<\/p>\n<p>[\/et_pb_text][\/et_pb_column][et_pb_column type=&#8221;1_3&#8243;][et_pb_sidebar admin_label=&#8221;Barra Lateral&#8221; global_module=&#8221;399&#8243; orientation=&#8221;left&#8221; area=&#8221;sidebar-1&#8243; background_layout=&#8221;light&#8221; remove_border=&#8221;on&#8221; body_line_height=&#8221;1.5em&#8221; custom_css_widget=&#8221;margin-bottom: 30px !important;&#8221; saved_tabs=&#8221;all&#8221;] [\/et_pb_sidebar][\/et_pb_column][\/et_pb_row][\/et_pb_section][et_pb_section admin_label=&#8221;Se\u00e7\u00e3o&#8221; global_module=&#8221;93&#8243; fullwidth=&#8221;off&#8221; specialty=&#8221;off&#8221; transparent_background=&#8221;off&#8221; background_color=&#8221;#f9f9f9&#8243; allow_player_pause=&#8221;off&#8221; inner_shadow=&#8221;off&#8221; parallax=&#8221;off&#8221; parallax_method=&#8221;off&#8221; padding_mobile=&#8221;on&#8221; make_fullwidth=&#8221;off&#8221; use_custom_width=&#8221;off&#8221; width_unit=&#8221;on&#8221; make_equal=&#8221;off&#8221; use_custom_gutter=&#8221;off&#8221; custom_padding=&#8221;20px||20px|&#8221;][et_pb_row global_parent=&#8221;93&#8243; admin_label=&#8221;Linha&#8221; make_fullwidth=&#8221;on&#8221; use_custom_width=&#8221;off&#8221; width_unit=&#8221;on&#8221; use_custom_gutter=&#8221;on&#8221; gutter_width=&#8221;2&#8243; padding_mobile=&#8221;off&#8221; allow_player_pause=&#8221;off&#8221; parallax=&#8221;off&#8221; parallax_method=&#8221;off&#8221; make_equal=&#8221;off&#8221; parallax_1=&#8221;off&#8221; parallax_method_1=&#8221;off&#8221; parallax_2=&#8221;off&#8221; parallax_method_2=&#8221;off&#8221; parallax_3=&#8221;off&#8221; parallax_method_3=&#8221;off&#8221; column_padding_mobile=&#8221;on&#8221; module_class=&#8221;footer&#8221; module_id_1=&#8221;coluna_1&#8243; module_id_2=&#8221;coluna_2&#8243; module_id_3=&#8221;coluna_3&#8243; module_id=&#8221;footer_1&#8243;][et_pb_column type=&#8221;1_4&#8243;][et_pb_text global_parent=&#8221;93&#8243; admin_label=&#8221;logo it&#8217;sseg&#8221; background_layout=&#8221;light&#8221; text_orientation=&#8221;left&#8221; use_border_color=&#8221;off&#8221; border_color=&#8221;#ffffff&#8221; border_style=&#8221;solid&#8221;] <img decoding=\"async\" class=\"alignleft size-full wp-image-82\" src=\"https:\/\/segurosinteligentes.com.br\/oldrh\/_old\/wp-content\/uploads\/logo-seguros-inteligentes.png\" width=\"270\" \/> [\/et_pb_text][\/et_pb_column][et_pb_column type=&#8221;1_2&#8243;][et_pb_text global_parent=&#8221;93&#8243; admin_label=&#8221;copyright&#8221; background_layout=&#8221;light&#8221; text_orientation=&#8221;right&#8221; text_line_height=&#8221;1.5em&#8221; use_border_color=&#8221;off&#8221; border_color=&#8221;#ffffff&#8221; border_style=&#8221;solid&#8221; custom_padding=&#8221;|||20%&#8221; text_font=&#8221;Abel||||&#8221;] PORTAL RH IT\u2019SSEG \u00e9 uma publica\u00e7\u00e3o da It\u2019sSeg Seguros Inteligentes. N\u00e3o \u00e9 permitida a reprodu\u00e7\u00e3o do conte\u00fado, mesmo que parcial, para uso comercial de qualquer natureza. Confira <a href=\"https:\/\/itssegcompany.com.br\/lgpd\/\" target=\"_blank\" rel=\"noopener\">aqui<\/a> nossa pol\u00edtica de privacidade. [\/et_pb_text][\/et_pb_column][et_pb_column type=&#8221;1_4&#8243;][et_pb_text global_parent=&#8221;93&#8243; admin_label=&#8221;logo portal&#8221; background_layout=&#8221;light&#8221; text_orientation=&#8221;right&#8221; use_border_color=&#8221;off&#8221; border_color=&#8221;#ffffff&#8221; border_style=&#8221;solid&#8221;] <img decoding=\"async\" class=\"alignright size-full wp-image-83\" src=\"https:\/\/segurosinteligentes.com.br\/oldrh\/_old\/wp-content\/uploads\/portalrh-footer.png\" alt=\"logo_portal_footer\" width=\"270\" \/> [\/et_pb_text][\/et_pb_column][\/et_pb_row][et_pb_row global_parent=&#8221;93&#8243; admin_label=&#8221;Linha&#8221; make_fullwidth=&#8221;on&#8221; use_custom_width=&#8221;off&#8221; width_unit=&#8221;on&#8221; use_custom_gutter=&#8221;on&#8221; gutter_width=&#8221;2&#8243; padding_mobile=&#8221;on&#8221; allow_player_pause=&#8221;off&#8221; parallax=&#8221;off&#8221; parallax_method=&#8221;off&#8221; make_equal=&#8221;off&#8221; parallax_1=&#8221;off&#8221; parallax_method_1=&#8221;off&#8221; parallax_2=&#8221;off&#8221; parallax_method_2=&#8221;off&#8221; parallax_3=&#8221;off&#8221; parallax_method_3=&#8221;off&#8221; column_padding_mobile=&#8221;on&#8221; module_id_2=&#8221;coluna_2&#8243; module_id_3=&#8221;coluna_3&#8243; module_id=&#8221;footer_2&#8243; custom_padding=&#8221;||0px|&#8221;][et_pb_column type=&#8221;4_4&#8243;][et_pb_text global_parent=&#8221;93&#8243; admin_label=&#8221;copyright&#8221; background_layout=&#8221;light&#8221; text_orientation=&#8221;center&#8221; text_line_height=&#8221;1.5em&#8221; use_border_color=&#8221;off&#8221; border_color=&#8221;#ffffff&#8221; border_style=&#8221;solid&#8221; text_font=&#8221;Abel||||&#8221;] PORTAL RH IT\u2019SSEG \u00e9 uma publica\u00e7\u00e3o da It\u2019sSeg Seguros Inteligentes. N\u00e3o \u00e9 permitida a reprodu\u00e7\u00e3o do conte\u00fado, mesmo que parcial, para uso comercial de qualquer natureza. Confira <a href=\"https:\/\/itssegcompany.com.br\/lgpd\/\" target=\"_blank\" rel=\"noopener\">aqui<\/a> nossa pol\u00edtica de privacidade. [\/et_pb_text][\/et_pb_column][\/et_pb_row][et_pb_row global_parent=&#8221;93&#8243; admin_label=&#8221;Linha&#8221; make_fullwidth=&#8221;on&#8221; use_custom_width=&#8221;off&#8221; width_unit=&#8221;on&#8221; use_custom_gutter=&#8221;on&#8221; gutter_width=&#8221;2&#8243; padding_mobile=&#8221;off&#8221; allow_player_pause=&#8221;off&#8221; parallax=&#8221;off&#8221; parallax_method=&#8221;off&#8221; make_equal=&#8221;off&#8221; parallax_1=&#8221;off&#8221; parallax_method_1=&#8221;off&#8221; parallax_2=&#8221;off&#8221; parallax_method_2=&#8221;off&#8221; parallax_3=&#8221;off&#8221; parallax_method_3=&#8221;off&#8221; column_padding_mobile=&#8221;on&#8221; module_id_3=&#8221;coluna_3&#8243; module_id=&#8221;footer_2_2&#8243; custom_padding=&#8221;0px|||&#8221;][et_pb_column type=&#8221;1_2&#8243;][et_pb_text global_parent=&#8221;93&#8243; admin_label=&#8221;logo it&#8217;sseg&#8221; background_layout=&#8221;light&#8221; text_orientation=&#8221;left&#8221; use_border_color=&#8221;off&#8221; border_color=&#8221;#ffffff&#8221; border_style=&#8221;solid&#8221; module_id=&#8221;logo_itsseg_footer_1&#8243;] <img decoding=\"async\" class=\"alignleft size-full wp-image-82\" src=\"https:\/\/segurosinteligentes.com.br\/oldrh\/_old\/wp-content\/uploads\/logo-seguros-inteligentes.png\" width=\"270\" \/> [\/et_pb_text][et_pb_text global_parent=&#8221;93&#8243; admin_label=&#8221;logo it&#8217;sseg&#8221; background_layout=&#8221;light&#8221; text_orientation=&#8221;center&#8221; use_border_color=&#8221;off&#8221; border_color=&#8221;#ffffff&#8221; border_style=&#8221;solid&#8221; module_id=&#8221;logo_itsseg_footer_2&#8243;] <img decoding=\"async\" src=\"https:\/\/segurosinteligentes.com.br\/oldrh\/_old\/wp-content\/uploads\/logo-seguros-inteligentes-mobile.png\" alt=\"logo_footer_2\" width=\"70\" \/> [\/et_pb_text][\/et_pb_column][et_pb_column type=&#8221;1_2&#8243;][et_pb_text global_parent=&#8221;93&#8243; admin_label=&#8221;logo portal&#8221; background_layout=&#8221;light&#8221; text_orientation=&#8221;right&#8221; use_border_color=&#8221;off&#8221; border_color=&#8221;#ffffff&#8221; border_style=&#8221;solid&#8221; module_id=&#8221;logo_portal_itsseg_footer_2&#8243;] <img decoding=\"async\" class=\"alignright size-full wp-image-83\" src=\"https:\/\/segurosinteligentes.com.br\/oldrh\/_old\/wp-content\/uploads\/portalrh-footer.png\" alt=\"logo_portal_footer\" width=\"270\" \/> [\/et_pb_text][\/et_pb_column][\/et_pb_row][\/et_pb_section]<\/p>\n","protected":false},"excerpt":{"rendered":"<p>Ministro do STF suspendeu trechos da portaria do governo federal que determinava a proibi\u00e7\u00e3o da exig\u00eancia<\/p>\n","protected":false},"author":5,"featured_media":8787,"comment_status":"closed","ping_status":"closed","sticky":false,"template":"","format":"standard","meta":{"_et_pb_use_builder":"on","_et_pb_old_content":"","_et_gb_content_width":"","_links_to":"","_links_to_target":""},"categories":[287,13],"tags":[337],"_links":{"self":[{"href":"https:\/\/segurosinteligentes.com.br\/oldrh\/wp-json\/wp\/v2\/posts\/8772"}],"collection":[{"href":"https:\/\/segurosinteligentes.com.br\/oldrh\/wp-json\/wp\/v2\/posts"}],"about":[{"href":"https:\/\/segurosinteligentes.com.br\/oldrh\/wp-json\/wp\/v2\/types\/post"}],"author":[{"embeddable":true,"href":"https:\/\/segurosinteligentes.com.br\/oldrh\/wp-json\/wp\/v2\/users\/5"}],"replies":[{"embeddable":true,"href":"https:\/\/segurosinteligentes.com.br\/oldrh\/wp-json\/wp\/v2\/comments?post=8772"}],"version-history":[{"count":12,"href":"https:\/\/segurosinteligentes.com.br\/oldrh\/wp-json\/wp\/v2\/posts\/8772\/revisions"}],"predecessor-version":[{"id":8788,"href":"https:\/\/segurosinteligentes.com.br\/oldrh\/wp-json\/wp\/v2\/posts\/8772\/revisions\/8788"}],"wp:featuredmedia":[{"embeddable":true,"href":"https:\/\/segurosinteligentes.com.br\/oldrh\/wp-json\/wp\/v2\/media\/8787"}],"wp:attachment":[{"href":"https:\/\/segurosinteligentes.com.br\/oldrh\/wp-json\/wp\/v2\/media?parent=8772"}],"wp:term":[{"taxonomy":"category","embeddable":true,"href":"https:\/\/segurosinteligentes.com.br\/oldrh\/wp-json\/wp\/v2\/categories?post=8772"},{"taxonomy":"post_tag","embeddable":true,"href":"https:\/\/segurosinteligentes.com.br\/oldrh\/wp-json\/wp\/v2\/tags?post=8772"}],"curies":[{"name":"wp","href":"https:\/\/api.w.org\/{rel}","templated":true}]}}