{"id":8752,"date":"2021-11-03T11:40:08","date_gmt":"2021-11-03T13:40:08","guid":{"rendered":"https:\/\/segurosinteligentes.com.br\/oldrh\/_old\/?p=8752"},"modified":"2021-11-03T13:17:41","modified_gmt":"2021-11-03T15:17:41","slug":"renovacao-do-plano-de-saude","status":"publish","type":"post","link":"https:\/\/segurosinteligentes.com.br\/oldrh\/renovacao-do-plano-de-saude\/","title":{"rendered":"Como \u00e9 feita a negocia\u00e7\u00e3o do reajuste do plano de sa\u00fade?"},"content":{"rendered":"<p>[et_pb_section admin_label=&#8221;section&#8221; transparent_background=&#8221;on&#8221; background_color=&#8221;#ffffff&#8221; allow_player_pause=&#8221;off&#8221; inner_shadow=&#8221;off&#8221; parallax=&#8221;off&#8221; parallax_method=&#8221;off&#8221; padding_mobile=&#8221;on&#8221; make_fullwidth=&#8221;off&#8221; use_custom_width=&#8221;off&#8221; width_unit=&#8221;on&#8221; make_equal=&#8221;off&#8221; use_custom_gutter=&#8221;off&#8221; custom_padding=&#8221;0px||50px|&#8221;][et_pb_row admin_label=&#8221;row&#8221; make_fullwidth=&#8221;off&#8221; use_custom_width=&#8221;on&#8221; width_unit=&#8221;off&#8221; use_custom_gutter=&#8221;off&#8221; padding_mobile=&#8221;on&#8221; allow_player_pause=&#8221;off&#8221; parallax=&#8221;off&#8221; parallax_method=&#8221;off&#8221; make_equal=&#8221;off&#8221; parallax_1=&#8221;off&#8221; parallax_method_1=&#8221;off&#8221; parallax_2=&#8221;off&#8221; parallax_method_2=&#8221;off&#8221; column_padding_mobile=&#8221;on&#8221; custom_padding=&#8221;50px|35px|50px|35px&#8221; background_color=&#8221;#ffffff&#8221;][et_pb_column type=&#8221;2_3&#8243;][et_pb_text admin_label=&#8221;tag e data&#8221; background_layout=&#8221;light&#8221; text_orientation=&#8221;left&#8221; text_font=&#8221;|on|||&#8221; text_font_size=&#8221;16&#8243; text_text_color=&#8221;#9ec31e&#8221; text_line_height=&#8221;1.5em&#8221; use_border_color=&#8221;off&#8221; border_color=&#8221;#ffffff&#8221; border_style=&#8221;solid&#8221; custom_margin=&#8221;||0px|&#8221;]<\/p>\n<p>03.NOVEMBRO.2021 | RENOVA\u00c7\u00c3O DO PLANO DE SA\u00daDE<\/p>\n<p>&nbsp;<\/p>\n<p>[\/et_pb_text][et_pb_text admin_label=&#8221;t\u00edtulo&#8221; background_layout=&#8221;light&#8221; text_orientation=&#8221;left&#8221; text_font=&#8221;|on|||&#8221; text_font_size=&#8221;32&#8243; text_text_color=&#8221;#495358&#8243; text_line_height=&#8221;1em&#8221; use_border_color=&#8221;off&#8221; border_color=&#8221;#ffffff&#8221; border_style=&#8221;solid&#8221;]<\/p>\n<h1>Como \u00e9 feita a negocia\u00e7\u00e3o do reajuste do plano empresarial?<\/h1>\n<p>[\/et_pb_text][et_pb_text admin_label=&#8221;conte\u00fado&#8221; background_layout=&#8221;light&#8221; text_orientation=&#8221;left&#8221; text_font=&#8221;Open Sans||||&#8221; text_text_color=&#8221;#748690&#8243; text_line_height=&#8221;1.5em&#8221; use_border_color=&#8221;off&#8221; border_color=&#8221;#ffffff&#8221; border_style=&#8221;solid&#8221;]<\/p>\n<p>O <a href=\"https:\/\/segurosinteligentes.com.br\/oldrh\/_old\/implantacao-plano-de-saude\/\" target=\"_blank\" rel=\"noopener\">plano de sa\u00fade<\/a> representa uma fatia consider\u00e1vel do or\u00e7amento das empresas que oferecem esse benef\u00edcio aos colaboradores. Um dos motivos para o seu custo elevado \u00e9 o reajuste anual, que sofre altera\u00e7\u00f5es de acordo com a varia\u00e7\u00e3o de alguns fatores \u2013 falaremos sobre eles daqui a pouco.<\/p>\n<p>Nos planos coletivos com mais de 30 benefici\u00e1rios, o percentual de aumento da mensalidade \u00e9 um acordo estabelecido entre a operadora e a organiza\u00e7\u00e3o, levando em conta o uso dos servi\u00e7os m\u00e9dicos e hospitalares. Por isso, <strong>no momento da renova\u00e7\u00e3o do contrato \u00e9 fundamental que as empresas busquem formas de negociar.<\/strong><\/p>\n<p>&nbsp;<\/p>\n<h3>Os reajustes dos planos empresariais<\/h3>\n<p>Com o objetivo de garantir a continuidade e qualidade dos servi\u00e7os, os pre\u00e7os dos planos de sa\u00fade podem sofrer at\u00e9 tr\u00eas tipos de reajustes. Um deles \u00e9 o aumento por faixa et\u00e1ria, que ocorre conforme a varia\u00e7\u00e3o da idade dos benefici\u00e1rios. Essa corre\u00e7\u00e3o s\u00f3 pode ser aplicada nas faixas autorizadas pela <a href=\"https:\/\/www.ans.gov.br\/aans\/noticias-ans\/consumidor\/6202-entenda-o-reajuste-do-plano-de-saude\">ANS (Ag\u00eancia Nacional de Sa\u00fade Suplementar)<\/a>.<\/p>\n<p>Outro \u00e9 o chamado <strong>reajuste financeiro<\/strong>, que tem como base &#8211; na sua maioria &#8211; a infla\u00e7\u00e3o dos custos m\u00e9dicos e hospitalares (VCMH). O \u00edndice \u00e9 apurado por cada uma das operadoras de sa\u00fade e considera os pre\u00e7os unit\u00e1rios de produtos e servi\u00e7os, pagos aos seus fornecedores. Ele considera, tamb\u00e9m, o volume de utiliza\u00e7\u00e3o (frequ\u00eancia) desses itens dentro de um per\u00edodo pr\u00e9-estabelecido em contrato, geralmente de 12 meses.<\/p>\n<p>Nos contratos empresariais, h\u00e1 ainda o reajuste t\u00e9cnico, conhecido como<strong> reajuste por sinistralidade<\/strong>. Ele \u00e9 aplicado quando os gastos com a utiliza\u00e7\u00e3o dos servi\u00e7os foram maiores do que o limite previsto na ap\u00f3lice. Em outras palavras, <strong>quanto mais o plano de sa\u00fade \u00e9 utilizado, mais a taxa de sinistralidade sobe<\/strong>. E quem paga essa conta \u00e9 a empresa.<\/p>\n<p>&nbsp;<\/p>\n<h3>H\u00e1bitos impactam o custo do plano de sa\u00fade<\/h3>\n<p>A utiliza\u00e7\u00e3o desregulada do plano \u00e9 um dos grandes problemas que afetam o aumento dos custos com sa\u00fade suplementar. <strong>Muitas pessoas buscam aux\u00edlio m\u00e9dico s\u00f3 quando est\u00e3o com problemas iminentes, deixando de lado os cuidados com a sa\u00fade f\u00edsica e mental. Ent\u00e3o, quando v\u00e3o ao m\u00e9dico, a probabilidade de maior gasto \u00e9 not\u00f3ria.<\/strong> A realiza\u00e7\u00e3o de exames e consultas em excesso, al\u00e9m do uso indiscriminado do pronto-socorro, tamb\u00e9m causam preju\u00edzos alarmantes ao setor.<\/p>\n<p>Em certa medida, <a href=\"https:\/\/segurosinteligentes.com.br\/oldrh\/_old\/gestao-de-beneficios-na-crise\/\" target=\"_blank\" rel=\"noopener\">o controle da sinistralidade est\u00e1 nas m\u00e3os das empresas e do RH<\/a>. Educar o colaborador, no sentido de conscientiz\u00e1-lo sobre a import\u00e2ncia de estar em dia com os exames preventivos, manter h\u00e1bitos de vida saud\u00e1veis e usar o benef\u00edcio com responsabilidade, poderia evitar uma parcela dos servi\u00e7os utilizados \u2013 reduzindo os custos, por consequ\u00eancia.<\/p>\n<p>Se poss\u00edvel, \u00e9 interessante que a empresa conte com uma consultoria para monitorar e analisar os relat\u00f3rios de sinistralidade. O cen\u00e1rio de utiliza\u00e7\u00e3o dos benef\u00edcios traz informa\u00e7\u00f5es ocultas e importantes para a gest\u00e3o. Al\u00e9m de auxiliar em assuntos relacionados ao contrato do plano de sa\u00fade ou seguro, profissionais capacitados poder\u00e3o oferecer sugest\u00f5es para a corre\u00e7\u00e3o de desvios e participar estrategicamente do processo de negocia\u00e7\u00e3o do reajuste.<\/p>\n<p>&nbsp;<\/p>\n<h2>Negocia\u00e7\u00e3o do reajuste do plano de sa\u00fade empresarial<\/h2>\n<p>Ainda no in\u00edcio deste artigo, comentamos que o reajuste anual dos planos com 30 benefici\u00e1rios ou mais \u00e9 estabelecido a partir da rela\u00e7\u00e3o comercial entre o contratante e a operadora. Como existe um grupo maior de pessoas envolvidas na contrata\u00e7\u00e3o, h\u00e1 mais espa\u00e7o para negocia\u00e7\u00e3o entre as partes.<\/p>\n<p><strong>A verdade \u00e9 que o RH precisa reduzir custos. Mas, como fazer isso sabendo que o plano de sa\u00fade \u00e9 o benef\u00edcio mais valorizado pelos funcion\u00e1rios?<\/strong> Ser\u00e1 necess\u00e1rio conciliar ainda mais os interesses dos colaboradores e da empresa, tendo todas as informa\u00e7\u00f5es para a melhor negocia\u00e7\u00e3o com a operadora.<\/p>\n<p>Para isso, o processo de renova\u00e7\u00e3o deve ser estruturado e come\u00e7ar com anteced\u00eancia, como conta a gerente de negocia\u00e7\u00f5es na It\u2019sSeg, Samara de Carvalho:<\/p>\n<blockquote><p>\u201cCome\u00e7amos as tratativas de renova\u00e7\u00e3o 150 dias antes do anivers\u00e1rio do contrato, data em que acontecer\u00e1 o reajuste contratual. Dessa forma, conseguimos estruturar uma estrat\u00e9gia apoiada por argumentos t\u00e9cnicos, a fim de atender as necessidades reais do cliente e manter o contrato saud\u00e1vel.\u201d<\/p><\/blockquote>\n<p>Vale lembrar que, <strong>caso haja interesse em mudar de plano, ser\u00e1 preciso notificar o cancelamento dentro do prazo estabelecido na cl\u00e1usula de rescis\u00e3o.<\/strong> Ent\u00e3o, com planejamento, \u00e9 poss\u00edvel fazer a troca e cumprir o aviso pr\u00e9vio.<\/p>\n<blockquote><p>\u201cVamos analisar o contrato do cliente, os indicadores de utiliza\u00e7\u00e3o do benef\u00edcio e as taxas de sinistralidade do \u00faltimo ano. Idealmente com 120 dias de anteced\u00eancia, teremos o relat\u00f3rio dos principais componentes em desequil\u00edbrio, como a exist\u00eancia de hiper consultadores, e as estimativas de reajuste\u201d, continua Samara.<\/p><\/blockquote>\n<p>Esse relat\u00f3rio permite que o RH tenha uma ampla vis\u00e3o dos cen\u00e1rios e possa fazer sua escolha com embasamento. Pois, \u00e9 neste momento que ele decide:\u00a0<strong>negociar a ap\u00f3lice atual ou mudar de operadora.<\/strong><\/p>\n<p>Tomada a decis\u00e3o, h\u00e1 ainda uma segunda etapa do processo de renova\u00e7\u00e3o. Considerando o perfil da empresa e or\u00e7amento pr\u00e9-estabelecido, cerca de 30 dias depois haver\u00e1 a apresenta\u00e7\u00e3o do resultado da negocia\u00e7\u00e3o com o plano atual ou o estudo de mercado.<\/p>\n<p>Esta \u00e9 a oportunidade de avaliar o que pode ser feito para controlar o aumento dos custos de sa\u00fade. <strong>Ao saber exatamente quais fatores influenciam essa subida, existem alternativas que podem ir \u00e0 mesa para que, no fim, o reajuste aplicado seja satisfat\u00f3rio para todos os envolvidos.<\/strong><\/p>\n<p>[\/et_pb_text][et_pb_text admin_label=&#8221;conte\u00fado&#8221; background_layout=&#8221;light&#8221; text_orientation=&#8221;left&#8221; text_font=&#8221;Open Sans||||&#8221; text_text_color=&#8221;#748690&#8243; text_line_height=&#8221;1.5em&#8221; use_border_color=&#8221;off&#8221; border_color=&#8221;#ffffff&#8221; border_style=&#8221;solid&#8221;]<\/p>\n<p>&nbsp;<\/p>\n<div class='et-box et-shadow'>\n\t\t\t\t\t<div class='et-box-content'>A It&#8217;sSeg \u00e9 uma consultoria de benef\u00edcios e gest\u00e3o\u00a0de risco\u00a0de forma inteligente. Temos uma equipe respons\u00e1vel por garantir que nossos clientes tenham todas as informa\u00e7\u00f5es necess\u00e1rias para a melhor negocia\u00e7\u00e3o na contrata\u00e7\u00e3o dos seus benef\u00edcios. <a href=\"https:\/\/segurosinteligentes.com.br\/contato\/\" target=\"_blank\" rel=\"noopener\">Fale com a gente!<\/a><\/div><\/div>\n<p>&nbsp;<\/p>\n<p>https:\/\/segurosinteligentes.com.br\/oldrh\/_old\/gestao-de-beneficios-na-crise\/<\/p>\n<p>[\/et_pb_text][\/et_pb_column][et_pb_column type=&#8221;1_3&#8243;][et_pb_sidebar admin_label=&#8221;Barra Lateral&#8221; global_module=&#8221;399&#8243; orientation=&#8221;left&#8221; area=&#8221;sidebar-1&#8243; background_layout=&#8221;light&#8221; remove_border=&#8221;on&#8221; body_line_height=&#8221;1.5em&#8221; custom_css_widget=&#8221;margin-bottom: 30px !important;&#8221; saved_tabs=&#8221;all&#8221;] [\/et_pb_sidebar][\/et_pb_column][\/et_pb_row][\/et_pb_section][et_pb_section admin_label=&#8221;Se\u00e7\u00e3o&#8221; global_module=&#8221;93&#8243; fullwidth=&#8221;off&#8221; specialty=&#8221;off&#8221; transparent_background=&#8221;off&#8221; background_color=&#8221;#f9f9f9&#8243; allow_player_pause=&#8221;off&#8221; inner_shadow=&#8221;off&#8221; parallax=&#8221;off&#8221; parallax_method=&#8221;off&#8221; padding_mobile=&#8221;on&#8221; make_fullwidth=&#8221;off&#8221; use_custom_width=&#8221;off&#8221; width_unit=&#8221;on&#8221; make_equal=&#8221;off&#8221; use_custom_gutter=&#8221;off&#8221; custom_padding=&#8221;20px||20px|&#8221;][et_pb_row global_parent=&#8221;93&#8243; admin_label=&#8221;Linha&#8221; make_fullwidth=&#8221;on&#8221; use_custom_width=&#8221;off&#8221; width_unit=&#8221;on&#8221; use_custom_gutter=&#8221;on&#8221; gutter_width=&#8221;2&#8243; padding_mobile=&#8221;off&#8221; allow_player_pause=&#8221;off&#8221; parallax=&#8221;off&#8221; parallax_method=&#8221;off&#8221; make_equal=&#8221;off&#8221; parallax_1=&#8221;off&#8221; parallax_method_1=&#8221;off&#8221; parallax_2=&#8221;off&#8221; parallax_method_2=&#8221;off&#8221; parallax_3=&#8221;off&#8221; parallax_method_3=&#8221;off&#8221; column_padding_mobile=&#8221;on&#8221; module_class=&#8221;footer&#8221; module_id_1=&#8221;coluna_1&#8243; module_id_2=&#8221;coluna_2&#8243; module_id_3=&#8221;coluna_3&#8243; module_id=&#8221;footer_1&#8243;][et_pb_column type=&#8221;1_4&#8243;][et_pb_text global_parent=&#8221;93&#8243; admin_label=&#8221;logo it&#8217;sseg&#8221; background_layout=&#8221;light&#8221; text_orientation=&#8221;left&#8221; use_border_color=&#8221;off&#8221; border_color=&#8221;#ffffff&#8221; border_style=&#8221;solid&#8221;] <img decoding=\"async\" class=\"alignleft size-full wp-image-82\" src=\"https:\/\/segurosinteligentes.com.br\/oldrh\/_old\/wp-content\/uploads\/logo-seguros-inteligentes.png\" width=\"270\" \/> [\/et_pb_text][\/et_pb_column][et_pb_column type=&#8221;1_2&#8243;][et_pb_text global_parent=&#8221;93&#8243; admin_label=&#8221;copyright&#8221; background_layout=&#8221;light&#8221; text_orientation=&#8221;right&#8221; text_line_height=&#8221;1.5em&#8221; use_border_color=&#8221;off&#8221; border_color=&#8221;#ffffff&#8221; border_style=&#8221;solid&#8221; custom_padding=&#8221;|||20%&#8221; text_font=&#8221;Abel||||&#8221;] PORTAL RH IT\u2019SSEG \u00e9 uma publica\u00e7\u00e3o da It\u2019sSeg Seguros Inteligentes. N\u00e3o \u00e9 permitida a reprodu\u00e7\u00e3o do conte\u00fado, mesmo que parcial, para uso comercial de qualquer natureza. Confira <a href=\"https:\/\/itssegcompany.com.br\/lgpd\/\" target=\"_blank\" rel=\"noopener\">aqui<\/a> nossa pol\u00edtica de privacidade. [\/et_pb_text][\/et_pb_column][et_pb_column type=&#8221;1_4&#8243;][et_pb_text global_parent=&#8221;93&#8243; admin_label=&#8221;logo portal&#8221; background_layout=&#8221;light&#8221; text_orientation=&#8221;right&#8221; use_border_color=&#8221;off&#8221; border_color=&#8221;#ffffff&#8221; border_style=&#8221;solid&#8221;] <img decoding=\"async\" class=\"alignright size-full wp-image-83\" src=\"https:\/\/segurosinteligentes.com.br\/oldrh\/_old\/wp-content\/uploads\/portalrh-footer.png\" alt=\"logo_portal_footer\" width=\"270\" \/> [\/et_pb_text][\/et_pb_column][\/et_pb_row][et_pb_row global_parent=&#8221;93&#8243; admin_label=&#8221;Linha&#8221; make_fullwidth=&#8221;on&#8221; use_custom_width=&#8221;off&#8221; width_unit=&#8221;on&#8221; use_custom_gutter=&#8221;on&#8221; gutter_width=&#8221;2&#8243; padding_mobile=&#8221;on&#8221; allow_player_pause=&#8221;off&#8221; parallax=&#8221;off&#8221; parallax_method=&#8221;off&#8221; make_equal=&#8221;off&#8221; parallax_1=&#8221;off&#8221; parallax_method_1=&#8221;off&#8221; parallax_2=&#8221;off&#8221; parallax_method_2=&#8221;off&#8221; parallax_3=&#8221;off&#8221; parallax_method_3=&#8221;off&#8221; column_padding_mobile=&#8221;on&#8221; module_id_2=&#8221;coluna_2&#8243; module_id_3=&#8221;coluna_3&#8243; module_id=&#8221;footer_2&#8243; custom_padding=&#8221;||0px|&#8221;][et_pb_column type=&#8221;4_4&#8243;][et_pb_text global_parent=&#8221;93&#8243; admin_label=&#8221;copyright&#8221; background_layout=&#8221;light&#8221; text_orientation=&#8221;center&#8221; text_line_height=&#8221;1.5em&#8221; use_border_color=&#8221;off&#8221; border_color=&#8221;#ffffff&#8221; border_style=&#8221;solid&#8221; text_font=&#8221;Abel||||&#8221;] PORTAL RH IT\u2019SSEG \u00e9 uma publica\u00e7\u00e3o da It\u2019sSeg Seguros Inteligentes. N\u00e3o \u00e9 permitida a reprodu\u00e7\u00e3o do conte\u00fado, mesmo que parcial, para uso comercial de qualquer natureza. Confira <a href=\"https:\/\/itssegcompany.com.br\/lgpd\/\" target=\"_blank\" rel=\"noopener\">aqui<\/a> nossa pol\u00edtica de privacidade. [\/et_pb_text][\/et_pb_column][\/et_pb_row][et_pb_row global_parent=&#8221;93&#8243; admin_label=&#8221;Linha&#8221; make_fullwidth=&#8221;on&#8221; use_custom_width=&#8221;off&#8221; width_unit=&#8221;on&#8221; use_custom_gutter=&#8221;on&#8221; gutter_width=&#8221;2&#8243; padding_mobile=&#8221;off&#8221; allow_player_pause=&#8221;off&#8221; parallax=&#8221;off&#8221; parallax_method=&#8221;off&#8221; make_equal=&#8221;off&#8221; parallax_1=&#8221;off&#8221; parallax_method_1=&#8221;off&#8221; parallax_2=&#8221;off&#8221; parallax_method_2=&#8221;off&#8221; parallax_3=&#8221;off&#8221; parallax_method_3=&#8221;off&#8221; column_padding_mobile=&#8221;on&#8221; module_id_3=&#8221;coluna_3&#8243; module_id=&#8221;footer_2_2&#8243; custom_padding=&#8221;0px|||&#8221;][et_pb_column type=&#8221;1_2&#8243;][et_pb_text global_parent=&#8221;93&#8243; admin_label=&#8221;logo it&#8217;sseg&#8221; background_layout=&#8221;light&#8221; text_orientation=&#8221;left&#8221; use_border_color=&#8221;off&#8221; border_color=&#8221;#ffffff&#8221; border_style=&#8221;solid&#8221; module_id=&#8221;logo_itsseg_footer_1&#8243;] <img decoding=\"async\" class=\"alignleft size-full wp-image-82\" src=\"https:\/\/segurosinteligentes.com.br\/oldrh\/_old\/wp-content\/uploads\/logo-seguros-inteligentes.png\" width=\"270\" \/> [\/et_pb_text][et_pb_text global_parent=&#8221;93&#8243; admin_label=&#8221;logo it&#8217;sseg&#8221; background_layout=&#8221;light&#8221; text_orientation=&#8221;center&#8221; use_border_color=&#8221;off&#8221; border_color=&#8221;#ffffff&#8221; border_style=&#8221;solid&#8221; module_id=&#8221;logo_itsseg_footer_2&#8243;] <img decoding=\"async\" src=\"https:\/\/segurosinteligentes.com.br\/oldrh\/_old\/wp-content\/uploads\/logo-seguros-inteligentes-mobile.png\" alt=\"logo_footer_2\" width=\"70\" \/> [\/et_pb_text][\/et_pb_column][et_pb_column type=&#8221;1_2&#8243;][et_pb_text global_parent=&#8221;93&#8243; admin_label=&#8221;logo portal&#8221; background_layout=&#8221;light&#8221; text_orientation=&#8221;right&#8221; use_border_color=&#8221;off&#8221; border_color=&#8221;#ffffff&#8221; border_style=&#8221;solid&#8221; module_id=&#8221;logo_portal_itsseg_footer_2&#8243;] <img decoding=\"async\" class=\"alignright size-full wp-image-83\" src=\"https:\/\/segurosinteligentes.com.br\/oldrh\/_old\/wp-content\/uploads\/portalrh-footer.png\" alt=\"logo_portal_footer\" width=\"270\" \/> [\/et_pb_text][\/et_pb_column][\/et_pb_row][\/et_pb_section]<\/p>\n","protected":false},"excerpt":{"rendered":"<p>A verdade \u00e9 que o RH precisa reduzir custos. Mas, como fazer isso sabendo que o plano de sa\u00fade \u00e9 o benef\u00edcio mais valorizado pelos funcion\u00e1rios?<\/p>\n","protected":false},"author":5,"featured_media":8756,"comment_status":"closed","ping_status":"closed","sticky":false,"template":"","format":"standard","meta":{"_et_pb_use_builder":"on","_et_pb_old_content":"","_et_gb_content_width":"","_links_to":"","_links_to_target":""},"categories":[3],"tags":[347],"_links":{"self":[{"href":"https:\/\/segurosinteligentes.com.br\/oldrh\/wp-json\/wp\/v2\/posts\/8752"}],"collection":[{"href":"https:\/\/segurosinteligentes.com.br\/oldrh\/wp-json\/wp\/v2\/posts"}],"about":[{"href":"https:\/\/segurosinteligentes.com.br\/oldrh\/wp-json\/wp\/v2\/types\/post"}],"author":[{"embeddable":true,"href":"https:\/\/segurosinteligentes.com.br\/oldrh\/wp-json\/wp\/v2\/users\/5"}],"replies":[{"embeddable":true,"href":"https:\/\/segurosinteligentes.com.br\/oldrh\/wp-json\/wp\/v2\/comments?post=8752"}],"version-history":[{"count":7,"href":"https:\/\/segurosinteligentes.com.br\/oldrh\/wp-json\/wp\/v2\/posts\/8752\/revisions"}],"predecessor-version":[{"id":8763,"href":"https:\/\/segurosinteligentes.com.br\/oldrh\/wp-json\/wp\/v2\/posts\/8752\/revisions\/8763"}],"wp:featuredmedia":[{"embeddable":true,"href":"https:\/\/segurosinteligentes.com.br\/oldrh\/wp-json\/wp\/v2\/media\/8756"}],"wp:attachment":[{"href":"https:\/\/segurosinteligentes.com.br\/oldrh\/wp-json\/wp\/v2\/media?parent=8752"}],"wp:term":[{"taxonomy":"category","embeddable":true,"href":"https:\/\/segurosinteligentes.com.br\/oldrh\/wp-json\/wp\/v2\/categories?post=8752"},{"taxonomy":"post_tag","embeddable":true,"href":"https:\/\/segurosinteligentes.com.br\/oldrh\/wp-json\/wp\/v2\/tags?post=8752"}],"curies":[{"name":"wp","href":"https:\/\/api.w.org\/{rel}","templated":true}]}}