{"id":8087,"date":"2021-05-26T14:11:43","date_gmt":"2021-05-26T17:11:43","guid":{"rendered":"https:\/\/segurosinteligentes.com.br\/oldrh\/_old\/?p=8087"},"modified":"2021-06-10T14:53:08","modified_gmt":"2021-06-10T17:53:08","slug":"o-que-e-esg-no-rh","status":"publish","type":"post","link":"https:\/\/segurosinteligentes.com.br\/oldrh\/o-que-e-esg-no-rh\/","title":{"rendered":"O que \u00e9 ESG e onde o RH entra nessa conversa?"},"content":{"rendered":"<p>[et_pb_section admin_label=&#8221;section&#8221; transparent_background=&#8221;on&#8221; background_color=&#8221;#ffffff&#8221; allow_player_pause=&#8221;off&#8221; inner_shadow=&#8221;off&#8221; parallax=&#8221;off&#8221; parallax_method=&#8221;off&#8221; padding_mobile=&#8221;on&#8221; make_fullwidth=&#8221;off&#8221; use_custom_width=&#8221;off&#8221; width_unit=&#8221;on&#8221; make_equal=&#8221;off&#8221; use_custom_gutter=&#8221;off&#8221; custom_padding=&#8221;0px||50px|&#8221;][et_pb_row admin_label=&#8221;row&#8221; make_fullwidth=&#8221;off&#8221; use_custom_width=&#8221;on&#8221; width_unit=&#8221;off&#8221; use_custom_gutter=&#8221;off&#8221; padding_mobile=&#8221;on&#8221; allow_player_pause=&#8221;off&#8221; parallax=&#8221;off&#8221; parallax_method=&#8221;off&#8221; make_equal=&#8221;off&#8221; parallax_1=&#8221;off&#8221; parallax_method_1=&#8221;off&#8221; parallax_2=&#8221;off&#8221; parallax_method_2=&#8221;off&#8221; column_padding_mobile=&#8221;on&#8221; custom_padding=&#8221;50px|35px|50px|35px&#8221; background_color=&#8221;#ffffff&#8221;][et_pb_column type=&#8221;2_3&#8243;][et_pb_text admin_label=&#8221;tag e data&#8221; background_layout=&#8221;light&#8221; text_orientation=&#8221;left&#8221; text_font=&#8221;|on|||&#8221; text_font_size=&#8221;16&#8243; text_text_color=&#8221;#9ec31e&#8221; text_line_height=&#8221;1.5em&#8221; use_border_color=&#8221;off&#8221; border_color=&#8221;#ffffff&#8221; border_style=&#8221;solid&#8221; custom_margin=&#8221;||0px|&#8221;]<\/p>\n<p>DESENVOLVIMENTO ORGANIZACIONAL | 26.MAIO.2021<\/p>\n<h4><\/h4>\n<p>[\/et_pb_text][et_pb_text admin_label=&#8221;t\u00edtulo&#8221; background_layout=&#8221;light&#8221; text_orientation=&#8221;left&#8221; text_font=&#8221;|on|||&#8221; text_font_size=&#8221;32&#8243; text_text_color=&#8221;#495358&#8243; text_line_height=&#8221;1.2em&#8221; use_border_color=&#8221;off&#8221; border_color=&#8221;#ffffff&#8221; border_style=&#8221;solid&#8221;]<\/p>\n<p>O que \u00e9 ESG e onde o RH entra nessa conversa?<\/p>\n<p>[\/et_pb_text][et_pb_text admin_label=&#8221;conte\u00fado&#8221; background_layout=&#8221;light&#8221; text_orientation=&#8221;left&#8221; text_font=&#8221;Open Sans||||&#8221; text_text_color=&#8221;#748690&#8243; text_line_height=&#8221;1.6em&#8221; use_border_color=&#8221;off&#8221; border_color=&#8221;#ffffff&#8221; border_style=&#8221;solid&#8221;]<\/p>\n<p>O tema ESG come\u00e7ou a se intensificar recentemente no Brasil. No \u00faltimo ano, discuss\u00f5es acerca do assunto em redes sociais cresceram mais de 7 vezes, segundo relat\u00f3rio do Pacto Global da ONU (Organiza\u00e7\u00e3o das Na\u00e7\u00f5es Unidas). No setor empresarial, 84% dos representantes afirmaram que o interesse sobre os crit\u00e9rios ESG aumentou em 2020.<\/p>\n<p>Al\u00e9m da quest\u00e3o \u00e9tica e do compromisso social, conquistar novos mercados, reduzir riscos e acessar cr\u00e9dito mais barato s\u00e3o algumas vantagens para empresas com essa estrat\u00e9gia, na qual bons resultados financeiros e desenvolvimento sustent\u00e1vel caminham juntos.<\/p>\n<p>No RH, a ado\u00e7\u00e3o de conceitos ESG \u00e9 um reflexo da preocupa\u00e7\u00e3o social e tamb\u00e9m da necessidade de mudan\u00e7a cultural nas empresas, do comportamento de suas lideran\u00e7as e funcion\u00e1rios. A seguir, entenda o que isso significa e como a \u00e1rea pode atuar estrategicamente.<\/p>\n<p>[\/et_pb_text][et_pb_text admin_label=&#8221;veja+&#8221; background_layout=&#8221;light&#8221; text_orientation=&#8221;left&#8221; text_font=&#8221;Open Sans||||&#8221; text_text_color=&#8221;#748690&#8243; text_line_height=&#8221;1.6em&#8221; use_border_color=&#8221;off&#8221; border_color=&#8221;#ffffff&#8221; border_style=&#8221;solid&#8221;]<\/p>\n<blockquote><p><strong>Veja tamb\u00e9m:<\/strong><\/p>\n<p><a href=\"https:\/\/segurosinteligentes.com.br\/oldrh\/_old\/riscos-do-trabalho-noturno\/\" target=\"_blank\" rel=\"noopener\">Trabalhar \u00e0 noite faz mal \u00e0 sa\u00fade? Como minimizar riscos<\/a><\/p>\n<p><a href=\"https:\/\/segurosinteligentes.com.br\/oldrh\/_old\/trabalho-hibrido\/\" target=\"_blank\" rel=\"noopener\">Cinco tend\u00eancias e estrat\u00e9gias para o Trabalho H\u00edbrido<\/a><\/p><\/blockquote>\n<p>[\/et_pb_text][et_pb_text admin_label=&#8221;conte\u00fado&#8221; background_layout=&#8221;light&#8221; text_orientation=&#8221;left&#8221; text_font=&#8221;Open Sans||||&#8221; text_text_color=&#8221;#748690&#8243; text_line_height=&#8221;1.6em&#8221; use_border_color=&#8221;off&#8221; border_color=&#8221;#ffffff&#8221; border_style=&#8221;solid&#8221;]<\/p>\n<h4>O que a sigla ESG quer dizer sobre uma empresa?<\/h4>\n<p>ESG \u00e9 uma sigla em ingl\u00eas para <em>environmental, social and governance<\/em>. S\u00e3o as <strong>pr\u00e1ticas ambientais, sociais e de governan\u00e7a de uma organiza\u00e7\u00e3o.<\/strong> O termo foi cunhado pelo secret\u00e1rio-geral da ONU Kofi Annan em uma publica\u00e7\u00e3o do Pacto Global, em 2004, sobre como integrar esses tr\u00eas fatores no mercado de capitais.<\/p>\n<p>Contudo, o pensamento de um desenvolvimento sustent\u00e1vel, no qual os neg\u00f3cios criassem valor para todas as partes interessadas, havia come\u00e7ado a ganhar for\u00e7a alguns anos antes, com o fil\u00f3sofo Edward Freeman em seu livro \u201cStrategic Management: A Stakeholder Approach\u201d. E a pr\u00f3pria Organiza\u00e7\u00e3o das Na\u00e7\u00f5es Unidas contribuiu para a conversa, em 1987, apontando a import\u00e2ncia de suprir as necessidades atuais sem afetar as futuras gera\u00e7\u00f5es.<\/p>\n<p>Basicamente, ESG \u00e9 o olhar do setor financeiro para essas quest\u00f5es. Com as empresas sendo acompanhadas de perto por investidores e consumidores cada vez mais atentos, al\u00e9m do resultado financeiro, seu compromisso socioambiental ganha evid\u00eancia: torna-se indicativo de <strong>maior competitividade e maior resili\u00eancia<\/strong>, seja no mercado interno ou externo.<\/p>\n<p>&nbsp;<\/p>\n<h4>Quais s\u00e3o os crit\u00e9rios ESG?<\/h4>\n<p>De modo simplista, \u00e9 dito que estar em conformidade com as pr\u00e1ticas ESG significa agir para <strong>minimizar impactos negativos na sociedade e potencializar os positivos<\/strong>, assim como equacionar preju\u00edzos j\u00e1 provocados.<\/p>\n<p>S\u00e3o esperadas iniciativas de combate \u00e0s amea\u00e7as ambientais<strong> (Environmental)<\/strong>, pensando principalmente nos impactos de longo prazo. Mais do que obedecer \u00e0s normas e leis, essas empresas integram a sustentabilidade \u00e0 estrat\u00e9gia de neg\u00f3cios.<\/p>\n<p>A esfera <strong>Social<\/strong> tem a ver com criar um valor compartilhado, no qual clientes, colaboradores, fornecedores e at\u00e9 as comunidades onde est\u00e3o inseridas sejam contempladas. Eliminar pr\u00e1ticas de discrimina\u00e7\u00e3o no emprego, n\u00e3o violar direitos humanos e assegurar o bem-estar de todos s\u00e3o pontos importantes.<\/p>\n<p>Da governan\u00e7a <strong>(Governance)<\/strong> s\u00e3o esperadas transpar\u00eancia, \u00e9tica e responsabilidade ao tomar decis\u00f5es em assuntos como Pessoas, Remunera\u00e7\u00e3o e Risco. H\u00e1 ainda a preocupa\u00e7\u00e3o com a forma\u00e7\u00e3o das pr\u00f3ximas lideran\u00e7as e cria\u00e7\u00e3o de mecanismos internos de <em>compliance<\/em>.<\/p>\n<p>&nbsp;<\/p>\n<h4>Como o RH faz parte disso?<\/h4>\n<p>No Brasil, os par\u00e2metros ESG est\u00e3o em seu est\u00e1gio inicial. Essa abordagem, contudo, est\u00e1 evoluindo. \u00c9 n\u00edtido que empresas que n\u00e3o consideram quest\u00f5es ambientais e sociais est\u00e3o mais expostas a impactos negativos, no curto e longo prazo.<\/p>\n<p>Por\u00e9m, sem a participa\u00e7\u00e3o efetiva do RH nenhuma estrat\u00e9gia de ESG \u00e9 vi\u00e1vel. Ela exige mudan\u00e7a de cultura, demanda pol\u00edticas de diversidade e inclus\u00e3o, forma\u00e7\u00e3o de novos l\u00edderes, identifica\u00e7\u00e3o de novas compet\u00eancias e o desenho de pol\u00edticas de remunera\u00e7\u00e3o vari\u00e1vel condicionada aos \u00edndices de sustentabilidade, social e governan\u00e7a.<\/p>\n<p>Os l\u00edderes e conselhos de administra\u00e7\u00e3o s\u00e3o o elo de integra\u00e7\u00e3o dessa agenda no planejamento e rotina de todos os colaboradores \u2013 que por sua vez, s\u00e3o fundamentais para transmitir a cultura da empresa n\u00e3o s\u00f3 aos clientes, mas \u00e0s pessoas que est\u00e3o a sua volta.<\/p>\n<p>[\/et_pb_text][et_pb_text admin_label=&#8221;fontes&#8221; background_layout=&#8221;light&#8221; text_orientation=&#8221;left&#8221; text_font=&#8221;Open Sans||||&#8221; text_text_color=&#8221;#748690&#8243; text_line_height=&#8221;1.6em&#8221; use_border_color=&#8221;off&#8221; border_color=&#8221;#ffffff&#8221; border_style=&#8221;solid&#8221; text_font_size_last_edited=&#8221;off|desktop&#8221; text_font_size=&#8221;11&#8243;]<\/p>\n<p>Fontes:\u00a0<a href=\"https:\/\/www.pactoglobal.org.br\/pg\/esg\" target=\"_blank\" rel=\"noopener\">Pacto Global da ONU<\/a>, <a href=\"https:\/\/acestartups.com.br\/esg\/\" target=\"_blank\" rel=\"noopener\">ACE Cortex<\/a>.<\/p>\n<p>[\/et_pb_text][et_pb_text admin_label=&#8221;box&#8221; background_layout=&#8221;light&#8221; text_orientation=&#8221;left&#8221; text_font=&#8221;Open Sans||||&#8221; text_text_color=&#8221;#748690&#8243; text_line_height=&#8221;1.6em&#8221; use_border_color=&#8221;off&#8221; border_color=&#8221;#ffffff&#8221; border_style=&#8221;solid&#8221;] <div class='et-box et-shadow'>\n\t\t\t\t\t<div class='et-box-content'>Siga a It\u2019sSeg no\u00a0<a href=\"https:\/\/www.linkedin.com\/company\/it'sseg\/\" target=\"_blank\" rel=\"noopener\">LinkedIn<\/a>\u00a0e fique por dentro das atualiza\u00e7\u00f5es do Portal RH!<\/div><\/div> [\/et_pb_text][\/et_pb_column][et_pb_column type=&#8221;1_3&#8243;][et_pb_sidebar admin_label=&#8221;Barra Lateral&#8221; global_module=&#8221;399&#8243; orientation=&#8221;left&#8221; area=&#8221;sidebar-1&#8243; background_layout=&#8221;light&#8221; remove_border=&#8221;on&#8221; body_line_height=&#8221;1.5em&#8221; custom_css_widget=&#8221;margin-bottom: 30px !important;&#8221; saved_tabs=&#8221;all&#8221;] [\/et_pb_sidebar][\/et_pb_column][\/et_pb_row][\/et_pb_section][et_pb_section admin_label=&#8221;Se\u00e7\u00e3o&#8221; global_module=&#8221;93&#8243; fullwidth=&#8221;off&#8221; specialty=&#8221;off&#8221; transparent_background=&#8221;off&#8221; background_color=&#8221;#f9f9f9&#8243; allow_player_pause=&#8221;off&#8221; inner_shadow=&#8221;off&#8221; parallax=&#8221;off&#8221; parallax_method=&#8221;off&#8221; padding_mobile=&#8221;on&#8221; make_fullwidth=&#8221;off&#8221; use_custom_width=&#8221;off&#8221; width_unit=&#8221;on&#8221; make_equal=&#8221;off&#8221; use_custom_gutter=&#8221;off&#8221; custom_padding=&#8221;20px||20px|&#8221;][et_pb_row global_parent=&#8221;93&#8243; admin_label=&#8221;Linha&#8221; make_fullwidth=&#8221;on&#8221; use_custom_width=&#8221;off&#8221; width_unit=&#8221;on&#8221; use_custom_gutter=&#8221;on&#8221; gutter_width=&#8221;2&#8243; padding_mobile=&#8221;off&#8221; allow_player_pause=&#8221;off&#8221; parallax=&#8221;off&#8221; parallax_method=&#8221;off&#8221; make_equal=&#8221;off&#8221; parallax_1=&#8221;off&#8221; parallax_method_1=&#8221;off&#8221; parallax_2=&#8221;off&#8221; parallax_method_2=&#8221;off&#8221; parallax_3=&#8221;off&#8221; parallax_method_3=&#8221;off&#8221; column_padding_mobile=&#8221;on&#8221; module_class=&#8221;footer&#8221; module_id_1=&#8221;coluna_1&#8243; module_id_2=&#8221;coluna_2&#8243; module_id_3=&#8221;coluna_3&#8243; module_id=&#8221;footer_1&#8243;][et_pb_column type=&#8221;1_4&#8243;][et_pb_text global_parent=&#8221;93&#8243; admin_label=&#8221;logo it&#8217;sseg&#8221; background_layout=&#8221;light&#8221; text_orientation=&#8221;left&#8221; use_border_color=&#8221;off&#8221; border_color=&#8221;#ffffff&#8221; border_style=&#8221;solid&#8221;] <img decoding=\"async\" class=\"alignleft size-full wp-image-82\" src=\"https:\/\/segurosinteligentes.com.br\/oldrh\/_old\/wp-content\/uploads\/logo-seguros-inteligentes.png\" width=\"270\" \/> [\/et_pb_text][\/et_pb_column][et_pb_column type=&#8221;1_2&#8243;][et_pb_text global_parent=&#8221;93&#8243; admin_label=&#8221;copyright&#8221; background_layout=&#8221;light&#8221; text_orientation=&#8221;right&#8221; text_line_height=&#8221;1.5em&#8221; use_border_color=&#8221;off&#8221; border_color=&#8221;#ffffff&#8221; border_style=&#8221;solid&#8221; custom_padding=&#8221;|||20%&#8221; text_font=&#8221;Abel||||&#8221;] PORTAL RH IT\u2019SSEG \u00e9 uma publica\u00e7\u00e3o da It\u2019sSeg Seguros Inteligentes. N\u00e3o \u00e9 permitida a reprodu\u00e7\u00e3o do conte\u00fado, mesmo que parcial, para uso comercial de qualquer natureza. Confira <a href=\"https:\/\/itssegcompany.com.br\/lgpd\/\" target=\"_blank\" rel=\"noopener\">aqui<\/a> nossa pol\u00edtica de privacidade. [\/et_pb_text][\/et_pb_column][et_pb_column type=&#8221;1_4&#8243;][et_pb_text global_parent=&#8221;93&#8243; admin_label=&#8221;logo portal&#8221; background_layout=&#8221;light&#8221; text_orientation=&#8221;right&#8221; use_border_color=&#8221;off&#8221; border_color=&#8221;#ffffff&#8221; border_style=&#8221;solid&#8221;] <img decoding=\"async\" class=\"alignright size-full wp-image-83\" src=\"https:\/\/segurosinteligentes.com.br\/oldrh\/_old\/wp-content\/uploads\/portalrh-footer.png\" alt=\"logo_portal_footer\" width=\"270\" \/> [\/et_pb_text][\/et_pb_column][\/et_pb_row][et_pb_row global_parent=&#8221;93&#8243; admin_label=&#8221;Linha&#8221; make_fullwidth=&#8221;on&#8221; use_custom_width=&#8221;off&#8221; width_unit=&#8221;on&#8221; use_custom_gutter=&#8221;on&#8221; gutter_width=&#8221;2&#8243; padding_mobile=&#8221;on&#8221; allow_player_pause=&#8221;off&#8221; parallax=&#8221;off&#8221; parallax_method=&#8221;off&#8221; make_equal=&#8221;off&#8221; parallax_1=&#8221;off&#8221; parallax_method_1=&#8221;off&#8221; parallax_2=&#8221;off&#8221; parallax_method_2=&#8221;off&#8221; parallax_3=&#8221;off&#8221; parallax_method_3=&#8221;off&#8221; column_padding_mobile=&#8221;on&#8221; module_id_2=&#8221;coluna_2&#8243; module_id_3=&#8221;coluna_3&#8243; module_id=&#8221;footer_2&#8243; custom_padding=&#8221;||0px|&#8221;][et_pb_column type=&#8221;4_4&#8243;][et_pb_text global_parent=&#8221;93&#8243; admin_label=&#8221;copyright&#8221; background_layout=&#8221;light&#8221; text_orientation=&#8221;center&#8221; text_line_height=&#8221;1.5em&#8221; use_border_color=&#8221;off&#8221; border_color=&#8221;#ffffff&#8221; border_style=&#8221;solid&#8221; text_font=&#8221;Abel||||&#8221;] PORTAL RH IT\u2019SSEG \u00e9 uma publica\u00e7\u00e3o da It\u2019sSeg Seguros Inteligentes. N\u00e3o \u00e9 permitida a reprodu\u00e7\u00e3o do conte\u00fado, mesmo que parcial, para uso comercial de qualquer natureza. Confira <a href=\"https:\/\/itssegcompany.com.br\/lgpd\/\" target=\"_blank\" rel=\"noopener\">aqui<\/a> nossa pol\u00edtica de privacidade. [\/et_pb_text][\/et_pb_column][\/et_pb_row][et_pb_row global_parent=&#8221;93&#8243; admin_label=&#8221;Linha&#8221; make_fullwidth=&#8221;on&#8221; use_custom_width=&#8221;off&#8221; width_unit=&#8221;on&#8221; use_custom_gutter=&#8221;on&#8221; gutter_width=&#8221;2&#8243; padding_mobile=&#8221;off&#8221; allow_player_pause=&#8221;off&#8221; parallax=&#8221;off&#8221; parallax_method=&#8221;off&#8221; make_equal=&#8221;off&#8221; parallax_1=&#8221;off&#8221; parallax_method_1=&#8221;off&#8221; parallax_2=&#8221;off&#8221; parallax_method_2=&#8221;off&#8221; parallax_3=&#8221;off&#8221; parallax_method_3=&#8221;off&#8221; column_padding_mobile=&#8221;on&#8221; module_id_3=&#8221;coluna_3&#8243; module_id=&#8221;footer_2_2&#8243; custom_padding=&#8221;0px|||&#8221;][et_pb_column type=&#8221;1_2&#8243;][et_pb_text global_parent=&#8221;93&#8243; admin_label=&#8221;logo it&#8217;sseg&#8221; background_layout=&#8221;light&#8221; text_orientation=&#8221;left&#8221; use_border_color=&#8221;off&#8221; border_color=&#8221;#ffffff&#8221; border_style=&#8221;solid&#8221; module_id=&#8221;logo_itsseg_footer_1&#8243;] <img decoding=\"async\" class=\"alignleft size-full wp-image-82\" src=\"https:\/\/segurosinteligentes.com.br\/oldrh\/_old\/wp-content\/uploads\/logo-seguros-inteligentes.png\" width=\"270\" \/> [\/et_pb_text][et_pb_text global_parent=&#8221;93&#8243; admin_label=&#8221;logo it&#8217;sseg&#8221; background_layout=&#8221;light&#8221; text_orientation=&#8221;center&#8221; use_border_color=&#8221;off&#8221; border_color=&#8221;#ffffff&#8221; border_style=&#8221;solid&#8221; module_id=&#8221;logo_itsseg_footer_2&#8243;] <img decoding=\"async\" src=\"https:\/\/segurosinteligentes.com.br\/oldrh\/_old\/wp-content\/uploads\/logo-seguros-inteligentes-mobile.png\" alt=\"logo_footer_2\" width=\"70\" \/> [\/et_pb_text][\/et_pb_column][et_pb_column type=&#8221;1_2&#8243;][et_pb_text global_parent=&#8221;93&#8243; admin_label=&#8221;logo portal&#8221; background_layout=&#8221;light&#8221; text_orientation=&#8221;right&#8221; use_border_color=&#8221;off&#8221; border_color=&#8221;#ffffff&#8221; border_style=&#8221;solid&#8221; module_id=&#8221;logo_portal_itsseg_footer_2&#8243;] <img decoding=\"async\" class=\"alignright size-full wp-image-83\" src=\"https:\/\/segurosinteligentes.com.br\/oldrh\/_old\/wp-content\/uploads\/portalrh-footer.png\" alt=\"logo_portal_footer\" width=\"270\" \/> [\/et_pb_text][\/et_pb_column][\/et_pb_row][\/et_pb_section]<\/p>\n","protected":false},"excerpt":{"rendered":"<p>Sem a participa\u00e7\u00e3o efetiva do RH, alguma estrat\u00e9gia de ESG \u00e9 vi\u00e1vel?<\/p>\n","protected":false},"author":5,"featured_media":8100,"comment_status":"closed","ping_status":"closed","sticky":false,"template":"","format":"standard","meta":{"_et_pb_use_builder":"on","_et_pb_old_content":"","_et_gb_content_width":"","_links_to":"","_links_to_target":""},"categories":[3],"tags":[326],"_links":{"self":[{"href":"https:\/\/segurosinteligentes.com.br\/oldrh\/wp-json\/wp\/v2\/posts\/8087"}],"collection":[{"href":"https:\/\/segurosinteligentes.com.br\/oldrh\/wp-json\/wp\/v2\/posts"}],"about":[{"href":"https:\/\/segurosinteligentes.com.br\/oldrh\/wp-json\/wp\/v2\/types\/post"}],"author":[{"embeddable":true,"href":"https:\/\/segurosinteligentes.com.br\/oldrh\/wp-json\/wp\/v2\/users\/5"}],"replies":[{"embeddable":true,"href":"https:\/\/segurosinteligentes.com.br\/oldrh\/wp-json\/wp\/v2\/comments?post=8087"}],"version-history":[{"count":15,"href":"https:\/\/segurosinteligentes.com.br\/oldrh\/wp-json\/wp\/v2\/posts\/8087\/revisions"}],"predecessor-version":[{"id":8158,"href":"https:\/\/segurosinteligentes.com.br\/oldrh\/wp-json\/wp\/v2\/posts\/8087\/revisions\/8158"}],"wp:featuredmedia":[{"embeddable":true,"href":"https:\/\/segurosinteligentes.com.br\/oldrh\/wp-json\/wp\/v2\/media\/8100"}],"wp:attachment":[{"href":"https:\/\/segurosinteligentes.com.br\/oldrh\/wp-json\/wp\/v2\/media?parent=8087"}],"wp:term":[{"taxonomy":"category","embeddable":true,"href":"https:\/\/segurosinteligentes.com.br\/oldrh\/wp-json\/wp\/v2\/categories?post=8087"},{"taxonomy":"post_tag","embeddable":true,"href":"https:\/\/segurosinteligentes.com.br\/oldrh\/wp-json\/wp\/v2\/tags?post=8087"}],"curies":[{"name":"wp","href":"https:\/\/api.w.org\/{rel}","templated":true}]}}