{"id":7959,"date":"2021-04-26T17:23:30","date_gmt":"2021-04-26T20:23:30","guid":{"rendered":"https:\/\/segurosinteligentes.com.br\/oldrh\/_old\/?p=7959"},"modified":"2021-04-26T17:25:06","modified_gmt":"2021-04-26T20:25:06","slug":"covid-segunda-dose-da-vacina","status":"publish","type":"post","link":"https:\/\/segurosinteligentes.com.br\/oldrh\/covid-segunda-dose-da-vacina\/","title":{"rendered":"Vacina Covid-19: Atrasar segunda dose n\u00e3o \u00e9 boa ideia"},"content":{"rendered":"<p>[et_pb_section admin_label=&#8221;section&#8221; transparent_background=&#8221;on&#8221; background_color=&#8221;#ffffff&#8221; allow_player_pause=&#8221;off&#8221; inner_shadow=&#8221;off&#8221; parallax=&#8221;off&#8221; parallax_method=&#8221;off&#8221; padding_mobile=&#8221;on&#8221; make_fullwidth=&#8221;off&#8221; use_custom_width=&#8221;off&#8221; width_unit=&#8221;on&#8221; make_equal=&#8221;off&#8221; use_custom_gutter=&#8221;off&#8221; custom_padding=&#8221;0px||50px|&#8221;][et_pb_row admin_label=&#8221;row&#8221; make_fullwidth=&#8221;off&#8221; use_custom_width=&#8221;on&#8221; width_unit=&#8221;off&#8221; use_custom_gutter=&#8221;off&#8221; padding_mobile=&#8221;on&#8221; allow_player_pause=&#8221;off&#8221; parallax=&#8221;off&#8221; parallax_method=&#8221;off&#8221; make_equal=&#8221;off&#8221; parallax_1=&#8221;off&#8221; parallax_method_1=&#8221;off&#8221; parallax_2=&#8221;off&#8221; parallax_method_2=&#8221;off&#8221; column_padding_mobile=&#8221;on&#8221; custom_padding=&#8221;50px|35px|50px|35px&#8221; background_color=&#8221;#ffffff&#8221;][et_pb_column type=&#8221;2_3&#8243;][et_pb_text admin_label=&#8221;tag e data&#8221; background_layout=&#8221;light&#8221; text_orientation=&#8221;left&#8221; text_font=&#8221;|on|||&#8221; text_font_size=&#8221;16&#8243; text_text_color=&#8221;#9ec31e&#8221; text_line_height=&#8221;1.5em&#8221; use_border_color=&#8221;off&#8221; border_color=&#8221;#ffffff&#8221; border_style=&#8221;solid&#8221; custom_margin=&#8221;||0px|&#8221;]<\/p>\n<p>GUARDE ESSA DATA | 26.ABRIL.2021<\/p>\n<h4><\/h4>\n<p>[\/et_pb_text][et_pb_text admin_label=&#8221;t\u00edtulo&#8221; background_layout=&#8221;light&#8221; text_orientation=&#8221;left&#8221; text_font=&#8221;|on|||&#8221; text_font_size=&#8221;32&#8243; text_text_color=&#8221;#495358&#8243; text_line_height=&#8221;1em&#8221; use_border_color=&#8221;off&#8221; border_color=&#8221;#ffffff&#8221; border_style=&#8221;solid&#8221;] Vacina Covid-19: Atrasar segunda dose n\u00e3o \u00e9 boa ideia [\/et_pb_text][et_pb_text admin_label=&#8221;conte\u00fado&#8221; background_layout=&#8221;light&#8221; text_orientation=&#8221;left&#8221; text_font=&#8221;Open Sans||||&#8221; text_text_color=&#8221;#748690&#8243; text_line_height=&#8221;1.5em&#8221; use_border_color=&#8221;off&#8221; border_color=&#8221;#ffffff&#8221; border_style=&#8221;solid&#8221;]<\/p>\n<p>As vacinas contra <a href=\"https:\/\/segurosinteligentes.com.br\/oldrh\/_old\/category\/coronavirus\/\" target=\"_blank\" rel=\"noopener\">Covid-19<\/a> dispon\u00edveis, atualmente, no Brasil s\u00e3o administradas em esquema de duas doses para sua m\u00e1xima efic\u00e1cia: com intervalo de 28 dias para a CoronaVac\/Instituto Butantan e 12 semanas (tr\u00eas meses) para o imunizante da AstraZeneca\/Oxford.<\/p>\n<p>Um levantamento do Minist\u00e9rio da Sa\u00fade concluiu, no entanto, que pelo menos 1,5 milh\u00e3o de brasileiros n\u00e3o retornou para completar o esquema vacinal com a segunda dose. Esse atraso pode trazer efeitos negativos no controle da pandemia, tais como:<\/p>\n<ul>\n<li>a n\u00e3o obten\u00e7\u00e3o da efic\u00e1cia m\u00e1xima da vacina, deixando a pessoa parcialmente imunizada, com risco de infec\u00e7\u00f5es graves e complica\u00e7\u00f5es relacionadas;<\/li>\n<li>sensa\u00e7\u00e3o de falsa imunidade, com redu\u00e7\u00e3o das medidas de preven\u00e7\u00e3o;<\/li>\n<li>redu\u00e7\u00e3o da efic\u00e1cia da segunda dose, ao administr\u00e1-la com atraso;<\/li>\n<li>maior probabilidade de que uma <a href=\"https:\/\/segurosinteligentes.com.br\/oldrh\/_old\/mutacoes-do-coronavirus\/\" target=\"_blank\" rel=\"noopener\">variante do v\u00edrus<\/a> possa surgir, escapar da resposta imunol\u00f3gica e se espalhar rapidamente;<\/li>\n<li>necessidade de reiniciar o esquema vacinal, aumentando o n\u00famero de doses necess\u00e1rias para atender ao programa de imuniza\u00e7\u00e3o.<\/li>\n<\/ul>\n<p>Frente ao atual cen\u00e1rio de aumento do n\u00famero de casos da doen\u00e7a no pa\u00eds, e tamb\u00e9m de escassez de vacinas, \u00e9 fundamental que se esteja atento \u00e0 data recomendada para tomar a segunda dose.<\/p>\n<h3><\/h3>\n<h4>Por que a segunda dose da vacina \u00e9 importante?<\/h4>\n<p>A vacina contra o coronav\u00edrus \u00e9 uma ferramenta essencial para controlar a pandemia. Al\u00e9m de reduzir sua chance de ficar doente pela metade, comparado com algu\u00e9m que n\u00e3o se vacinou, ela diminui em praticamente cinco vezes o risco de desenvolver a doen\u00e7a grave.<\/p>\n<p>Pessoas totalmente vacinadas tamb\u00e9m t\u00eam menos chances de ter infec\u00e7\u00e3o assintom\u00e1tica e, potencialmente, menos probabilidade de transmitir a Sars-CoV-2 a outras pessoas.<\/p>\n<p>Ambas as vacinas dispon\u00edveis no Brasil oferecem prote\u00e7\u00e3o acima do limite m\u00ednimo de 50%, definido como um dos crit\u00e9rios para a autoriza\u00e7\u00e3o de uso de emerg\u00eancia. Mas a efic\u00e1cia dessas vacinas foi testada em um regime de duas doses.<\/p>\n<p>A primeira dose da vacina serve, \u00e0 princ\u00edpio, para apresentar o v\u00edrus ao sistema imunol\u00f3gico. Nessa fase, a resposta do organismo ainda \u00e9 baixa. <strong>A segunda dose ajuda a refor\u00e7ar a imunidade e mant\u00ea-la por mais tempo.<\/strong><\/p>\n<p>Portanto, se algu\u00e9m tomar apenas a primeira dose e se esquecer da segunda, n\u00e3o estar\u00e1 devidamente protegido.<\/p>\n<h3><\/h3>\n<h4>O que fazer se esquecer a segunda dose?<\/h4>\n<p>Mesmo com atraso, \u00e9 importante completar a imuniza\u00e7\u00e3o. Ou seja, se voc\u00ea tomou a primeira dose da vacina contra o coronav\u00edrus, deve receber a segunda, ainda que o prazo ultrapasse a previs\u00e3o inicial. <strong>As duas doses devem ser do mesmo fabricante.<\/strong><\/p>\n<p>Vale lembrar que a vacina\u00e7\u00e3o n\u00e3o deve ser realizada em conjunto com outros imunizantes, como a vacina da gripe. \u00c9 preciso respeitar um intervalo de 14 dias entre uma vacina e outra.<\/p>\n<p>Infec\u00e7\u00f5es respirat\u00f3rias leves, como sinusite e resfriado, ou mesmo hist\u00f3rico de Covid-19 n\u00e3o contraindicam a vacina\u00e7\u00e3o.<\/p>\n<p>Caso voc\u00ea tenha recebido o diagn\u00f3stico de infec\u00e7\u00e3o pelo coronav\u00edrus ap\u00f3s tomar a primeira dose da vacina, aguarde pelo menos 28 dias ap\u00f3s o in\u00edcio dos sintomas (ou da realiza\u00e7\u00e3o do exame diagn\u00f3stico) para completar a segunda aplica\u00e7\u00e3o.<\/p>\n<blockquote><p><strong>Leia tamb\u00e9m:<\/strong><\/p>\n<p><a href=\"https:\/\/segurosinteligentes.com.br\/oldrh\/_old\/gripe-e-coronavirus\/\" target=\"_blank\" rel=\"noopener\">Vacina da gripe e coronav\u00edrus: o que voc\u00ea precisa saber<\/a><\/p>\n<p><a href=\"https:\/\/segurosinteligentes.com.br\/oldrh\/_old\/pcr-sorologia-e-teste-rapido\/\" target=\"_blank\" rel=\"noopener\">Diferen\u00e7a entre PCR, sorologia e teste r\u00e1pido para detec\u00e7\u00e3o da Covid-19<\/a><\/p><\/blockquote>\n<p>&nbsp;<\/p>\n<p><div class='et-box et-shadow'>\n\t\t\t\t\t<div class='et-box-content'>Siga a It&#8217;sSeg no\u00a0<a href=\"https:\/\/www.linkedin.com\/company\/it'sseg\/\" target=\"_blank\" rel=\"noopener\">LinkedIn<\/a>\u00a0e fique por dentro das novidades do Portal RH!<\/div><\/div> [\/et_pb_text][\/et_pb_column][et_pb_column type=&#8221;1_3&#8243;][et_pb_sidebar admin_label=&#8221;Barra Lateral&#8221; global_module=&#8221;399&#8243; orientation=&#8221;left&#8221; area=&#8221;sidebar-1&#8243; background_layout=&#8221;light&#8221; remove_border=&#8221;on&#8221; body_line_height=&#8221;1.5em&#8221; custom_css_widget=&#8221;margin-bottom: 30px !important;&#8221; saved_tabs=&#8221;all&#8221;] [\/et_pb_sidebar][\/et_pb_column][\/et_pb_row][\/et_pb_section][et_pb_section admin_label=&#8221;Se\u00e7\u00e3o&#8221; global_module=&#8221;93&#8243; fullwidth=&#8221;off&#8221; specialty=&#8221;off&#8221; transparent_background=&#8221;off&#8221; background_color=&#8221;#f9f9f9&#8243; allow_player_pause=&#8221;off&#8221; inner_shadow=&#8221;off&#8221; parallax=&#8221;off&#8221; parallax_method=&#8221;off&#8221; padding_mobile=&#8221;on&#8221; make_fullwidth=&#8221;off&#8221; use_custom_width=&#8221;off&#8221; width_unit=&#8221;on&#8221; make_equal=&#8221;off&#8221; use_custom_gutter=&#8221;off&#8221; custom_padding=&#8221;20px||20px|&#8221;][et_pb_row global_parent=&#8221;93&#8243; admin_label=&#8221;Linha&#8221; make_fullwidth=&#8221;on&#8221; use_custom_width=&#8221;off&#8221; width_unit=&#8221;on&#8221; use_custom_gutter=&#8221;on&#8221; gutter_width=&#8221;2&#8243; padding_mobile=&#8221;off&#8221; allow_player_pause=&#8221;off&#8221; parallax=&#8221;off&#8221; parallax_method=&#8221;off&#8221; make_equal=&#8221;off&#8221; parallax_1=&#8221;off&#8221; parallax_method_1=&#8221;off&#8221; parallax_2=&#8221;off&#8221; parallax_method_2=&#8221;off&#8221; parallax_3=&#8221;off&#8221; parallax_method_3=&#8221;off&#8221; column_padding_mobile=&#8221;on&#8221; module_class=&#8221;footer&#8221; module_id_1=&#8221;coluna_1&#8243; module_id_2=&#8221;coluna_2&#8243; module_id_3=&#8221;coluna_3&#8243; module_id=&#8221;footer_1&#8243;][et_pb_column type=&#8221;1_4&#8243;][et_pb_text global_parent=&#8221;93&#8243; admin_label=&#8221;logo it&#8217;sseg&#8221; background_layout=&#8221;light&#8221; text_orientation=&#8221;left&#8221; use_border_color=&#8221;off&#8221; border_color=&#8221;#ffffff&#8221; border_style=&#8221;solid&#8221;] <img decoding=\"async\" class=\"alignleft size-full wp-image-82\" src=\"https:\/\/segurosinteligentes.com.br\/oldrh\/_old\/wp-content\/uploads\/logo-seguros-inteligentes.png\" width=\"270\" \/> [\/et_pb_text][\/et_pb_column][et_pb_column type=&#8221;1_2&#8243;][et_pb_text global_parent=&#8221;93&#8243; admin_label=&#8221;copyright&#8221; background_layout=&#8221;light&#8221; text_orientation=&#8221;right&#8221; text_line_height=&#8221;1.5em&#8221; use_border_color=&#8221;off&#8221; border_color=&#8221;#ffffff&#8221; border_style=&#8221;solid&#8221; custom_padding=&#8221;|||20%&#8221; text_font=&#8221;Abel||||&#8221;] PORTAL RH IT\u2019SSEG \u00e9 uma publica\u00e7\u00e3o da It\u2019sSeg Seguros Inteligentes. N\u00e3o \u00e9 permitida a reprodu\u00e7\u00e3o do conte\u00fado, mesmo que parcial, para uso comercial de qualquer natureza. Confira <a href=\"https:\/\/itssegcompany.com.br\/lgpd\/\" target=\"_blank\" rel=\"noopener\">aqui<\/a> nossa pol\u00edtica de privacidade. [\/et_pb_text][\/et_pb_column][et_pb_column type=&#8221;1_4&#8243;][et_pb_text global_parent=&#8221;93&#8243; admin_label=&#8221;logo portal&#8221; background_layout=&#8221;light&#8221; text_orientation=&#8221;right&#8221; use_border_color=&#8221;off&#8221; border_color=&#8221;#ffffff&#8221; border_style=&#8221;solid&#8221;] <img decoding=\"async\" class=\"alignright size-full wp-image-83\" src=\"https:\/\/segurosinteligentes.com.br\/oldrh\/_old\/wp-content\/uploads\/portalrh-footer.png\" alt=\"logo_portal_footer\" width=\"270\" \/> [\/et_pb_text][\/et_pb_column][\/et_pb_row][et_pb_row global_parent=&#8221;93&#8243; admin_label=&#8221;Linha&#8221; make_fullwidth=&#8221;on&#8221; use_custom_width=&#8221;off&#8221; width_unit=&#8221;on&#8221; use_custom_gutter=&#8221;on&#8221; gutter_width=&#8221;2&#8243; padding_mobile=&#8221;on&#8221; allow_player_pause=&#8221;off&#8221; parallax=&#8221;off&#8221; parallax_method=&#8221;off&#8221; make_equal=&#8221;off&#8221; parallax_1=&#8221;off&#8221; parallax_method_1=&#8221;off&#8221; parallax_2=&#8221;off&#8221; parallax_method_2=&#8221;off&#8221; parallax_3=&#8221;off&#8221; parallax_method_3=&#8221;off&#8221; column_padding_mobile=&#8221;on&#8221; module_id_2=&#8221;coluna_2&#8243; module_id_3=&#8221;coluna_3&#8243; module_id=&#8221;footer_2&#8243; custom_padding=&#8221;||0px|&#8221;][et_pb_column type=&#8221;4_4&#8243;][et_pb_text global_parent=&#8221;93&#8243; admin_label=&#8221;copyright&#8221; background_layout=&#8221;light&#8221; text_orientation=&#8221;center&#8221; text_line_height=&#8221;1.5em&#8221; use_border_color=&#8221;off&#8221; border_color=&#8221;#ffffff&#8221; border_style=&#8221;solid&#8221; text_font=&#8221;Abel||||&#8221;] PORTAL RH IT\u2019SSEG \u00e9 uma publica\u00e7\u00e3o da It\u2019sSeg Seguros Inteligentes. N\u00e3o \u00e9 permitida a reprodu\u00e7\u00e3o do conte\u00fado, mesmo que parcial, para uso comercial de qualquer natureza. Confira <a href=\"https:\/\/itssegcompany.com.br\/lgpd\/\" target=\"_blank\" rel=\"noopener\">aqui<\/a> nossa pol\u00edtica de privacidade. [\/et_pb_text][\/et_pb_column][\/et_pb_row][et_pb_row global_parent=&#8221;93&#8243; admin_label=&#8221;Linha&#8221; make_fullwidth=&#8221;on&#8221; use_custom_width=&#8221;off&#8221; width_unit=&#8221;on&#8221; use_custom_gutter=&#8221;on&#8221; gutter_width=&#8221;2&#8243; padding_mobile=&#8221;off&#8221; allow_player_pause=&#8221;off&#8221; parallax=&#8221;off&#8221; parallax_method=&#8221;off&#8221; make_equal=&#8221;off&#8221; parallax_1=&#8221;off&#8221; parallax_method_1=&#8221;off&#8221; parallax_2=&#8221;off&#8221; parallax_method_2=&#8221;off&#8221; parallax_3=&#8221;off&#8221; parallax_method_3=&#8221;off&#8221; column_padding_mobile=&#8221;on&#8221; module_id_3=&#8221;coluna_3&#8243; module_id=&#8221;footer_2_2&#8243; custom_padding=&#8221;0px|||&#8221;][et_pb_column type=&#8221;1_2&#8243;][et_pb_text global_parent=&#8221;93&#8243; admin_label=&#8221;logo it&#8217;sseg&#8221; background_layout=&#8221;light&#8221; text_orientation=&#8221;left&#8221; use_border_color=&#8221;off&#8221; border_color=&#8221;#ffffff&#8221; border_style=&#8221;solid&#8221; module_id=&#8221;logo_itsseg_footer_1&#8243;] <img decoding=\"async\" class=\"alignleft size-full wp-image-82\" src=\"https:\/\/segurosinteligentes.com.br\/oldrh\/_old\/wp-content\/uploads\/logo-seguros-inteligentes.png\" width=\"270\" \/> [\/et_pb_text][et_pb_text global_parent=&#8221;93&#8243; admin_label=&#8221;logo it&#8217;sseg&#8221; background_layout=&#8221;light&#8221; text_orientation=&#8221;center&#8221; use_border_color=&#8221;off&#8221; border_color=&#8221;#ffffff&#8221; border_style=&#8221;solid&#8221; module_id=&#8221;logo_itsseg_footer_2&#8243;] <img decoding=\"async\" src=\"https:\/\/segurosinteligentes.com.br\/oldrh\/_old\/wp-content\/uploads\/logo-seguros-inteligentes-mobile.png\" alt=\"logo_footer_2\" width=\"70\" \/> [\/et_pb_text][\/et_pb_column][et_pb_column type=&#8221;1_2&#8243;][et_pb_text global_parent=&#8221;93&#8243; admin_label=&#8221;logo portal&#8221; background_layout=&#8221;light&#8221; text_orientation=&#8221;right&#8221; use_border_color=&#8221;off&#8221; border_color=&#8221;#ffffff&#8221; border_style=&#8221;solid&#8221; module_id=&#8221;logo_portal_itsseg_footer_2&#8243;] <img decoding=\"async\" class=\"alignright size-full wp-image-83\" src=\"https:\/\/segurosinteligentes.com.br\/oldrh\/_old\/wp-content\/uploads\/portalrh-footer.png\" alt=\"logo_portal_footer\" width=\"270\" \/> [\/et_pb_text][\/et_pb_column][\/et_pb_row][\/et_pb_section]<\/p>\n","protected":false},"excerpt":{"rendered":"<p>Pelo menos 1,5 milh\u00e3o de brasileiros n\u00e3o retornou para tomar a segunda dose da vacina contra Covid. Esse atraso pode trazer efeitos negativos no controle da pandemia<\/p>\n","protected":false},"author":5,"featured_media":7962,"comment_status":"closed","ping_status":"closed","sticky":false,"template":"","format":"standard","meta":{"_et_pb_use_builder":"on","_et_pb_old_content":"","_et_gb_content_width":"","_links_to":"","_links_to_target":""},"categories":[287],"tags":[325],"_links":{"self":[{"href":"https:\/\/segurosinteligentes.com.br\/oldrh\/wp-json\/wp\/v2\/posts\/7959"}],"collection":[{"href":"https:\/\/segurosinteligentes.com.br\/oldrh\/wp-json\/wp\/v2\/posts"}],"about":[{"href":"https:\/\/segurosinteligentes.com.br\/oldrh\/wp-json\/wp\/v2\/types\/post"}],"author":[{"embeddable":true,"href":"https:\/\/segurosinteligentes.com.br\/oldrh\/wp-json\/wp\/v2\/users\/5"}],"replies":[{"embeddable":true,"href":"https:\/\/segurosinteligentes.com.br\/oldrh\/wp-json\/wp\/v2\/comments?post=7959"}],"version-history":[{"count":5,"href":"https:\/\/segurosinteligentes.com.br\/oldrh\/wp-json\/wp\/v2\/posts\/7959\/revisions"}],"predecessor-version":[{"id":7965,"href":"https:\/\/segurosinteligentes.com.br\/oldrh\/wp-json\/wp\/v2\/posts\/7959\/revisions\/7965"}],"wp:featuredmedia":[{"embeddable":true,"href":"https:\/\/segurosinteligentes.com.br\/oldrh\/wp-json\/wp\/v2\/media\/7962"}],"wp:attachment":[{"href":"https:\/\/segurosinteligentes.com.br\/oldrh\/wp-json\/wp\/v2\/media?parent=7959"}],"wp:term":[{"taxonomy":"category","embeddable":true,"href":"https:\/\/segurosinteligentes.com.br\/oldrh\/wp-json\/wp\/v2\/categories?post=7959"},{"taxonomy":"post_tag","embeddable":true,"href":"https:\/\/segurosinteligentes.com.br\/oldrh\/wp-json\/wp\/v2\/tags?post=7959"}],"curies":[{"name":"wp","href":"https:\/\/api.w.org\/{rel}","templated":true}]}}