{"id":7764,"date":"2021-03-15T00:01:35","date_gmt":"2021-03-15T03:01:35","guid":{"rendered":"https:\/\/segurosinteligentes.com.br\/oldrh\/_old\/?p=7764"},"modified":"2021-03-03T15:59:42","modified_gmt":"2021-03-03T18:59:42","slug":"doencas-cronicas-no-trabalho","status":"publish","type":"post","link":"https:\/\/segurosinteligentes.com.br\/oldrh\/doencas-cronicas-no-trabalho\/","title":{"rendered":"A import\u00e2ncia de falar sobre doen\u00e7as cr\u00f4nicas no trabalho"},"content":{"rendered":"<p>[et_pb_section admin_label=&#8221;section&#8221; transparent_background=&#8221;on&#8221; background_color=&#8221;#ffffff&#8221; allow_player_pause=&#8221;off&#8221; inner_shadow=&#8221;off&#8221; parallax=&#8221;off&#8221; parallax_method=&#8221;off&#8221; padding_mobile=&#8221;on&#8221; make_fullwidth=&#8221;off&#8221; use_custom_width=&#8221;off&#8221; width_unit=&#8221;on&#8221; make_equal=&#8221;off&#8221; use_custom_gutter=&#8221;off&#8221; custom_padding=&#8221;0px||50px|&#8221;][et_pb_row admin_label=&#8221;row&#8221; make_fullwidth=&#8221;off&#8221; use_custom_width=&#8221;on&#8221; width_unit=&#8221;off&#8221; use_custom_gutter=&#8221;off&#8221; padding_mobile=&#8221;on&#8221; allow_player_pause=&#8221;off&#8221; parallax=&#8221;off&#8221; parallax_method=&#8221;off&#8221; make_equal=&#8221;off&#8221; parallax_1=&#8221;off&#8221; parallax_method_1=&#8221;off&#8221; parallax_2=&#8221;off&#8221; parallax_method_2=&#8221;off&#8221; column_padding_mobile=&#8221;on&#8221; custom_padding=&#8221;50px|35px|50px|35px&#8221; background_color=&#8221;#ffffff&#8221;][et_pb_column type=&#8221;2_3&#8243;][et_pb_text admin_label=&#8221;tag e data&#8221; background_layout=&#8221;light&#8221; text_orientation=&#8221;left&#8221; text_font=&#8221;|on|||&#8221; text_font_size=&#8221;16&#8243; text_text_color=&#8221;#9ec31e&#8221; text_line_height=&#8221;1.5em&#8221; use_border_color=&#8221;off&#8221; border_color=&#8221;#ffffff&#8221; border_style=&#8221;solid&#8221; custom_margin=&#8221;||0px|&#8221;]<\/p>\n<p>GEST\u00c3O DA SA\u00daDE | 15.MAR\u00c7O.2021<\/p>\n<h4><\/h4>\n<p>[\/et_pb_text][et_pb_text admin_label=&#8221;t\u00edtulo&#8221; background_layout=&#8221;light&#8221; text_orientation=&#8221;left&#8221; text_font=&#8221;|on|||&#8221; text_font_size=&#8221;32&#8243; text_text_color=&#8221;#495358&#8243; text_line_height=&#8221;1.2em&#8221; use_border_color=&#8221;off&#8221; border_color=&#8221;#ffffff&#8221; border_style=&#8221;solid&#8221;] A import\u00e2ncia de falar sobre doen\u00e7as cr\u00f4nicas no trabalho [\/et_pb_text][et_pb_text admin_label=&#8221;conte\u00fado&#8221; background_layout=&#8221;light&#8221; text_orientation=&#8221;left&#8221; text_font=&#8221;Open Sans||||&#8221; text_text_color=&#8221;#748690&#8243; text_line_height=&#8221;1.6em&#8221; use_border_color=&#8221;off&#8221; border_color=&#8221;#ffffff&#8221; border_style=&#8221;solid&#8221;]<\/p>\n<p>\u00c9 muito prov\u00e1vel que algu\u00e9m no seu trabalho \u2013 ou mesmo voc\u00ea \u2013 tenha uma doen\u00e7a cr\u00f4nica. Na verdade, <a href=\"https:\/\/agenciabrasil.ebc.com.br\/saude\/noticia\/2020-11\/ibge-pelo-menos-uma-doenca-cronica-afetou-52-dos-adultos-em-2019\" target=\"_blank\" rel=\"noopener\">52% dos brasileiros<\/a> com mais de 18 anos vivem com pelo menos uma doen\u00e7a de longa dura\u00e7\u00e3o e tratamento cont\u00ednuo, sendo as mais prevalentes a hipertens\u00e3o, os problemas na coluna, a depress\u00e3o e o diabetes.<\/p>\n<p>A doen\u00e7a cr\u00f4nica pode durar v\u00e1rios meses a uma vida inteira, o que a torna um dos maiores problemas de sa\u00fade p\u00fablica do Brasil e do mundo. Seus impactos permeiam a ocorr\u00eancia de mortes prematuras, perda de qualidade de vida, aparecimento de incapacidades e elevados custos econ\u00f4micos para a sociedade.<\/p>\n<p>Pessoas com doen\u00e7as cr\u00f4nicas utilizam mais os servi\u00e7os de sa\u00fade, interna\u00e7\u00e3o e consulta m\u00e9dica. A dor cr\u00f4nica tamb\u00e9m \u00e9 a principal causa de absente\u00edsmo, licen\u00e7as m\u00e9dicas, aposentadorias, indeniza\u00e7\u00f5es trabalhistas e baixa produtividade no trabalho. A depress\u00e3o, por exemplo, foi a 10\u00aa doen\u00e7a com mais afastamentos em 2017.<\/p>\n<h3><\/h3>\n<h4>Como apoiar funcion\u00e1rios com doen\u00e7as cr\u00f4nicas<\/h4>\n<p>Apesar dessa onipresen\u00e7a, as empresas parecem estar despreparadas para dar suporte aos funcion\u00e1rios com doen\u00e7as cr\u00f4nicas. Em uma pesquisa conduzida nos Estados Unidos, 59% dos trabalhadores acreditam que a administra\u00e7\u00e3o n\u00e3o sabe como apoiar funcion\u00e1rios com condi\u00e7\u00f5es m\u00e9dicas graves e\/ou cr\u00f4nicas.<\/p>\n<p>Muito desse despreparo vem da falta de consci\u00eancia, compreens\u00e3o e ferramentas eficazes. Ser diagnosticado com uma doen\u00e7a cr\u00f4nica pode ser um momento de grandes transforma\u00e7\u00f5es \u2013 fisiol\u00f3gicas, psicol\u00f3gicas e emocionais. Isso pode exigir mudan\u00e7as significativas em velhos h\u00e1bitos, expectativas pessoais e formas de trabalhar.<\/p>\n<p>Doen\u00e7as cr\u00f4nicas s\u00e3o imprevis\u00edveis e seus efeitos podem mudar do dia para a noite. A fadiga extrema e debilitante \u00e9 um dos sintomas mais comuns que interfere no desempenho ocupacional.<\/p>\n<p>Ao descobrir que um funcion\u00e1rio tem uma doen\u00e7a cr\u00f4nica, pode ser dif\u00edcil saber o que fazer. Como gestor, voc\u00ea precisar\u00e1 estar aberto para compreender suas limita\u00e7\u00f5es e se adaptar. Em uma sociedade que valoriza o excesso de trabalho e o esfor\u00e7o m\u00e1ximo, para algu\u00e9m com doen\u00e7a cr\u00f4nica isso n\u00e3o \u00e9 s\u00f3 imposs\u00edvel, como perigoso.<\/p>\n<h3><\/h3>\n<h4>Como as empresas podem ajudar<\/h4>\n<p>As empresas tamb\u00e9m podem ser proativas. Programas de gerenciamento de doen\u00e7as cr\u00f4nicas t\u00eam se mostrado promissores, dando \u00eanfase nas a\u00e7\u00f5es de diagn\u00f3stico precoce e tratamento para impedir o agravamento do problema, al\u00e9m de a\u00e7\u00f5es de reabilita\u00e7\u00e3o, no intuito de diminuir a morbidade e incapacidade.<\/p>\n<p>Esse modelo caracteriza-se pelos cuidados de sa\u00fade em todas as etapas, mesmo nos per\u00edodos de remiss\u00e3o da doen\u00e7a, e tem como foco\u00a0a constru\u00e7\u00e3o de uma estrutura de apoio que possibilite ao sujeito em sofrimento, e a seus familiares, enfrentar os problemas cotidianos advindos da enfermidade.<\/p>\n<p>Em linhas gerais, os objetivos do\u00a0gerenciamento de doen\u00e7as cr\u00f4nicas s\u00e3o identificar os indiv\u00edduos doentes de risco, cujo agravamento poder\u00e1 levar a uma assist\u00eancia mais complexa e dispendiosa; prevenir complica\u00e7\u00f5es; oferecer suporte de qualidade\u00a0e aumentar o envolvimento do paciente no autocuidado.<\/p>\n<p>\u00c0 prop\u00f3sito, a efici\u00eancia do projeto est\u00e1 justamente na ades\u00e3o do participante. Quase 80% das pessoas que abandonam seus planos de tratamento veem sintomas piores no futuro. A organiza\u00e7\u00e3o, em conjunto com seus l\u00edderes, deve tomar medidas para garantir que os colaboradores afetados continuem em conformidade com seus cuidados.<\/p>\n<p><a href=\"https:\/\/segurosinteligentes.com.br\/oldrh\/_old\/gestao-de-cronicos-empresas\/\" target=\"_blank\" rel=\"noopener\">Saiba mais sobre a gest\u00e3o de pacientes cr\u00f4nicos nas empresas.<\/a><\/p>\n<p>[\/et_pb_text][et_pb_text admin_label=&#8221;box&#8221; background_layout=&#8221;light&#8221; text_orientation=&#8221;left&#8221; text_font=&#8221;Open Sans||||&#8221; text_text_color=&#8221;#748690&#8243; text_line_height=&#8221;1.6em&#8221; use_border_color=&#8221;off&#8221; border_color=&#8221;#ffffff&#8221; border_style=&#8221;solid&#8221;] <div class='et-box et-shadow'>\n\t\t\t\t\t<div class='et-box-content'>Fontes: <a href=\"http:\/\/www.ans.gov.br\/images\/stories\/Materiais_para_pesquisa\/Materiais_por_assunto\/cartilha_promoprev_web.pdf\" target=\"_blank\" rel=\"noopener\">ANS<\/a>,\u00a0<a href=\"https:\/\/hbr.org\/2021\/02\/how-managers-can-support-employees-with-chronic-illnesses?ab=hero-subleft-2\" target=\"_blank\" rel=\"noopener\">Harvard Business Review<\/a>,\u00a0<a href=\"https:\/\/www.scielo.br\/pdf\/rsp\/v51s1\/pt_0034-8910-rsp-S1518-87872017051000090.pdf\" target=\"_blank\" rel=\"noopener\">Revista Sa\u00fade P\u00fablica<\/a>, <a href=\"https:\/\/www.gov.br\/previdencia\/pt-br\/assuntos\/noticias\/previdencia\/institucional\/saude-do-trabalhador-dor-nas-costas-foi-doenca-que-mais-afastou-trabalhadores-em-2017\" target=\"_blank\" rel=\"noopener\">Secretaria de Previd\u00eancia<\/a>. Siga a\u00a0<a href=\"https:\/\/www.linkedin.com\/company\/it'sseg\" target=\"_blank\" rel=\"noopener\">It&#8217;sSeg <\/a>no LinkedIn e fique por dentro das not\u00edcias do Portal RH.<\/div><\/div> [\/et_pb_text][\/et_pb_column][et_pb_column type=&#8221;1_3&#8243;][et_pb_sidebar admin_label=&#8221;Barra Lateral&#8221; global_module=&#8221;399&#8243; orientation=&#8221;left&#8221; area=&#8221;sidebar-1&#8243; background_layout=&#8221;light&#8221; remove_border=&#8221;on&#8221; body_line_height=&#8221;1.5em&#8221; custom_css_widget=&#8221;margin-bottom: 30px !important;&#8221; saved_tabs=&#8221;all&#8221;] [\/et_pb_sidebar][\/et_pb_column][\/et_pb_row][\/et_pb_section][et_pb_section admin_label=&#8221;Se\u00e7\u00e3o&#8221; global_module=&#8221;93&#8243; fullwidth=&#8221;off&#8221; specialty=&#8221;off&#8221; transparent_background=&#8221;off&#8221; background_color=&#8221;#f9f9f9&#8243; allow_player_pause=&#8221;off&#8221; inner_shadow=&#8221;off&#8221; parallax=&#8221;off&#8221; parallax_method=&#8221;off&#8221; padding_mobile=&#8221;on&#8221; make_fullwidth=&#8221;off&#8221; use_custom_width=&#8221;off&#8221; width_unit=&#8221;on&#8221; make_equal=&#8221;off&#8221; use_custom_gutter=&#8221;off&#8221; custom_padding=&#8221;20px||20px|&#8221;][et_pb_row global_parent=&#8221;93&#8243; admin_label=&#8221;Linha&#8221; make_fullwidth=&#8221;on&#8221; use_custom_width=&#8221;off&#8221; width_unit=&#8221;on&#8221; use_custom_gutter=&#8221;on&#8221; gutter_width=&#8221;2&#8243; padding_mobile=&#8221;off&#8221; allow_player_pause=&#8221;off&#8221; parallax=&#8221;off&#8221; parallax_method=&#8221;off&#8221; make_equal=&#8221;off&#8221; parallax_1=&#8221;off&#8221; parallax_method_1=&#8221;off&#8221; parallax_2=&#8221;off&#8221; parallax_method_2=&#8221;off&#8221; parallax_3=&#8221;off&#8221; parallax_method_3=&#8221;off&#8221; column_padding_mobile=&#8221;on&#8221; module_class=&#8221;footer&#8221; module_id_1=&#8221;coluna_1&#8243; module_id_2=&#8221;coluna_2&#8243; module_id_3=&#8221;coluna_3&#8243; module_id=&#8221;footer_1&#8243;][et_pb_column type=&#8221;1_4&#8243;][et_pb_text global_parent=&#8221;93&#8243; admin_label=&#8221;logo it&#8217;sseg&#8221; background_layout=&#8221;light&#8221; text_orientation=&#8221;left&#8221; use_border_color=&#8221;off&#8221; border_color=&#8221;#ffffff&#8221; border_style=&#8221;solid&#8221;] <img decoding=\"async\" class=\"alignleft size-full wp-image-82\" src=\"https:\/\/segurosinteligentes.com.br\/oldrh\/_old\/wp-content\/uploads\/logo-seguros-inteligentes.png\" width=\"270\" \/> [\/et_pb_text][\/et_pb_column][et_pb_column type=&#8221;1_2&#8243;][et_pb_text global_parent=&#8221;93&#8243; admin_label=&#8221;copyright&#8221; background_layout=&#8221;light&#8221; text_orientation=&#8221;right&#8221; text_line_height=&#8221;1.5em&#8221; use_border_color=&#8221;off&#8221; border_color=&#8221;#ffffff&#8221; border_style=&#8221;solid&#8221; custom_padding=&#8221;|||20%&#8221; text_font=&#8221;Abel||||&#8221;] PORTAL RH IT\u2019SSEG \u00e9 uma publica\u00e7\u00e3o da It\u2019sSeg Seguros Inteligentes. N\u00e3o \u00e9 permitida a reprodu\u00e7\u00e3o do conte\u00fado, mesmo que parcial, para uso comercial de qualquer natureza. Confira <a href=\"https:\/\/itssegcompany.com.br\/lgpd\/\" target=\"_blank\" rel=\"noopener\">aqui<\/a> nossa pol\u00edtica de privacidade. [\/et_pb_text][\/et_pb_column][et_pb_column type=&#8221;1_4&#8243;][et_pb_text global_parent=&#8221;93&#8243; admin_label=&#8221;logo portal&#8221; background_layout=&#8221;light&#8221; text_orientation=&#8221;right&#8221; use_border_color=&#8221;off&#8221; border_color=&#8221;#ffffff&#8221; border_style=&#8221;solid&#8221;] <img decoding=\"async\" class=\"alignright size-full wp-image-83\" src=\"https:\/\/segurosinteligentes.com.br\/oldrh\/_old\/wp-content\/uploads\/portalrh-footer.png\" alt=\"logo_portal_footer\" width=\"270\" \/> [\/et_pb_text][\/et_pb_column][\/et_pb_row][et_pb_row global_parent=&#8221;93&#8243; admin_label=&#8221;Linha&#8221; make_fullwidth=&#8221;on&#8221; use_custom_width=&#8221;off&#8221; width_unit=&#8221;on&#8221; use_custom_gutter=&#8221;on&#8221; gutter_width=&#8221;2&#8243; padding_mobile=&#8221;on&#8221; allow_player_pause=&#8221;off&#8221; parallax=&#8221;off&#8221; parallax_method=&#8221;off&#8221; make_equal=&#8221;off&#8221; parallax_1=&#8221;off&#8221; parallax_method_1=&#8221;off&#8221; parallax_2=&#8221;off&#8221; parallax_method_2=&#8221;off&#8221; parallax_3=&#8221;off&#8221; parallax_method_3=&#8221;off&#8221; column_padding_mobile=&#8221;on&#8221; module_id_2=&#8221;coluna_2&#8243; module_id_3=&#8221;coluna_3&#8243; module_id=&#8221;footer_2&#8243; custom_padding=&#8221;||0px|&#8221;][et_pb_column type=&#8221;4_4&#8243;][et_pb_text global_parent=&#8221;93&#8243; admin_label=&#8221;copyright&#8221; background_layout=&#8221;light&#8221; text_orientation=&#8221;center&#8221; text_line_height=&#8221;1.5em&#8221; use_border_color=&#8221;off&#8221; border_color=&#8221;#ffffff&#8221; border_style=&#8221;solid&#8221; text_font=&#8221;Abel||||&#8221;] PORTAL RH IT\u2019SSEG \u00e9 uma publica\u00e7\u00e3o da It\u2019sSeg Seguros Inteligentes. N\u00e3o \u00e9 permitida a reprodu\u00e7\u00e3o do conte\u00fado, mesmo que parcial, para uso comercial de qualquer natureza. Confira <a href=\"https:\/\/itssegcompany.com.br\/lgpd\/\" target=\"_blank\" rel=\"noopener\">aqui<\/a> nossa pol\u00edtica de privacidade. [\/et_pb_text][\/et_pb_column][\/et_pb_row][et_pb_row global_parent=&#8221;93&#8243; admin_label=&#8221;Linha&#8221; make_fullwidth=&#8221;on&#8221; use_custom_width=&#8221;off&#8221; width_unit=&#8221;on&#8221; use_custom_gutter=&#8221;on&#8221; gutter_width=&#8221;2&#8243; padding_mobile=&#8221;off&#8221; allow_player_pause=&#8221;off&#8221; parallax=&#8221;off&#8221; parallax_method=&#8221;off&#8221; make_equal=&#8221;off&#8221; parallax_1=&#8221;off&#8221; parallax_method_1=&#8221;off&#8221; parallax_2=&#8221;off&#8221; parallax_method_2=&#8221;off&#8221; parallax_3=&#8221;off&#8221; parallax_method_3=&#8221;off&#8221; column_padding_mobile=&#8221;on&#8221; module_id_3=&#8221;coluna_3&#8243; module_id=&#8221;footer_2_2&#8243; custom_padding=&#8221;0px|||&#8221;][et_pb_column type=&#8221;1_2&#8243;][et_pb_text global_parent=&#8221;93&#8243; admin_label=&#8221;logo it&#8217;sseg&#8221; background_layout=&#8221;light&#8221; text_orientation=&#8221;left&#8221; use_border_color=&#8221;off&#8221; border_color=&#8221;#ffffff&#8221; border_style=&#8221;solid&#8221; module_id=&#8221;logo_itsseg_footer_1&#8243;] <img decoding=\"async\" class=\"alignleft size-full wp-image-82\" src=\"https:\/\/segurosinteligentes.com.br\/oldrh\/_old\/wp-content\/uploads\/logo-seguros-inteligentes.png\" width=\"270\" \/> [\/et_pb_text][et_pb_text global_parent=&#8221;93&#8243; admin_label=&#8221;logo it&#8217;sseg&#8221; background_layout=&#8221;light&#8221; text_orientation=&#8221;center&#8221; use_border_color=&#8221;off&#8221; border_color=&#8221;#ffffff&#8221; border_style=&#8221;solid&#8221; module_id=&#8221;logo_itsseg_footer_2&#8243;] <img decoding=\"async\" src=\"https:\/\/segurosinteligentes.com.br\/oldrh\/_old\/wp-content\/uploads\/logo-seguros-inteligentes-mobile.png\" alt=\"logo_footer_2\" width=\"70\" \/> [\/et_pb_text][\/et_pb_column][et_pb_column type=&#8221;1_2&#8243;][et_pb_text global_parent=&#8221;93&#8243; admin_label=&#8221;logo portal&#8221; background_layout=&#8221;light&#8221; text_orientation=&#8221;right&#8221; use_border_color=&#8221;off&#8221; border_color=&#8221;#ffffff&#8221; border_style=&#8221;solid&#8221; module_id=&#8221;logo_portal_itsseg_footer_2&#8243;] <img decoding=\"async\" class=\"alignright size-full wp-image-83\" src=\"https:\/\/segurosinteligentes.com.br\/oldrh\/_old\/wp-content\/uploads\/portalrh-footer.png\" alt=\"logo_portal_footer\" width=\"270\" \/> [\/et_pb_text][\/et_pb_column][\/et_pb_row][\/et_pb_section]<\/p>\n","protected":false},"excerpt":{"rendered":"<p>A doen\u00e7a cr\u00f4nica pode durar v\u00e1rios meses a uma vida inteira, o que a torna um dos maiores problemas de sa\u00fade p\u00fablica do Brasil e do mundo. <\/p>\n","protected":false},"author":5,"featured_media":7768,"comment_status":"closed","ping_status":"closed","sticky":false,"template":"","format":"standard","meta":{"_et_pb_use_builder":"on","_et_pb_old_content":"","_et_gb_content_width":"","_links_to":"","_links_to_target":""},"categories":[14],"tags":[278],"_links":{"self":[{"href":"https:\/\/segurosinteligentes.com.br\/oldrh\/wp-json\/wp\/v2\/posts\/7764"}],"collection":[{"href":"https:\/\/segurosinteligentes.com.br\/oldrh\/wp-json\/wp\/v2\/posts"}],"about":[{"href":"https:\/\/segurosinteligentes.com.br\/oldrh\/wp-json\/wp\/v2\/types\/post"}],"author":[{"embeddable":true,"href":"https:\/\/segurosinteligentes.com.br\/oldrh\/wp-json\/wp\/v2\/users\/5"}],"replies":[{"embeddable":true,"href":"https:\/\/segurosinteligentes.com.br\/oldrh\/wp-json\/wp\/v2\/comments?post=7764"}],"version-history":[{"count":7,"href":"https:\/\/segurosinteligentes.com.br\/oldrh\/wp-json\/wp\/v2\/posts\/7764\/revisions"}],"predecessor-version":[{"id":7772,"href":"https:\/\/segurosinteligentes.com.br\/oldrh\/wp-json\/wp\/v2\/posts\/7764\/revisions\/7772"}],"wp:featuredmedia":[{"embeddable":true,"href":"https:\/\/segurosinteligentes.com.br\/oldrh\/wp-json\/wp\/v2\/media\/7768"}],"wp:attachment":[{"href":"https:\/\/segurosinteligentes.com.br\/oldrh\/wp-json\/wp\/v2\/media?parent=7764"}],"wp:term":[{"taxonomy":"category","embeddable":true,"href":"https:\/\/segurosinteligentes.com.br\/oldrh\/wp-json\/wp\/v2\/categories?post=7764"},{"taxonomy":"post_tag","embeddable":true,"href":"https:\/\/segurosinteligentes.com.br\/oldrh\/wp-json\/wp\/v2\/tags?post=7764"}],"curies":[{"name":"wp","href":"https:\/\/api.w.org\/{rel}","templated":true}]}}