{"id":7752,"date":"2021-03-29T00:01:07","date_gmt":"2021-03-29T03:01:07","guid":{"rendered":"https:\/\/segurosinteligentes.com.br\/oldrh\/_old\/?p=7752"},"modified":"2021-12-16T18:00:12","modified_gmt":"2021-12-16T20:00:12","slug":"gripe-e-coronavirus","status":"publish","type":"post","link":"https:\/\/segurosinteligentes.com.br\/oldrh\/gripe-e-coronavirus\/","title":{"rendered":"Vacina da Gripe e Coronav\u00edrus: o que voc\u00ea precisa saber"},"content":{"rendered":"<p>[et_pb_section admin_label=&#8221;section&#8221; transparent_background=&#8221;on&#8221; background_color=&#8221;#ffffff&#8221; allow_player_pause=&#8221;off&#8221; inner_shadow=&#8221;off&#8221; parallax=&#8221;off&#8221; parallax_method=&#8221;off&#8221; padding_mobile=&#8221;on&#8221; make_fullwidth=&#8221;off&#8221; use_custom_width=&#8221;off&#8221; width_unit=&#8221;on&#8221; make_equal=&#8221;off&#8221; use_custom_gutter=&#8221;off&#8221; custom_padding=&#8221;0px||50px|&#8221;][et_pb_row admin_label=&#8221;row&#8221; make_fullwidth=&#8221;off&#8221; use_custom_width=&#8221;on&#8221; width_unit=&#8221;off&#8221; use_custom_gutter=&#8221;off&#8221; padding_mobile=&#8221;on&#8221; allow_player_pause=&#8221;off&#8221; parallax=&#8221;off&#8221; parallax_method=&#8221;off&#8221; make_equal=&#8221;off&#8221; parallax_1=&#8221;off&#8221; parallax_method_1=&#8221;off&#8221; parallax_2=&#8221;off&#8221; parallax_method_2=&#8221;off&#8221; column_padding_mobile=&#8221;on&#8221; custom_padding=&#8221;50px|35px|50px|35px&#8221; background_color=&#8221;#ffffff&#8221;][et_pb_column type=&#8221;2_3&#8243;][et_pb_text admin_label=&#8221;tag e data&#8221; background_layout=&#8221;light&#8221; text_orientation=&#8221;left&#8221; text_font=&#8221;|on|||&#8221; text_font_size=&#8221;16&#8243; text_text_color=&#8221;#9ec31e&#8221; text_line_height=&#8221;1.5em&#8221; use_border_color=&#8221;off&#8221; border_color=&#8221;#ffffff&#8221; border_style=&#8221;solid&#8221; custom_margin=&#8221;||0px|&#8221;]<\/p>\n<p>RISCO \u00c0 SA\u00daDE | 29.MAR\u00c7O.2021<\/p>\n<h4><\/h4>\n<p>[\/et_pb_text][et_pb_text admin_label=&#8221;t\u00edtulo&#8221; background_layout=&#8221;light&#8221; text_orientation=&#8221;left&#8221; text_font=&#8221;|on|||&#8221; text_font_size=&#8221;32&#8243; text_text_color=&#8221;#495358&#8243; text_line_height=&#8221;1em&#8221; use_border_color=&#8221;off&#8221; border_color=&#8221;#ffffff&#8221; border_style=&#8221;solid&#8221;] Vacina da gripe e coronav\u00edrus: o que voc\u00ea precisa saber [\/et_pb_text][et_pb_text admin_label=&#8221;conte\u00fado&#8221; background_layout=&#8221;light&#8221; text_orientation=&#8221;left&#8221; text_font=&#8221;Open Sans||||&#8221; text_text_color=&#8221;#748690&#8243; text_line_height=&#8221;1.5em&#8221; use_border_color=&#8221;off&#8221; border_color=&#8221;#ffffff&#8221; border_style=&#8221;solid&#8221;]<\/p>\n<p>Apesar de ser uma infec\u00e7\u00e3o viral comum, a influenza (gripe) pode evoluir para quadros graves e ser fatal, especialmente em crian\u00e7as pequenas, idosos, gestantes e pessoas com doen\u00e7as cr\u00f4nicas ou imunidade baixa. Por isso a vacina\u00e7\u00e3o \u00e9 t\u00e3o importante.<\/p>\n<p>Anualmente, o Minist\u00e9rio da Sa\u00fade promove campanhas de imuniza\u00e7\u00e3o contra a gripe. A vacina protege contra os tr\u00eas tipos de v\u00edrus influenza: A, B e C. Este \u00faltimo causa apenas infec\u00e7\u00f5es respirat\u00f3rias brandas, j\u00e1 os tipos A e B s\u00e3o respons\u00e1veis por epidemias sazonais, como a H1N1 e H3N2.<\/p>\n<p>Em \u00e9poca de pandemia de <a href=\"https:\/\/segurosinteligentes.com.br\/oldrh\/_old\/category\/coronavirus\/\" target=\"_blank\" rel=\"noopener\">Covid-19<\/a> e aumento dos casos de gripe, \u00e9 importante saber as similaridades e diferen\u00e7as entre as doen\u00e7as para evitar a desinforma\u00e7\u00e3o. A\u00a0infectologista Naiane Lomes respondeu as principais d\u00favidas sobre o assunto. Continue lendo!<\/p>\n<h4><\/h4>\n<h5>Gripe e Covid-19 s\u00e3o transmitidas da mesma forma?<\/h5>\n<p>Sim. Ambas se espalham por got\u00edculas de saliva ou muco de infectados, principalmente por meio de tosse e espirros \u2014 ou ao passar a m\u00e3o contaminada em olhos, nariz e boca. A diferen\u00e7a \u00e9 que os per\u00edodos de incuba\u00e7\u00e3o n\u00e3o s\u00e3o iguais. Enquanto a Covid-19 leva at\u00e9 14 dias para gerar sintomas, a gripe se manifesta cerca de quatro dias ap\u00f3s a infec\u00e7\u00e3o.<\/p>\n<p>Al\u00e9m disso, o coronav\u00edrus \u00e9 considerado mais contagioso. Estima-se que cada portador passa a doen\u00e7a para dois a quatro indiv\u00edduos, enquanto que a influenza \u00e9 transmitida para 1,4-1,6.<\/p>\n<p><a href=\"https:\/\/segurosinteligentes.com.br\/oldrh\/_old\/covid-19-gripe-ou-resfriado\/\" target=\"_blank\" rel=\"noopener\">Saiba como diferenciar os sintomas da Covid-19, da gripe e do resfriado.<\/a><\/p>\n<h4><\/h4>\n<h5>Posso ter Covid-19 e gripe ao mesmo tempo?<\/h5>\n<p>Sim, \u00e9 poss\u00edvel adquirir as duas infec\u00e7\u00f5es ao mesmo tempo. Os sintomas das doen\u00e7as s\u00e3o similares, portanto, \u00e9 necess\u00e1rio realizar os testes diagn\u00f3sticos para diferenciar.<\/p>\n<h4><\/h4>\n<h5>A vacina da gripe protege de alguma forma contra a Covid-19?<\/h5>\n<p>N\u00e3o, ela \u00e9 capaz de prevenir e diminuir complica\u00e7\u00f5es graves da gripe somente.<\/p>\n<h4><\/h4>\n<h5>A vacina da gripe aumenta o risco de contrair Covid-19?<\/h5>\n<p>N\u00e3o, a vacina contra a gripe nunca esteve associada ao maior risco de adquirir outras infec\u00e7\u00f5es respirat\u00f3rias.<\/p>\n<h4><\/h4>\n<h5>Tive contato com caso suspeito de Covid-19, posso receber a vacina da gripe?<\/h5>\n<p>\u00c9 recomend\u00e1vel que voc\u00ea aguarde o per\u00edodo de quarentena (14 dias) terminar para, ent\u00e3o, sair de casa e se vacinar. Dessa forma, voc\u00ea reduz o risco de transmitir a Covid-19 para outras pessoas.<\/p>\n<h4><\/h4>\n<h5>Posso me vacinar contra a gripe se estiver com suspeita ou confirma\u00e7\u00e3o de Covid-19?<\/h5>\n<p>Infec\u00e7\u00f5es leves a moderadas n\u00e3o t\u00eam contraindica\u00e7\u00e3o para a vacina. Entretanto, \u00e9 preciso aguardar o t\u00e9rmino do per\u00edodo de transmissibilidade (10 dias) para sair de casa.<\/p>\n<h4><\/h4>\n<h5>Posso tomar a vacina contra gripe e contra Covid-19 ao mesmo tempo?<\/h5>\n<p>Sim. Ap\u00f3s testes de seguran\u00e7a, a comunidade cient\u00edfica permitiu a vacina\u00e7\u00e3o simult\u00e2nea, ou seja, as vacinas da gripe e da covid-19 podem ser administradas sem a necessidade de intervalo entre os imunizantes.<\/p>\n<h4><\/h4>\n<h5>Houve poucos casos de Influenza. Devo me vacinar mesmo assim?<\/h5>\n<p>Sim, a vacina\u00e7\u00e3o n\u00e3o deve ser adiada. O n\u00famero de casos pode variar consideravelmente em pouco tempo e, ao ser imunizado, o organismo leva ao menos duas semanas para produzir anticorpos protetores.<\/p>\n<h4><\/h4>\n<h5>Posso adquirir Influenza por meio da vacina?<\/h5>\n<p>A vacina \u00e9 composta por v\u00edrus inativado, portanto, n\u00e3o \u00e9 capaz de gerar a doen\u00e7a no indiv\u00edduo.<\/p>\n<h4><\/h4>\n<h5>Quais os efeitos colaterais mais comuns da vacina da gripe?<\/h5>\n<p>Dor no local da aplica\u00e7\u00e3o, dores no corpo, dor de cabe\u00e7a e febre baixa s\u00e3o os mais comuns.<\/p>\n<blockquote><p><strong>Tamb\u00e9m pode interessar:<\/strong><\/p>\n<p><a href=\"https:\/\/segurosinteligentes.com.br\/oldrh\/_old\/riscos-de-complicacoes-covid-19\/\" target=\"_blank\" rel=\"noopener\">Comorbidades que agravam risco de complica\u00e7\u00f5es da Covid-19<\/a><\/p>\n<p><a href=\"https:\/\/segurosinteligentes.com.br\/oldrh\/_old\/qual-mascara-usar-na-pandemia\/\" target=\"_blank\" rel=\"noopener\">Qual m\u00e1scara usar na pandemia: as industriais ou as caseiras?<\/a><\/p><\/blockquote>\n<p>&nbsp;<\/p>\n<div class='et-box et-shadow'>\n\t\t\t\t\t<div class='et-box-content'>Siga a It&#8217;sSeg no\u00a0<a href=\"https:\/\/www.linkedin.com\/company\/it'sseg\/\" target=\"_blank\" rel=\"noopener\">LinkedIn<\/a>\u00a0e fique por dentro das novidades do Portal RH!<\/div><\/div>\n<p>[\/et_pb_text][\/et_pb_column][et_pb_column type=&#8221;1_3&#8243;][et_pb_sidebar admin_label=&#8221;Barra Lateral&#8221; global_module=&#8221;399&#8243; orientation=&#8221;left&#8221; area=&#8221;sidebar-1&#8243; background_layout=&#8221;light&#8221; remove_border=&#8221;on&#8221; body_line_height=&#8221;1.5em&#8221; custom_css_widget=&#8221;margin-bottom: 30px !important;&#8221; saved_tabs=&#8221;all&#8221;] [\/et_pb_sidebar][\/et_pb_column][\/et_pb_row][\/et_pb_section][et_pb_section admin_label=&#8221;Se\u00e7\u00e3o&#8221; global_module=&#8221;93&#8243; fullwidth=&#8221;off&#8221; specialty=&#8221;off&#8221; transparent_background=&#8221;off&#8221; background_color=&#8221;#f9f9f9&#8243; allow_player_pause=&#8221;off&#8221; inner_shadow=&#8221;off&#8221; parallax=&#8221;off&#8221; parallax_method=&#8221;off&#8221; padding_mobile=&#8221;on&#8221; make_fullwidth=&#8221;off&#8221; use_custom_width=&#8221;off&#8221; width_unit=&#8221;on&#8221; make_equal=&#8221;off&#8221; use_custom_gutter=&#8221;off&#8221; custom_padding=&#8221;20px||20px|&#8221;][et_pb_row global_parent=&#8221;93&#8243; admin_label=&#8221;Linha&#8221; make_fullwidth=&#8221;on&#8221; use_custom_width=&#8221;off&#8221; width_unit=&#8221;on&#8221; use_custom_gutter=&#8221;on&#8221; gutter_width=&#8221;2&#8243; padding_mobile=&#8221;off&#8221; allow_player_pause=&#8221;off&#8221; parallax=&#8221;off&#8221; parallax_method=&#8221;off&#8221; make_equal=&#8221;off&#8221; parallax_1=&#8221;off&#8221; parallax_method_1=&#8221;off&#8221; parallax_2=&#8221;off&#8221; parallax_method_2=&#8221;off&#8221; parallax_3=&#8221;off&#8221; parallax_method_3=&#8221;off&#8221; column_padding_mobile=&#8221;on&#8221; module_class=&#8221;footer&#8221; module_id_1=&#8221;coluna_1&#8243; module_id_2=&#8221;coluna_2&#8243; module_id_3=&#8221;coluna_3&#8243; module_id=&#8221;footer_1&#8243;][et_pb_column type=&#8221;1_4&#8243;][et_pb_text global_parent=&#8221;93&#8243; admin_label=&#8221;logo it&#8217;sseg&#8221; background_layout=&#8221;light&#8221; text_orientation=&#8221;left&#8221; use_border_color=&#8221;off&#8221; border_color=&#8221;#ffffff&#8221; border_style=&#8221;solid&#8221;] <img decoding=\"async\" class=\"alignleft size-full wp-image-82\" src=\"https:\/\/segurosinteligentes.com.br\/oldrh\/_old\/wp-content\/uploads\/logo-seguros-inteligentes.png\" width=\"270\" \/> [\/et_pb_text][\/et_pb_column][et_pb_column type=&#8221;1_2&#8243;][et_pb_text global_parent=&#8221;93&#8243; admin_label=&#8221;copyright&#8221; background_layout=&#8221;light&#8221; text_orientation=&#8221;right&#8221; text_line_height=&#8221;1.5em&#8221; use_border_color=&#8221;off&#8221; border_color=&#8221;#ffffff&#8221; border_style=&#8221;solid&#8221; custom_padding=&#8221;|||20%&#8221; text_font=&#8221;Abel||||&#8221;] PORTAL RH IT\u2019SSEG \u00e9 uma publica\u00e7\u00e3o da It\u2019sSeg Seguros Inteligentes. N\u00e3o \u00e9 permitida a reprodu\u00e7\u00e3o do conte\u00fado, mesmo que parcial, para uso comercial de qualquer natureza. Confira <a href=\"https:\/\/itssegcompany.com.br\/lgpd\/\" target=\"_blank\" rel=\"noopener\">aqui<\/a> nossa pol\u00edtica de privacidade. [\/et_pb_text][\/et_pb_column][et_pb_column type=&#8221;1_4&#8243;][et_pb_text global_parent=&#8221;93&#8243; admin_label=&#8221;logo portal&#8221; background_layout=&#8221;light&#8221; text_orientation=&#8221;right&#8221; use_border_color=&#8221;off&#8221; border_color=&#8221;#ffffff&#8221; border_style=&#8221;solid&#8221;] <img decoding=\"async\" class=\"alignright size-full wp-image-83\" src=\"https:\/\/segurosinteligentes.com.br\/oldrh\/_old\/wp-content\/uploads\/portalrh-footer.png\" alt=\"logo_portal_footer\" width=\"270\" \/> [\/et_pb_text][\/et_pb_column][\/et_pb_row][et_pb_row global_parent=&#8221;93&#8243; admin_label=&#8221;Linha&#8221; make_fullwidth=&#8221;on&#8221; use_custom_width=&#8221;off&#8221; width_unit=&#8221;on&#8221; use_custom_gutter=&#8221;on&#8221; gutter_width=&#8221;2&#8243; padding_mobile=&#8221;on&#8221; allow_player_pause=&#8221;off&#8221; parallax=&#8221;off&#8221; parallax_method=&#8221;off&#8221; make_equal=&#8221;off&#8221; parallax_1=&#8221;off&#8221; parallax_method_1=&#8221;off&#8221; parallax_2=&#8221;off&#8221; parallax_method_2=&#8221;off&#8221; parallax_3=&#8221;off&#8221; parallax_method_3=&#8221;off&#8221; column_padding_mobile=&#8221;on&#8221; module_id_2=&#8221;coluna_2&#8243; module_id_3=&#8221;coluna_3&#8243; module_id=&#8221;footer_2&#8243; custom_padding=&#8221;||0px|&#8221;][et_pb_column type=&#8221;4_4&#8243;][et_pb_text global_parent=&#8221;93&#8243; admin_label=&#8221;copyright&#8221; background_layout=&#8221;light&#8221; text_orientation=&#8221;center&#8221; text_line_height=&#8221;1.5em&#8221; use_border_color=&#8221;off&#8221; border_color=&#8221;#ffffff&#8221; border_style=&#8221;solid&#8221; text_font=&#8221;Abel||||&#8221;] PORTAL RH IT\u2019SSEG \u00e9 uma publica\u00e7\u00e3o da It\u2019sSeg Seguros Inteligentes. N\u00e3o \u00e9 permitida a reprodu\u00e7\u00e3o do conte\u00fado, mesmo que parcial, para uso comercial de qualquer natureza. Confira <a href=\"https:\/\/itssegcompany.com.br\/lgpd\/\" target=\"_blank\" rel=\"noopener\">aqui<\/a> nossa pol\u00edtica de privacidade. [\/et_pb_text][\/et_pb_column][\/et_pb_row][et_pb_row global_parent=&#8221;93&#8243; admin_label=&#8221;Linha&#8221; make_fullwidth=&#8221;on&#8221; use_custom_width=&#8221;off&#8221; width_unit=&#8221;on&#8221; use_custom_gutter=&#8221;on&#8221; gutter_width=&#8221;2&#8243; padding_mobile=&#8221;off&#8221; allow_player_pause=&#8221;off&#8221; parallax=&#8221;off&#8221; parallax_method=&#8221;off&#8221; make_equal=&#8221;off&#8221; parallax_1=&#8221;off&#8221; parallax_method_1=&#8221;off&#8221; parallax_2=&#8221;off&#8221; parallax_method_2=&#8221;off&#8221; parallax_3=&#8221;off&#8221; parallax_method_3=&#8221;off&#8221; column_padding_mobile=&#8221;on&#8221; module_id_3=&#8221;coluna_3&#8243; module_id=&#8221;footer_2_2&#8243; custom_padding=&#8221;0px|||&#8221;][et_pb_column type=&#8221;1_2&#8243;][et_pb_text global_parent=&#8221;93&#8243; admin_label=&#8221;logo it&#8217;sseg&#8221; background_layout=&#8221;light&#8221; text_orientation=&#8221;left&#8221; use_border_color=&#8221;off&#8221; border_color=&#8221;#ffffff&#8221; border_style=&#8221;solid&#8221; module_id=&#8221;logo_itsseg_footer_1&#8243;] <img decoding=\"async\" class=\"alignleft size-full wp-image-82\" src=\"https:\/\/segurosinteligentes.com.br\/oldrh\/_old\/wp-content\/uploads\/logo-seguros-inteligentes.png\" width=\"270\" \/> [\/et_pb_text][et_pb_text global_parent=&#8221;93&#8243; admin_label=&#8221;logo it&#8217;sseg&#8221; background_layout=&#8221;light&#8221; text_orientation=&#8221;center&#8221; use_border_color=&#8221;off&#8221; border_color=&#8221;#ffffff&#8221; border_style=&#8221;solid&#8221; module_id=&#8221;logo_itsseg_footer_2&#8243;] <img decoding=\"async\" src=\"https:\/\/segurosinteligentes.com.br\/oldrh\/_old\/wp-content\/uploads\/logo-seguros-inteligentes-mobile.png\" alt=\"logo_footer_2\" width=\"70\" \/> [\/et_pb_text][\/et_pb_column][et_pb_column type=&#8221;1_2&#8243;][et_pb_text global_parent=&#8221;93&#8243; admin_label=&#8221;logo portal&#8221; background_layout=&#8221;light&#8221; text_orientation=&#8221;right&#8221; use_border_color=&#8221;off&#8221; border_color=&#8221;#ffffff&#8221; border_style=&#8221;solid&#8221; module_id=&#8221;logo_portal_itsseg_footer_2&#8243;] <img decoding=\"async\" class=\"alignright size-full wp-image-83\" src=\"https:\/\/segurosinteligentes.com.br\/oldrh\/_old\/wp-content\/uploads\/portalrh-footer.png\" alt=\"logo_portal_footer\" width=\"270\" \/> [\/et_pb_text][\/et_pb_column][\/et_pb_row][\/et_pb_section]<\/p>\n","protected":false},"excerpt":{"rendered":"<p>Em \u00e9poca de covid-19 e aumento de casos da gripe, \u00e9 importante saber as similaridades e diferen\u00e7as entre as doen\u00e7as para evitar desinforma\u00e7\u00e3o.<\/p>\n","protected":false},"author":5,"featured_media":7762,"comment_status":"closed","ping_status":"closed","sticky":false,"template":"","format":"standard","meta":{"_et_pb_use_builder":"on","_et_pb_old_content":"","_et_gb_content_width":"","_links_to":"","_links_to_target":""},"categories":[14,287],"tags":[264],"_links":{"self":[{"href":"https:\/\/segurosinteligentes.com.br\/oldrh\/wp-json\/wp\/v2\/posts\/7752"}],"collection":[{"href":"https:\/\/segurosinteligentes.com.br\/oldrh\/wp-json\/wp\/v2\/posts"}],"about":[{"href":"https:\/\/segurosinteligentes.com.br\/oldrh\/wp-json\/wp\/v2\/types\/post"}],"author":[{"embeddable":true,"href":"https:\/\/segurosinteligentes.com.br\/oldrh\/wp-json\/wp\/v2\/users\/5"}],"replies":[{"embeddable":true,"href":"https:\/\/segurosinteligentes.com.br\/oldrh\/wp-json\/wp\/v2\/comments?post=7752"}],"version-history":[{"count":14,"href":"https:\/\/segurosinteligentes.com.br\/oldrh\/wp-json\/wp\/v2\/posts\/7752\/revisions"}],"predecessor-version":[{"id":8900,"href":"https:\/\/segurosinteligentes.com.br\/oldrh\/wp-json\/wp\/v2\/posts\/7752\/revisions\/8900"}],"wp:featuredmedia":[{"embeddable":true,"href":"https:\/\/segurosinteligentes.com.br\/oldrh\/wp-json\/wp\/v2\/media\/7762"}],"wp:attachment":[{"href":"https:\/\/segurosinteligentes.com.br\/oldrh\/wp-json\/wp\/v2\/media?parent=7752"}],"wp:term":[{"taxonomy":"category","embeddable":true,"href":"https:\/\/segurosinteligentes.com.br\/oldrh\/wp-json\/wp\/v2\/categories?post=7752"},{"taxonomy":"post_tag","embeddable":true,"href":"https:\/\/segurosinteligentes.com.br\/oldrh\/wp-json\/wp\/v2\/tags?post=7752"}],"curies":[{"name":"wp","href":"https:\/\/api.w.org\/{rel}","templated":true}]}}