{"id":7662,"date":"2021-02-15T10:37:35","date_gmt":"2021-02-15T12:37:35","guid":{"rendered":"https:\/\/segurosinteligentes.com.br\/oldrh\/_old\/?p=7662"},"modified":"2021-02-15T10:37:35","modified_gmt":"2021-02-15T12:37:35","slug":"qual-mascara-usar-na-pandemia","status":"publish","type":"post","link":"https:\/\/segurosinteligentes.com.br\/oldrh\/qual-mascara-usar-na-pandemia\/","title":{"rendered":"Qual m\u00e1scara usar na pandemia: as industriais ou as caseiras?"},"content":{"rendered":"<p>[et_pb_section admin_label=&#8221;section&#8221; transparent_background=&#8221;on&#8221; background_color=&#8221;#ffffff&#8221; allow_player_pause=&#8221;off&#8221; inner_shadow=&#8221;off&#8221; parallax=&#8221;off&#8221; parallax_method=&#8221;off&#8221; padding_mobile=&#8221;on&#8221; make_fullwidth=&#8221;off&#8221; use_custom_width=&#8221;off&#8221; width_unit=&#8221;on&#8221; make_equal=&#8221;off&#8221; use_custom_gutter=&#8221;off&#8221; custom_padding=&#8221;0px||50px|&#8221;][et_pb_row admin_label=&#8221;row&#8221; make_fullwidth=&#8221;off&#8221; use_custom_width=&#8221;on&#8221; width_unit=&#8221;off&#8221; use_custom_gutter=&#8221;off&#8221; padding_mobile=&#8221;on&#8221; allow_player_pause=&#8221;off&#8221; parallax=&#8221;off&#8221; parallax_method=&#8221;off&#8221; make_equal=&#8221;off&#8221; parallax_1=&#8221;off&#8221; parallax_method_1=&#8221;off&#8221; parallax_2=&#8221;off&#8221; parallax_method_2=&#8221;off&#8221; column_padding_mobile=&#8221;on&#8221; custom_padding=&#8221;50px|35px|50px|35px&#8221; background_color=&#8221;#ffffff&#8221;][et_pb_column type=&#8221;2_3&#8243;][et_pb_text admin_label=&#8221;tag e data&#8221; background_layout=&#8221;light&#8221; text_orientation=&#8221;left&#8221; text_font=&#8221;|on|||&#8221; text_font_size=&#8221;16&#8243; text_text_color=&#8221;#9ec31e&#8221; text_line_height=&#8221;1.5em&#8221; use_border_color=&#8221;off&#8221; border_color=&#8221;#ffffff&#8221; border_style=&#8221;solid&#8221; custom_margin=&#8221;||0px|&#8221;]<\/p>\n<p>CORONAV\u00cdRUS | 15.FEVEREIRO.2021<\/p>\n<h4><\/h4>\n<p>[\/et_pb_text][et_pb_text admin_label=&#8221;t\u00edtulo&#8221; background_layout=&#8221;light&#8221; text_orientation=&#8221;left&#8221; text_font=&#8221;|on|||&#8221; text_font_size=&#8221;34&#8243; text_text_color=&#8221;#495358&#8243; text_line_height=&#8221;1.2em&#8221; use_border_color=&#8221;off&#8221; border_color=&#8221;#ffffff&#8221; border_style=&#8221;solid&#8221;] Qual m\u00e1scara usar na pandemia: as industriais ou as caseiras? [\/et_pb_text][et_pb_text admin_label=&#8221;conte\u00fado&#8221; background_layout=&#8221;light&#8221; text_orientation=&#8221;left&#8221; text_font=&#8221;Open Sans||||&#8221; text_text_color=&#8221;#748690&#8243; text_line_height=&#8221;1.6em&#8221; use_border_color=&#8221;off&#8221; border_color=&#8221;#ffffff&#8221; border_style=&#8221;solid&#8221;]<\/p>\n<p>O uso de m\u00e1scaras continua fundamental para conter e controlar o <a href=\"https:\/\/segurosinteligentes.com.br\/oldrh\/_old\/category\/coronavirus\/\" target=\"_blank\" rel=\"noopener\">coronav\u00edrus<\/a>, principalmente com suas muta\u00e7\u00f5es. Mas qual tipo de m\u00e1scara a popula\u00e7\u00e3o deve usar: as industriais ou as caseiras?<\/p>\n<p>Esse questionamento voltou a ser debatido ao redor do mundo, depois que alguns pa\u00edses vetaram a utiliza\u00e7\u00e3o de m\u00e1scaras de tecido em locais p\u00fablicos. Em seu lugar, foi indicado o uso de m\u00e1scaras do tipo N95 (ou PFF2). Mas a decis\u00e3o n\u00e3o \u00e9 consenso. Entenda:<\/p>\n<h4><\/h4>\n<h4>Por que alguns pa\u00edses recomendaram a substitui\u00e7\u00e3o das m\u00e1scaras de tecido pelas cir\u00fargicas para a popula\u00e7\u00e3o?<\/h4>\n<p>Ap\u00f3s o surgimento de <a href=\"https:\/\/segurosinteligentes.com.br\/oldrh\/_old\/mutacoes-do-coronavirus\/\" target=\"_blank\" rel=\"noopener\">variantes do coronav\u00edrus<\/a> e aumento expressivo no n\u00famero de casos, alguns pa\u00edses da Europa levantaram a discuss\u00e3o de como as medidas de seguran\u00e7a poderiam ser otimizadas, para oferecer uma prote\u00e7\u00e3o maior contra as muta\u00e7\u00f5es encontradas no Reino Unido, \u00c1frica do Sul e Brasil, que s\u00e3o mais contagiosas.<\/p>\n<p>As m\u00e1scaras simples de tecido foram vetadas em locais p\u00fablicos na Alemanha, Fran\u00e7a e \u00c1ustria, tendo como justificativa a maior capacidade de filtra\u00e7\u00e3o das m\u00e1scaras industriais (como as cir\u00fargicas e a N95).<\/p>\n<p>Entretanto, esta medida n\u00e3o foi reconhecida por \u00f3rg\u00e3os como a OMS ou o Centro de Controle de Doen\u00e7as dos Estados Unidos (CDC). A maioria dos pa\u00edses manteve a recomenda\u00e7\u00e3o de m\u00e1scaras de tecido para a popula\u00e7\u00e3o geral, e refor\u00e7a a import\u00e2ncia de todas as outras medidas de prote\u00e7\u00e3o como complementares.<\/p>\n<h4><\/h4>\n<h4>M\u00e1scaras de tecido continuam eficazes, mesmo contra as variantes do coronav\u00edrus?<\/h4>\n<p>Sim. O modo de transmiss\u00e3o das variantes do coronav\u00edrus \u00e9 o mesmo da sua forma sem muta\u00e7\u00e3o. Portanto, todas as <a href=\"https:\/\/www.youtube.com\/watch?v=rQEwyKVMxuQ&amp;feature=youtu.be\" target=\"_blank\" rel=\"noopener\">medidas orientadas anteriormente continuam em vigor<\/a>, incluindo o uso de m\u00e1scara de tecido, bem ajustada ao rosto e com duas ou mais camadas, deixando as cir\u00fargicas e industriais para profissionais da sa\u00fade.<\/p>\n<p><strong>O que torna a m\u00e1scara ineficaz \u00e9 utiliza-la de maneira inadequada<\/strong>, seja ela cir\u00fargica ou de tecido. A falta ou uso incorreto do item \u00e9 um dos principais fatores de propaga\u00e7\u00e3o do v\u00edrus.<\/p>\n<h4><\/h4>\n<h4>Existem pessoas que devem utilizar as m\u00e1scaras industriais?<\/h4>\n<p>Sim. Mas esse \u00e9 um grupo restrito, formado por: profissionais da sa\u00fade, pessoas com sintomas de covid-19 e quem entrou em contato com elas, al\u00e9m de pessoas com 60 anos ou mais ou com <a href=\"https:\/\/segurosinteligentes.com.br\/oldrh\/_old\/riscos-de-complicacoes-covid-19\/\" target=\"_blank\" rel=\"noopener\">comorbidades que integram o grupo de risco<\/a>. J\u00e1 a popula\u00e7\u00e3o em geral, de acordo com a OMS, pode continuar utilizando a m\u00e1scara de tecido caseira com duas ou tr\u00eas camadas.<\/p>\n<p>Vale lembrar tamb\u00e9m que o uso de protetores faciais (<em>face shields<\/em>) \u00e9 eficaz apenas se o indiv\u00edduo estiver usando uma m\u00e1scara em conjunto, pois, \u00e9 necess\u00e1rio a cobertura do nariz e da boca para evitar a entrada do v\u00edrus no organismo.<\/p>\n<h4><\/h4>\n<h4>Depois de tomar vacina, ainda preciso usar m\u00e1scara?<\/h4>\n<p>Embora a vacina seja motivo de comemora\u00e7\u00e3o, o fim da pandemia do coronav\u00edrus depende da continuidade de cuidados b\u00e1sicos. <strong>A m\u00e1scara segue sendo um item indispens\u00e1vel<\/strong>, mesmo para quem for vacinado, j\u00e1 que, apesar de estar protegida dos sintomas, uma pessoa imunizada ainda pode transmitir a infec\u00e7\u00e3o.<\/p>\n<p>Normas e diretrizes como distanciamento social, funcionamento de estabelecimentos com hor\u00e1rio e p\u00fablico reduzidos e o uso de \u00e1lcool gel tamb\u00e9m continuar\u00e3o imprescind\u00edveis, at\u00e9 que a quantidade de pessoas vacinadas seja suficientemente grande.<\/p>\n<blockquote><p><strong>Tamb\u00e9m pode interessar:<\/strong><\/p>\n<p><a href=\"https:\/\/segurosinteligentes.com.br\/oldrh\/_old\/contato-com-casos-de-covid19\/\" target=\"_blank\" rel=\"noopener\">Novas orienta\u00e7\u00f5es: Pessoas que tiveram contato com casos de Covid-19<\/a><\/p>\n<p><a href=\"https:\/\/segurosinteligentes.com.br\/oldrh\/_old\/mutacoes-do-coronavirus-e-vacina\/\" target=\"_blank\" rel=\"noopener\">Muta\u00e7\u00f5es do coronav\u00edrus e vacina: o que sabemos at\u00e9 agora<\/a><\/p><\/blockquote>\n<h3><\/h3>\n<div class='et-box et-shadow'>\n\t\t\t\t\t<div class='et-box-content'>Refer\u00eancias:\u00a0<a href=\"https:\/\/www.hopkinsmedicine.org\/health\/conditions-and-diseases\/coronavirus\/coronavirus-face-masks-what-you-need-to-know\" target=\"_blank\" rel=\"noopener\">Universidade Johns Hopkins<\/a>; <a href=\"https:\/\/www.who.int\/publications\/i\/item\/advice-on-the-use-of-masks-in-the-community-during-home-care-and-in-healthcare-settings-in-the-context-of-the-novel-coronavirus-(2019-ncov)-outbreak\" target=\"_blank\" rel=\"noopener\">OMS<\/a><\/div><\/div>\n<p>[\/et_pb_text][\/et_pb_column][et_pb_column type=&#8221;1_3&#8243;][et_pb_sidebar admin_label=&#8221;Barra Lateral&#8221; global_module=&#8221;399&#8243; orientation=&#8221;left&#8221; area=&#8221;sidebar-1&#8243; background_layout=&#8221;light&#8221; remove_border=&#8221;on&#8221; body_line_height=&#8221;1.5em&#8221; custom_css_widget=&#8221;margin-bottom: 30px !important;&#8221; saved_tabs=&#8221;all&#8221;] [\/et_pb_sidebar][\/et_pb_column][\/et_pb_row][\/et_pb_section][et_pb_section admin_label=&#8221;Se\u00e7\u00e3o&#8221; global_module=&#8221;93&#8243; fullwidth=&#8221;off&#8221; specialty=&#8221;off&#8221; transparent_background=&#8221;off&#8221; background_color=&#8221;#f9f9f9&#8243; allow_player_pause=&#8221;off&#8221; inner_shadow=&#8221;off&#8221; parallax=&#8221;off&#8221; parallax_method=&#8221;off&#8221; padding_mobile=&#8221;on&#8221; make_fullwidth=&#8221;off&#8221; use_custom_width=&#8221;off&#8221; width_unit=&#8221;on&#8221; make_equal=&#8221;off&#8221; use_custom_gutter=&#8221;off&#8221; custom_padding=&#8221;20px||20px|&#8221;][et_pb_row global_parent=&#8221;93&#8243; admin_label=&#8221;Linha&#8221; make_fullwidth=&#8221;on&#8221; use_custom_width=&#8221;off&#8221; width_unit=&#8221;on&#8221; use_custom_gutter=&#8221;on&#8221; gutter_width=&#8221;2&#8243; padding_mobile=&#8221;off&#8221; allow_player_pause=&#8221;off&#8221; parallax=&#8221;off&#8221; parallax_method=&#8221;off&#8221; make_equal=&#8221;off&#8221; parallax_1=&#8221;off&#8221; parallax_method_1=&#8221;off&#8221; parallax_2=&#8221;off&#8221; parallax_method_2=&#8221;off&#8221; parallax_3=&#8221;off&#8221; parallax_method_3=&#8221;off&#8221; column_padding_mobile=&#8221;on&#8221; module_class=&#8221;footer&#8221; module_id_1=&#8221;coluna_1&#8243; module_id_2=&#8221;coluna_2&#8243; module_id_3=&#8221;coluna_3&#8243; module_id=&#8221;footer_1&#8243;][et_pb_column type=&#8221;1_4&#8243;][et_pb_text global_parent=&#8221;93&#8243; admin_label=&#8221;logo it&#8217;sseg&#8221; background_layout=&#8221;light&#8221; text_orientation=&#8221;left&#8221; use_border_color=&#8221;off&#8221; border_color=&#8221;#ffffff&#8221; border_style=&#8221;solid&#8221;] <img decoding=\"async\" class=\"alignleft size-full wp-image-82\" src=\"https:\/\/segurosinteligentes.com.br\/oldrh\/_old\/wp-content\/uploads\/logo-seguros-inteligentes.png\" width=\"270\" \/> [\/et_pb_text][\/et_pb_column][et_pb_column type=&#8221;1_2&#8243;][et_pb_text global_parent=&#8221;93&#8243; admin_label=&#8221;copyright&#8221; background_layout=&#8221;light&#8221; text_orientation=&#8221;right&#8221; text_line_height=&#8221;1.5em&#8221; use_border_color=&#8221;off&#8221; border_color=&#8221;#ffffff&#8221; border_style=&#8221;solid&#8221; custom_padding=&#8221;|||20%&#8221; text_font=&#8221;Abel||||&#8221;] PORTAL RH IT\u2019SSEG \u00e9 uma publica\u00e7\u00e3o da It\u2019sSeg Seguros Inteligentes. N\u00e3o \u00e9 permitida a reprodu\u00e7\u00e3o do conte\u00fado, mesmo que parcial, para uso comercial de qualquer natureza. Confira <a href=\"https:\/\/itssegcompany.com.br\/lgpd\/\" target=\"_blank\" rel=\"noopener\">aqui<\/a> nossa pol\u00edtica de privacidade. [\/et_pb_text][\/et_pb_column][et_pb_column type=&#8221;1_4&#8243;][et_pb_text global_parent=&#8221;93&#8243; admin_label=&#8221;logo portal&#8221; background_layout=&#8221;light&#8221; text_orientation=&#8221;right&#8221; use_border_color=&#8221;off&#8221; border_color=&#8221;#ffffff&#8221; border_style=&#8221;solid&#8221;] <img decoding=\"async\" class=\"alignright size-full wp-image-83\" src=\"https:\/\/segurosinteligentes.com.br\/oldrh\/_old\/wp-content\/uploads\/portalrh-footer.png\" alt=\"logo_portal_footer\" width=\"270\" \/> [\/et_pb_text][\/et_pb_column][\/et_pb_row][et_pb_row global_parent=&#8221;93&#8243; admin_label=&#8221;Linha&#8221; make_fullwidth=&#8221;on&#8221; use_custom_width=&#8221;off&#8221; width_unit=&#8221;on&#8221; use_custom_gutter=&#8221;on&#8221; gutter_width=&#8221;2&#8243; padding_mobile=&#8221;on&#8221; allow_player_pause=&#8221;off&#8221; parallax=&#8221;off&#8221; parallax_method=&#8221;off&#8221; make_equal=&#8221;off&#8221; parallax_1=&#8221;off&#8221; parallax_method_1=&#8221;off&#8221; parallax_2=&#8221;off&#8221; parallax_method_2=&#8221;off&#8221; parallax_3=&#8221;off&#8221; parallax_method_3=&#8221;off&#8221; column_padding_mobile=&#8221;on&#8221; module_id_2=&#8221;coluna_2&#8243; module_id_3=&#8221;coluna_3&#8243; module_id=&#8221;footer_2&#8243; custom_padding=&#8221;||0px|&#8221;][et_pb_column type=&#8221;4_4&#8243;][et_pb_text global_parent=&#8221;93&#8243; admin_label=&#8221;copyright&#8221; background_layout=&#8221;light&#8221; text_orientation=&#8221;center&#8221; text_line_height=&#8221;1.5em&#8221; use_border_color=&#8221;off&#8221; border_color=&#8221;#ffffff&#8221; border_style=&#8221;solid&#8221; text_font=&#8221;Abel||||&#8221;] PORTAL RH IT\u2019SSEG \u00e9 uma publica\u00e7\u00e3o da It\u2019sSeg Seguros Inteligentes. N\u00e3o \u00e9 permitida a reprodu\u00e7\u00e3o do conte\u00fado, mesmo que parcial, para uso comercial de qualquer natureza. Confira <a href=\"https:\/\/itssegcompany.com.br\/lgpd\/\" target=\"_blank\" rel=\"noopener\">aqui<\/a> nossa pol\u00edtica de privacidade. [\/et_pb_text][\/et_pb_column][\/et_pb_row][et_pb_row global_parent=&#8221;93&#8243; admin_label=&#8221;Linha&#8221; make_fullwidth=&#8221;on&#8221; use_custom_width=&#8221;off&#8221; width_unit=&#8221;on&#8221; use_custom_gutter=&#8221;on&#8221; gutter_width=&#8221;2&#8243; padding_mobile=&#8221;off&#8221; allow_player_pause=&#8221;off&#8221; parallax=&#8221;off&#8221; parallax_method=&#8221;off&#8221; make_equal=&#8221;off&#8221; parallax_1=&#8221;off&#8221; parallax_method_1=&#8221;off&#8221; parallax_2=&#8221;off&#8221; parallax_method_2=&#8221;off&#8221; parallax_3=&#8221;off&#8221; parallax_method_3=&#8221;off&#8221; column_padding_mobile=&#8221;on&#8221; module_id_3=&#8221;coluna_3&#8243; module_id=&#8221;footer_2_2&#8243; custom_padding=&#8221;0px|||&#8221;][et_pb_column type=&#8221;1_2&#8243;][et_pb_text global_parent=&#8221;93&#8243; admin_label=&#8221;logo it&#8217;sseg&#8221; background_layout=&#8221;light&#8221; text_orientation=&#8221;left&#8221; use_border_color=&#8221;off&#8221; border_color=&#8221;#ffffff&#8221; border_style=&#8221;solid&#8221; module_id=&#8221;logo_itsseg_footer_1&#8243;] <img decoding=\"async\" class=\"alignleft size-full wp-image-82\" src=\"https:\/\/segurosinteligentes.com.br\/oldrh\/_old\/wp-content\/uploads\/logo-seguros-inteligentes.png\" width=\"270\" \/> [\/et_pb_text][et_pb_text global_parent=&#8221;93&#8243; admin_label=&#8221;logo it&#8217;sseg&#8221; background_layout=&#8221;light&#8221; text_orientation=&#8221;center&#8221; use_border_color=&#8221;off&#8221; border_color=&#8221;#ffffff&#8221; border_style=&#8221;solid&#8221; module_id=&#8221;logo_itsseg_footer_2&#8243;] <img decoding=\"async\" src=\"https:\/\/segurosinteligentes.com.br\/oldrh\/_old\/wp-content\/uploads\/logo-seguros-inteligentes-mobile.png\" alt=\"logo_footer_2\" width=\"70\" \/> [\/et_pb_text][\/et_pb_column][et_pb_column type=&#8221;1_2&#8243;][et_pb_text global_parent=&#8221;93&#8243; admin_label=&#8221;logo portal&#8221; background_layout=&#8221;light&#8221; text_orientation=&#8221;right&#8221; use_border_color=&#8221;off&#8221; border_color=&#8221;#ffffff&#8221; border_style=&#8221;solid&#8221; module_id=&#8221;logo_portal_itsseg_footer_2&#8243;] <img decoding=\"async\" class=\"alignright size-full wp-image-83\" src=\"https:\/\/segurosinteligentes.com.br\/oldrh\/_old\/wp-content\/uploads\/portalrh-footer.png\" alt=\"logo_portal_footer\" width=\"270\" \/> [\/et_pb_text][\/et_pb_column][\/et_pb_row][\/et_pb_section]<\/p>\n","protected":false},"excerpt":{"rendered":"<p>Esse questionamento voltou a ser debatido ao redor do mundo, depois que alguns pa\u00edses vetaram a utiliza\u00e7\u00e3o de m\u00e1scaras de tecido em locais p\u00fablicos.<\/p>\n","protected":false},"author":5,"featured_media":7664,"comment_status":"closed","ping_status":"closed","sticky":false,"template":"","format":"standard","meta":{"_et_pb_use_builder":"on","_et_pb_old_content":"","_et_gb_content_width":"","_links_to":"","_links_to_target":""},"categories":[287],"tags":[288],"_links":{"self":[{"href":"https:\/\/segurosinteligentes.com.br\/oldrh\/wp-json\/wp\/v2\/posts\/7662"}],"collection":[{"href":"https:\/\/segurosinteligentes.com.br\/oldrh\/wp-json\/wp\/v2\/posts"}],"about":[{"href":"https:\/\/segurosinteligentes.com.br\/oldrh\/wp-json\/wp\/v2\/types\/post"}],"author":[{"embeddable":true,"href":"https:\/\/segurosinteligentes.com.br\/oldrh\/wp-json\/wp\/v2\/users\/5"}],"replies":[{"embeddable":true,"href":"https:\/\/segurosinteligentes.com.br\/oldrh\/wp-json\/wp\/v2\/comments?post=7662"}],"version-history":[{"count":8,"href":"https:\/\/segurosinteligentes.com.br\/oldrh\/wp-json\/wp\/v2\/posts\/7662\/revisions"}],"predecessor-version":[{"id":7671,"href":"https:\/\/segurosinteligentes.com.br\/oldrh\/wp-json\/wp\/v2\/posts\/7662\/revisions\/7671"}],"wp:featuredmedia":[{"embeddable":true,"href":"https:\/\/segurosinteligentes.com.br\/oldrh\/wp-json\/wp\/v2\/media\/7664"}],"wp:attachment":[{"href":"https:\/\/segurosinteligentes.com.br\/oldrh\/wp-json\/wp\/v2\/media?parent=7662"}],"wp:term":[{"taxonomy":"category","embeddable":true,"href":"https:\/\/segurosinteligentes.com.br\/oldrh\/wp-json\/wp\/v2\/categories?post=7662"},{"taxonomy":"post_tag","embeddable":true,"href":"https:\/\/segurosinteligentes.com.br\/oldrh\/wp-json\/wp\/v2\/tags?post=7662"}],"curies":[{"name":"wp","href":"https:\/\/api.w.org\/{rel}","templated":true}]}}