{"id":7613,"date":"2021-01-27T15:52:18","date_gmt":"2021-01-27T17:52:18","guid":{"rendered":"https:\/\/segurosinteligentes.com.br\/oldrh\/_old\/?p=7613"},"modified":"2021-01-28T15:53:01","modified_gmt":"2021-01-28T17:53:01","slug":"limbo-previdenciario","status":"publish","type":"post","link":"https:\/\/segurosinteligentes.com.br\/oldrh\/limbo-previdenciario\/","title":{"rendered":"Sua empresa est\u00e1 atenta ao limbo previdenci\u00e1rio?"},"content":{"rendered":"<p>[et_pb_section admin_label=&#8221;section&#8221; transparent_background=&#8221;on&#8221; background_color=&#8221;#ffffff&#8221; allow_player_pause=&#8221;off&#8221; inner_shadow=&#8221;off&#8221; parallax=&#8221;off&#8221; parallax_method=&#8221;off&#8221; padding_mobile=&#8221;on&#8221; make_fullwidth=&#8221;off&#8221; use_custom_width=&#8221;off&#8221; width_unit=&#8221;on&#8221; make_equal=&#8221;off&#8221; use_custom_gutter=&#8221;off&#8221; custom_padding=&#8221;0px||50px|&#8221;][et_pb_row admin_label=&#8221;row&#8221; make_fullwidth=&#8221;off&#8221; use_custom_width=&#8221;on&#8221; width_unit=&#8221;off&#8221; use_custom_gutter=&#8221;off&#8221; padding_mobile=&#8221;on&#8221; allow_player_pause=&#8221;off&#8221; parallax=&#8221;off&#8221; parallax_method=&#8221;off&#8221; make_equal=&#8221;off&#8221; parallax_1=&#8221;off&#8221; parallax_method_1=&#8221;off&#8221; parallax_2=&#8221;off&#8221; parallax_method_2=&#8221;off&#8221; column_padding_mobile=&#8221;on&#8221; custom_padding=&#8221;50px|35px|50px|35px&#8221; background_color=&#8221;#ffffff&#8221;][et_pb_column type=&#8221;2_3&#8243;][et_pb_text admin_label=&#8221;tag e data&#8221; background_layout=&#8221;light&#8221; text_orientation=&#8221;left&#8221; text_font=&#8221;|on|||&#8221; text_font_size=&#8221;16&#8243; text_text_color=&#8221;#9ec31e&#8221; text_line_height=&#8221;1.5em&#8221; use_border_color=&#8221;off&#8221; border_color=&#8221;#ffffff&#8221; border_style=&#8221;solid&#8221; custom_margin=&#8221;||0px|&#8221;]<\/p>\n<p>GEST\u00c3O DE AFASTADOS | 27.JANEIRO.2021<\/p>\n<h4><\/h4>\n<p>[\/et_pb_text][et_pb_text admin_label=&#8221;t\u00edtulo&#8221; background_layout=&#8221;light&#8221; text_orientation=&#8221;left&#8221; text_font=&#8221;|on|||&#8221; text_font_size=&#8221;34&#8243; text_text_color=&#8221;#495358&#8243; text_line_height=&#8221;1.2em&#8221; use_border_color=&#8221;off&#8221; border_color=&#8221;#ffffff&#8221; border_style=&#8221;solid&#8221;]<\/p>\n<p>Sua empresa est\u00e1 atenta ao limbo previdenci\u00e1rio?<\/p>\n<p>[\/et_pb_text][et_pb_text admin_label=&#8221;conte\u00fado&#8221; background_layout=&#8221;light&#8221; text_orientation=&#8221;left&#8221; text_font=&#8221;Open Sans||||&#8221; text_text_color=&#8221;#748690&#8243; text_line_height=&#8221;1.6em&#8221; use_border_color=&#8221;off&#8221; border_color=&#8221;#ffffff&#8221; border_style=&#8221;solid&#8221;]<\/p>\n<p>O <strong>limbo previdenci\u00e1rio trabalhista<\/strong> consiste no per\u00edodo em que o colaborador afastado recebe alta da Previd\u00eancia Social, tem seu benef\u00edcio por incapacidade cessado, mas n\u00e3o retorna ao trabalho, porque laudos m\u00e9dicos apontam para a inaptid\u00e3o tempor\u00e1ria do indiv\u00edduo, contrariando a decis\u00e3o do perito do INSS \u2013 voz soberana de toda essa rela\u00e7\u00e3o.<\/p>\n<p>Quando a empresa se recusa a receber esse funcion\u00e1rio novamente, devido a\u0300 constata\u00e7\u00e3o da incapacidade para o trabalho, ele fica a\u0300 merc\u00ea da pr\u00f3pria sorte, vivenciando um duplo desamparo: do empregador e do INSS.<\/p>\n<p>Pela tend\u00eancia pr\u00e1tica de que \u201cse o benef\u00edcio cessou, o contrato de trabalho \u00e9 reativado, migrando do status de suspenso para ativo\u201d, geralmente a responsabilidade recai para a empresa. De alguma forma, a organiza\u00e7\u00e3o precisar\u00e1 resolver esse contradit\u00f3rio ou se arriscar a um eventual recurso movido pelo empregado contra a decis\u00e3o do INSS, ou aguardar pelos in\u00fameros e consecutivos novos pedidos de benef\u00edcio at\u00e9 ele definir por judicializar seu direito.<\/p>\n<blockquote>\n<p style=\"padding-bottom: 0px;\"><strong>Tamb\u00e9m pode interessar:<\/strong><\/p>\n<p style=\"padding-bottom: 0px;\"><a href=\"https:\/\/segurosinteligentes.com.br\/oldrh\/_old\/fap-o-que-e-como-funciona\/\" target=\"_blank\" rel=\"noopener\">FAP: O que \u00e9, para qu\u00ea serve e como gerenciar<\/a><\/p>\n<p><a href=\"https:\/\/segurosinteligentes.com.br\/oldrh\/_old\/porque-monitorar-beneficios-previdenciarios\/\" target=\"_blank\" rel=\"noopener\">Por que monitorar os benef\u00edcios previdenci\u00e1rios da empresa<\/a><\/p><\/blockquote>\n<p>Fazer a <strong>gest\u00e3o de afastados<\/strong> \u00e9 vantajoso na preven\u00e7\u00e3o do limbo previdenci\u00e1rio, pois, sem legisla\u00e7\u00e3o espec\u00edfica para esse cen\u00e1rio, o funcion\u00e1rio fica perdido de qual o melhor caminho adotar, desgastando-se mais e mais, exatamente em per\u00edodo de fragilidade e car\u00eancia de aten\u00e7\u00e3o e de insumos de subsist\u00eancia que, regra geral, culmina com sua revolta e a mo\u00e7\u00e3o de a\u00e7\u00e3o previdenci\u00e1ria e trabalhista.<\/p>\n<p>O gerenciamento de funcion\u00e1rios afastados carrega em sua ess\u00eancia a verifica\u00e7\u00e3o di\u00e1ria das decis\u00f5es da Previd\u00eancia Social, comunicando de imediato a sugest\u00e3o de atua\u00e7\u00e3o, na busca da equaliza\u00e7\u00e3o e saneamento do limbo. Dessa forma, a empresa obter\u00e1 custo evitado, al\u00e9m de garantir a sustenta\u00e7\u00e3o do seu funcion\u00e1rio em v\u00ednculo emocional e de compromisso com o neg\u00f3cio em alta.<\/p>\n<p>Cuidar dos afastados \u00e9 inteligente, altamente econ\u00f4mico e positivamente competitivo.<\/p>\n<h3><\/h3>\n<p><div class='et-box et-shadow'>\n\t\t\t\t\t<div class='et-box-content'>Escrito por Marlene Capel, diretora da <a href=\"https:\/\/www.b2p.com.br\/\" target=\"_blank\" rel=\"noopener\">B2P &#8211; Business to Person<\/a>, uma marca It&#8217;sSeg Company.<\/div><\/div> [\/et_pb_text][\/et_pb_column][et_pb_column type=&#8221;1_3&#8243;][et_pb_sidebar admin_label=&#8221;Barra Lateral&#8221; global_module=&#8221;399&#8243; orientation=&#8221;left&#8221; area=&#8221;sidebar-1&#8243; background_layout=&#8221;light&#8221; remove_border=&#8221;on&#8221; body_line_height=&#8221;1.5em&#8221; custom_css_widget=&#8221;margin-bottom: 30px !important;&#8221; saved_tabs=&#8221;all&#8221;] [\/et_pb_sidebar][\/et_pb_column][\/et_pb_row][\/et_pb_section][et_pb_section admin_label=&#8221;Se\u00e7\u00e3o&#8221; global_module=&#8221;93&#8243; fullwidth=&#8221;off&#8221; specialty=&#8221;off&#8221; transparent_background=&#8221;off&#8221; background_color=&#8221;#f9f9f9&#8243; allow_player_pause=&#8221;off&#8221; inner_shadow=&#8221;off&#8221; parallax=&#8221;off&#8221; parallax_method=&#8221;off&#8221; padding_mobile=&#8221;on&#8221; make_fullwidth=&#8221;off&#8221; use_custom_width=&#8221;off&#8221; width_unit=&#8221;on&#8221; make_equal=&#8221;off&#8221; use_custom_gutter=&#8221;off&#8221; custom_padding=&#8221;20px||20px|&#8221;][et_pb_row global_parent=&#8221;93&#8243; admin_label=&#8221;Linha&#8221; make_fullwidth=&#8221;on&#8221; use_custom_width=&#8221;off&#8221; width_unit=&#8221;on&#8221; use_custom_gutter=&#8221;on&#8221; gutter_width=&#8221;2&#8243; padding_mobile=&#8221;off&#8221; allow_player_pause=&#8221;off&#8221; parallax=&#8221;off&#8221; parallax_method=&#8221;off&#8221; make_equal=&#8221;off&#8221; parallax_1=&#8221;off&#8221; parallax_method_1=&#8221;off&#8221; parallax_2=&#8221;off&#8221; parallax_method_2=&#8221;off&#8221; parallax_3=&#8221;off&#8221; parallax_method_3=&#8221;off&#8221; column_padding_mobile=&#8221;on&#8221; module_class=&#8221;footer&#8221; module_id_1=&#8221;coluna_1&#8243; module_id_2=&#8221;coluna_2&#8243; module_id_3=&#8221;coluna_3&#8243; module_id=&#8221;footer_1&#8243;][et_pb_column type=&#8221;1_4&#8243;][et_pb_text global_parent=&#8221;93&#8243; admin_label=&#8221;logo it&#8217;sseg&#8221; background_layout=&#8221;light&#8221; text_orientation=&#8221;left&#8221; use_border_color=&#8221;off&#8221; border_color=&#8221;#ffffff&#8221; border_style=&#8221;solid&#8221;] <img decoding=\"async\" class=\"alignleft size-full wp-image-82\" src=\"https:\/\/segurosinteligentes.com.br\/oldrh\/_old\/wp-content\/uploads\/logo-seguros-inteligentes.png\" width=\"270\" \/> [\/et_pb_text][\/et_pb_column][et_pb_column type=&#8221;1_2&#8243;][et_pb_text global_parent=&#8221;93&#8243; admin_label=&#8221;copyright&#8221; background_layout=&#8221;light&#8221; text_orientation=&#8221;right&#8221; text_line_height=&#8221;1.5em&#8221; use_border_color=&#8221;off&#8221; border_color=&#8221;#ffffff&#8221; border_style=&#8221;solid&#8221; custom_padding=&#8221;|||20%&#8221; text_font=&#8221;Abel||||&#8221;] PORTAL RH IT\u2019SSEG \u00e9 uma publica\u00e7\u00e3o da It\u2019sSeg Seguros Inteligentes. N\u00e3o \u00e9 permitida a reprodu\u00e7\u00e3o do conte\u00fado, mesmo que parcial, para uso comercial de qualquer natureza. Confira <a href=\"https:\/\/itssegcompany.com.br\/lgpd\/\" target=\"_blank\" rel=\"noopener\">aqui<\/a> nossa pol\u00edtica de privacidade. [\/et_pb_text][\/et_pb_column][et_pb_column type=&#8221;1_4&#8243;][et_pb_text global_parent=&#8221;93&#8243; admin_label=&#8221;logo portal&#8221; background_layout=&#8221;light&#8221; text_orientation=&#8221;right&#8221; use_border_color=&#8221;off&#8221; border_color=&#8221;#ffffff&#8221; border_style=&#8221;solid&#8221;] <img decoding=\"async\" class=\"alignright size-full wp-image-83\" src=\"https:\/\/segurosinteligentes.com.br\/oldrh\/_old\/wp-content\/uploads\/portalrh-footer.png\" alt=\"logo_portal_footer\" width=\"270\" \/> [\/et_pb_text][\/et_pb_column][\/et_pb_row][et_pb_row global_parent=&#8221;93&#8243; admin_label=&#8221;Linha&#8221; make_fullwidth=&#8221;on&#8221; use_custom_width=&#8221;off&#8221; width_unit=&#8221;on&#8221; use_custom_gutter=&#8221;on&#8221; gutter_width=&#8221;2&#8243; padding_mobile=&#8221;on&#8221; allow_player_pause=&#8221;off&#8221; parallax=&#8221;off&#8221; parallax_method=&#8221;off&#8221; make_equal=&#8221;off&#8221; parallax_1=&#8221;off&#8221; parallax_method_1=&#8221;off&#8221; parallax_2=&#8221;off&#8221; parallax_method_2=&#8221;off&#8221; parallax_3=&#8221;off&#8221; parallax_method_3=&#8221;off&#8221; column_padding_mobile=&#8221;on&#8221; module_id_2=&#8221;coluna_2&#8243; module_id_3=&#8221;coluna_3&#8243; module_id=&#8221;footer_2&#8243; custom_padding=&#8221;||0px|&#8221;][et_pb_column type=&#8221;4_4&#8243;][et_pb_text global_parent=&#8221;93&#8243; admin_label=&#8221;copyright&#8221; background_layout=&#8221;light&#8221; text_orientation=&#8221;center&#8221; text_line_height=&#8221;1.5em&#8221; use_border_color=&#8221;off&#8221; border_color=&#8221;#ffffff&#8221; border_style=&#8221;solid&#8221; text_font=&#8221;Abel||||&#8221;] PORTAL RH IT\u2019SSEG \u00e9 uma publica\u00e7\u00e3o da It\u2019sSeg Seguros Inteligentes. N\u00e3o \u00e9 permitida a reprodu\u00e7\u00e3o do conte\u00fado, mesmo que parcial, para uso comercial de qualquer natureza. Confira <a href=\"https:\/\/itssegcompany.com.br\/lgpd\/\" target=\"_blank\" rel=\"noopener\">aqui<\/a> nossa pol\u00edtica de privacidade. [\/et_pb_text][\/et_pb_column][\/et_pb_row][et_pb_row global_parent=&#8221;93&#8243; admin_label=&#8221;Linha&#8221; make_fullwidth=&#8221;on&#8221; use_custom_width=&#8221;off&#8221; width_unit=&#8221;on&#8221; use_custom_gutter=&#8221;on&#8221; gutter_width=&#8221;2&#8243; padding_mobile=&#8221;off&#8221; allow_player_pause=&#8221;off&#8221; parallax=&#8221;off&#8221; parallax_method=&#8221;off&#8221; make_equal=&#8221;off&#8221; parallax_1=&#8221;off&#8221; parallax_method_1=&#8221;off&#8221; parallax_2=&#8221;off&#8221; parallax_method_2=&#8221;off&#8221; parallax_3=&#8221;off&#8221; parallax_method_3=&#8221;off&#8221; column_padding_mobile=&#8221;on&#8221; module_id_3=&#8221;coluna_3&#8243; module_id=&#8221;footer_2_2&#8243; custom_padding=&#8221;0px|||&#8221;][et_pb_column type=&#8221;1_2&#8243;][et_pb_text global_parent=&#8221;93&#8243; admin_label=&#8221;logo it&#8217;sseg&#8221; background_layout=&#8221;light&#8221; text_orientation=&#8221;left&#8221; use_border_color=&#8221;off&#8221; border_color=&#8221;#ffffff&#8221; border_style=&#8221;solid&#8221; module_id=&#8221;logo_itsseg_footer_1&#8243;] <img decoding=\"async\" class=\"alignleft size-full wp-image-82\" src=\"https:\/\/segurosinteligentes.com.br\/oldrh\/_old\/wp-content\/uploads\/logo-seguros-inteligentes.png\" width=\"270\" \/> [\/et_pb_text][et_pb_text global_parent=&#8221;93&#8243; admin_label=&#8221;logo it&#8217;sseg&#8221; background_layout=&#8221;light&#8221; text_orientation=&#8221;center&#8221; use_border_color=&#8221;off&#8221; border_color=&#8221;#ffffff&#8221; border_style=&#8221;solid&#8221; module_id=&#8221;logo_itsseg_footer_2&#8243;] <img decoding=\"async\" src=\"https:\/\/segurosinteligentes.com.br\/oldrh\/_old\/wp-content\/uploads\/logo-seguros-inteligentes-mobile.png\" alt=\"logo_footer_2\" width=\"70\" \/> [\/et_pb_text][\/et_pb_column][et_pb_column type=&#8221;1_2&#8243;][et_pb_text global_parent=&#8221;93&#8243; admin_label=&#8221;logo portal&#8221; background_layout=&#8221;light&#8221; text_orientation=&#8221;right&#8221; use_border_color=&#8221;off&#8221; border_color=&#8221;#ffffff&#8221; border_style=&#8221;solid&#8221; module_id=&#8221;logo_portal_itsseg_footer_2&#8243;] <img decoding=\"async\" class=\"alignright size-full wp-image-83\" src=\"https:\/\/segurosinteligentes.com.br\/oldrh\/_old\/wp-content\/uploads\/portalrh-footer.png\" alt=\"logo_portal_footer\" width=\"270\" \/> [\/et_pb_text][\/et_pb_column][\/et_pb_row][\/et_pb_section]<\/p>\n","protected":false},"excerpt":{"rendered":"<p>De alguma forma, a organiza\u00e7\u00e3o precisar\u00e1 resolver esse contradit\u00f3rio ou se arriscar a um eventual recurso movido pelo empregado.<\/p>\n","protected":false},"author":5,"featured_media":7616,"comment_status":"closed","ping_status":"closed","sticky":false,"template":"","format":"standard","meta":{"_et_pb_use_builder":"on","_et_pb_old_content":"","_et_gb_content_width":"","_links_to":"","_links_to_target":""},"categories":[14],"tags":[309],"_links":{"self":[{"href":"https:\/\/segurosinteligentes.com.br\/oldrh\/wp-json\/wp\/v2\/posts\/7613"}],"collection":[{"href":"https:\/\/segurosinteligentes.com.br\/oldrh\/wp-json\/wp\/v2\/posts"}],"about":[{"href":"https:\/\/segurosinteligentes.com.br\/oldrh\/wp-json\/wp\/v2\/types\/post"}],"author":[{"embeddable":true,"href":"https:\/\/segurosinteligentes.com.br\/oldrh\/wp-json\/wp\/v2\/users\/5"}],"replies":[{"embeddable":true,"href":"https:\/\/segurosinteligentes.com.br\/oldrh\/wp-json\/wp\/v2\/comments?post=7613"}],"version-history":[{"count":4,"href":"https:\/\/segurosinteligentes.com.br\/oldrh\/wp-json\/wp\/v2\/posts\/7613\/revisions"}],"predecessor-version":[{"id":7618,"href":"https:\/\/segurosinteligentes.com.br\/oldrh\/wp-json\/wp\/v2\/posts\/7613\/revisions\/7618"}],"wp:featuredmedia":[{"embeddable":true,"href":"https:\/\/segurosinteligentes.com.br\/oldrh\/wp-json\/wp\/v2\/media\/7616"}],"wp:attachment":[{"href":"https:\/\/segurosinteligentes.com.br\/oldrh\/wp-json\/wp\/v2\/media?parent=7613"}],"wp:term":[{"taxonomy":"category","embeddable":true,"href":"https:\/\/segurosinteligentes.com.br\/oldrh\/wp-json\/wp\/v2\/categories?post=7613"},{"taxonomy":"post_tag","embeddable":true,"href":"https:\/\/segurosinteligentes.com.br\/oldrh\/wp-json\/wp\/v2\/tags?post=7613"}],"curies":[{"name":"wp","href":"https:\/\/api.w.org\/{rel}","templated":true}]}}