{"id":7496,"date":"2020-12-23T02:25:41","date_gmt":"2020-12-23T04:25:41","guid":{"rendered":"https:\/\/segurosinteligentes.com.br\/oldrh\/_old\/?p=7496"},"modified":"2020-12-23T02:25:41","modified_gmt":"2020-12-23T04:25:41","slug":"mutacoes-do-coronavirus","status":"publish","type":"post","link":"https:\/\/segurosinteligentes.com.br\/oldrh\/mutacoes-do-coronavirus\/","title":{"rendered":"Muta\u00e7\u00f5es do Coronav\u00edrus: Qual o impacto na vacina\u00e7\u00e3o?"},"content":{"rendered":"<p>[et_pb_section admin_label=&#8221;section&#8221; transparent_background=&#8221;on&#8221; background_color=&#8221;#ffffff&#8221; allow_player_pause=&#8221;off&#8221; inner_shadow=&#8221;off&#8221; parallax=&#8221;off&#8221; parallax_method=&#8221;off&#8221; padding_mobile=&#8221;on&#8221; make_fullwidth=&#8221;off&#8221; use_custom_width=&#8221;off&#8221; width_unit=&#8221;on&#8221; make_equal=&#8221;off&#8221; use_custom_gutter=&#8221;off&#8221; custom_padding=&#8221;0px||50px|&#8221;][et_pb_row admin_label=&#8221;row&#8221; make_fullwidth=&#8221;off&#8221; use_custom_width=&#8221;on&#8221; width_unit=&#8221;off&#8221; use_custom_gutter=&#8221;off&#8221; padding_mobile=&#8221;on&#8221; allow_player_pause=&#8221;off&#8221; parallax=&#8221;off&#8221; parallax_method=&#8221;off&#8221; make_equal=&#8221;off&#8221; parallax_1=&#8221;off&#8221; parallax_method_1=&#8221;off&#8221; parallax_2=&#8221;off&#8221; parallax_method_2=&#8221;off&#8221; column_padding_mobile=&#8221;on&#8221; custom_padding=&#8221;50px|35px|50px|35px&#8221; background_color=&#8221;#ffffff&#8221;][et_pb_column type=&#8221;2_3&#8243;][et_pb_text admin_label=&#8221;tag e data&#8221; background_layout=&#8221;light&#8221; text_orientation=&#8221;left&#8221; text_font=&#8221;|on|||&#8221; text_font_size=&#8221;16&#8243; text_text_color=&#8221;#9ec31e&#8221; text_line_height=&#8221;1.5em&#8221; use_border_color=&#8221;off&#8221; border_color=&#8221;#ffffff&#8221; border_style=&#8221;solid&#8221; custom_margin=&#8221;||0px|&#8221;]<\/p>\n<p>PANDEMIA | 23.DEZEMBRO.2020<\/p>\n<h4><\/h4>\n<p>[\/et_pb_text][et_pb_text admin_label=&#8221;t\u00edtulo&#8221; background_layout=&#8221;light&#8221; text_orientation=&#8221;left&#8221; text_font=&#8221;|on|||&#8221; text_font_size=&#8221;30&#8243; text_text_color=&#8221;#495358&#8243; text_line_height=&#8221;1.2em&#8221; use_border_color=&#8221;off&#8221; border_color=&#8221;#ffffff&#8221; border_style=&#8221;solid&#8221;] Muta\u00e7\u00f5es do Coronav\u00edrus: Qual o impacto na vacina\u00e7\u00e3o? [\/et_pb_text][et_pb_text admin_label=&#8221;conte\u00fado&#8221; background_layout=&#8221;light&#8221; text_orientation=&#8221;left&#8221; text_font=&#8221;Open Sans||||&#8221; text_text_color=&#8221;#748690&#8243; text_line_height=&#8221;1.6em&#8221; use_border_color=&#8221;off&#8221; border_color=&#8221;#ffffff&#8221; border_style=&#8221;solid&#8221;]<\/p>\n<p>O SARS-CoV-2, famoso <a href=\"https:\/\/segurosinteligentes.com.br\/oldrh\/_old\/category\/coronavirus\/\" target=\"_blank\" rel=\"noopener\">Coronav\u00edrus<\/a>, \u00e9 um v\u00edrus de RNA. Isso significa que seu material gen\u00e9tico se encontra armazenado em uma \u00fanica fita codificadora. O processo de replica\u00e7\u00e3o dessa fita n\u00e3o \u00e9 perfeito e, \u00e0 medida que altera\u00e7\u00f5es n\u00e3o reparadas acontecem, surgem as muta\u00e7\u00f5es.<\/p>\n<p>Outros v\u00edrus, como da gripe e o <a href=\"https:\/\/www.youtube.com\/watch?v=cZ_GWCzEU0k&amp;feature=youtu.be\" target=\"_blank\" rel=\"noopener\">HIV<\/a>, tamb\u00e9m sofrem mudan\u00e7as ao se multiplicar. O coronav\u00edrus, para se ter ideia, sofre modifica\u00e7\u00f5es com metade da velocidade do v\u00edrus da gripe e apenas um quarto da velocidade do HIV. Ou seja, a taxa de muta\u00e7\u00e3o demonstra ser menor.<\/p>\n<h3><\/h3>\n<h4>Muta\u00e7\u00f5es do coronav\u00edrus: o que elas significam?<\/h4>\n<p>Desde o in\u00edcio da pandemia, foram identificadas mais de 12 mil muta\u00e7\u00f5es no genoma do SARS-CoV-2. Boa parte delas n\u00e3o s\u00e3o capazes de alterar sua composi\u00e7\u00e3o final, logo, n\u00e3o apresentam perigo. J\u00e1 uma parcela menor dessas muta\u00e7\u00f5es \u00e9 capaz de alterar a estrutura de prote\u00ednas que o comp\u00f5em. Transforma\u00e7\u00f5es como essa ajudaram o v\u00edrus a &#8220;saltar&#8221; de animais, como morcegos, para humanos.<\/p>\n<p>Outra muta\u00e7\u00e3o, chamada D614G, altera a prote\u00edna Spike: presente na superf\u00edcie do coronav\u00edrus, ela auxilia a entrada dele nas c\u00e9lulas e facilita seu reconhecimento pelo sistema imunol\u00f3gico. Essa muta\u00e7\u00e3o pode estar relacionada a uma identifica\u00e7\u00e3o menor do v\u00edrus pelo nosso sistema imune, dificultando sua elimina\u00e7\u00e3o, e j\u00e1 \u00e9 dominante no continente europeu e outros pa\u00edses desde abril de 2020.<\/p>\n<p>Na Inglaterra, em dezembro, identificaram a N501Y, que gera uma nova altera\u00e7\u00e3o na prote\u00edna Spike, possivelmente, associada a maior transmissibilidade da doen\u00e7a, mas n\u00e3o a maior agressividade dela. Por\u00e9m, essa rela\u00e7\u00e3o ainda n\u00e3o est\u00e1 confirmada. A muta\u00e7\u00e3o foi encontrada em lugares com baixos n\u00edveis de isolamento social, o que pode ter facilitado a transmiss\u00e3o.<\/p>\n<h3><\/h3>\n<h4>Muta\u00e7\u00f5es n\u00e3o s\u00e3o amea\u00e7a para vacinas<\/h4>\n<p>Apesar dessas muta\u00e7\u00f5es estarem relacionadas a Spike \u2013 alvo das principais vacinas contra a Covid-19 \u2013 a imuniza\u00e7\u00e3o tem na mira diversos segmentos da prote\u00edna, o que garante sua efici\u00eancia caso algum deles seja alterado. Entretanto, muta\u00e7\u00f5es podem se acumular, reduzindo a efic\u00e1cia da vacina e demandando altera\u00e7\u00f5es. Semelhante ao que acontece com a vacina da gripe, que \u00e9 adaptada anualmente.<\/p>\n<p>Uma pesquisa, recentemente, identificou uma <a href=\"mailto:https:\/\/oglobo.globo.com\/sociedade\/coronavirus\/cientistas-descobrem-nova-linhagem-com-mutacao-do-virus-da-covid-19-no-rio-1-24808357\" target=\"_blank\" rel=\"noopener\">nova vers\u00e3o do SARS-CoV-2 no Rio de Janeiro<\/a>, contendo cinco muta\u00e7\u00f5es em seu material gen\u00e9tico. O estudo, que ainda passar\u00e1 por revis\u00e3o, n\u00e3o confirma se a mudan\u00e7a torna o v\u00edrus mais agressivo ou contagioso. Mas, tamb\u00e9m, n\u00e3o h\u00e1 ind\u00edcios de que o torne resistente \u00e0s vacinas produzidas at\u00e9 o momento.<\/p>\n<p>Tendo em vista que a vacina\u00e7\u00e3o, apesar de apresentar dados robustos de seguran\u00e7a e efic\u00e1cia, ainda n\u00e3o est\u00e1 amplamente dispon\u00edvel, o <a href=\"https:\/\/www.youtube.com\/watch?v=rQEwyKVMxuQ&amp;feature=youtu.be&amp;ab_channel=It%E2%80%99sSeg-SegurosInteligentes\" target=\"_blank\" rel=\"noopener\">distanciamento social e cuidados individuais<\/a> (incluindo higieniza\u00e7\u00e3o frequente das m\u00e3os e uso de m\u00e1scaras) seguem como as medidas mais efetivas para reduzir o n\u00famero de casos da Covid-19.<\/p>\n<blockquote><p><strong>Tamb\u00e9m pode interessar:<\/strong><\/p>\n<p><a href=\"https:\/\/segurosinteligentes.com.br\/oldrh\/_old\/riscos-de-complicacoes-covid-19\/\" target=\"_blank\" rel=\"noopener\">Comorbidades que agravam risco de complica\u00e7\u00f5es da Covid-19<\/a><\/p>\n<p><a href=\"https:\/\/segurosinteligentes.com.br\/oldrh\/_old\/reinfeccao-por-covid-19\/\" target=\"_blank\" rel=\"noopener\">Reinfec\u00e7\u00e3o por Covid-19 \u00e9 poss\u00edvel? Tudo o que voc\u00ea precisa saber<\/a><\/p><\/blockquote>\n<p><strong>FONTES:\u00a0<\/strong><a href=\"https:\/\/www.nature.com\/articles\/d41586-020-02544-6\" target=\"_blank\" rel=\"noopener\">Revista Nature<\/a>,\u00a0<a href=\"https:\/\/www.bmj.com\/content\/371\/bmj.m4857\" target=\"_blank\" rel=\"noopener\">Revista The BM<\/a>, <a href=\"https:\/\/www.cdc.gov\/library\/covid19\/121520_covidupdate.html#anchor_MutationsTransmissibility\" target=\"_blank\" rel=\"noopener\">CDC<\/a>, <a href=\"https:\/\/portal.fiocruz.br\/noticia\/fiocruz-identifica-duas-linhagens-de-sars-cov-2-em-corumba-ms\" target=\"_blank\" rel=\"noopener\">Fiocruz<\/a><\/p>\n<p>&nbsp;<\/p>\n<div class='et-box et-shadow'>\n\t\t\t\t\t<div class='et-box-content'>Siga a It\u2019sSeg no\u00a0<a href=\"https:\/\/www.linkedin.com\/company\/it'sseg\/\" target=\"_blank\" rel=\"noopener\">LinkedIn<\/a>\u00a0e fique por dentro das novidades do Portal RH!<\/div><\/div>\n<p>[\/et_pb_text][\/et_pb_column][et_pb_column type=&#8221;1_3&#8243;][et_pb_sidebar admin_label=&#8221;Barra Lateral&#8221; global_module=&#8221;399&#8243; orientation=&#8221;left&#8221; area=&#8221;sidebar-1&#8243; background_layout=&#8221;light&#8221; remove_border=&#8221;on&#8221; body_line_height=&#8221;1.5em&#8221; custom_css_widget=&#8221;margin-bottom: 30px !important;&#8221; saved_tabs=&#8221;all&#8221;] [\/et_pb_sidebar][\/et_pb_column][\/et_pb_row][\/et_pb_section][et_pb_section admin_label=&#8221;Se\u00e7\u00e3o&#8221; global_module=&#8221;93&#8243; fullwidth=&#8221;off&#8221; specialty=&#8221;off&#8221; transparent_background=&#8221;off&#8221; background_color=&#8221;#f9f9f9&#8243; allow_player_pause=&#8221;off&#8221; inner_shadow=&#8221;off&#8221; parallax=&#8221;off&#8221; parallax_method=&#8221;off&#8221; padding_mobile=&#8221;on&#8221; make_fullwidth=&#8221;off&#8221; use_custom_width=&#8221;off&#8221; width_unit=&#8221;on&#8221; make_equal=&#8221;off&#8221; use_custom_gutter=&#8221;off&#8221; custom_padding=&#8221;20px||20px|&#8221;][et_pb_row global_parent=&#8221;93&#8243; admin_label=&#8221;Linha&#8221; make_fullwidth=&#8221;on&#8221; use_custom_width=&#8221;off&#8221; width_unit=&#8221;on&#8221; use_custom_gutter=&#8221;on&#8221; gutter_width=&#8221;2&#8243; padding_mobile=&#8221;off&#8221; allow_player_pause=&#8221;off&#8221; parallax=&#8221;off&#8221; parallax_method=&#8221;off&#8221; make_equal=&#8221;off&#8221; parallax_1=&#8221;off&#8221; parallax_method_1=&#8221;off&#8221; parallax_2=&#8221;off&#8221; parallax_method_2=&#8221;off&#8221; parallax_3=&#8221;off&#8221; parallax_method_3=&#8221;off&#8221; column_padding_mobile=&#8221;on&#8221; module_class=&#8221;footer&#8221; module_id_1=&#8221;coluna_1&#8243; module_id_2=&#8221;coluna_2&#8243; module_id_3=&#8221;coluna_3&#8243; module_id=&#8221;footer_1&#8243;][et_pb_column type=&#8221;1_4&#8243;][et_pb_text global_parent=&#8221;93&#8243; admin_label=&#8221;logo it&#8217;sseg&#8221; background_layout=&#8221;light&#8221; text_orientation=&#8221;left&#8221; use_border_color=&#8221;off&#8221; border_color=&#8221;#ffffff&#8221; border_style=&#8221;solid&#8221;] <img decoding=\"async\" class=\"alignleft size-full wp-image-82\" src=\"https:\/\/segurosinteligentes.com.br\/oldrh\/_old\/wp-content\/uploads\/logo-seguros-inteligentes.png\" width=\"270\" \/> [\/et_pb_text][\/et_pb_column][et_pb_column type=&#8221;1_2&#8243;][et_pb_text global_parent=&#8221;93&#8243; admin_label=&#8221;copyright&#8221; background_layout=&#8221;light&#8221; text_orientation=&#8221;right&#8221; text_line_height=&#8221;1.5em&#8221; use_border_color=&#8221;off&#8221; border_color=&#8221;#ffffff&#8221; border_style=&#8221;solid&#8221; custom_padding=&#8221;|||20%&#8221; text_font=&#8221;Abel||||&#8221;] PORTAL RH IT\u2019SSEG \u00e9 uma publica\u00e7\u00e3o da It\u2019sSeg Seguros Inteligentes. N\u00e3o \u00e9 permitida a reprodu\u00e7\u00e3o do conte\u00fado, mesmo que parcial, para uso comercial de qualquer natureza. Confira <a href=\"https:\/\/itssegcompany.com.br\/lgpd\/\" target=\"_blank\" rel=\"noopener\">aqui<\/a> nossa pol\u00edtica de privacidade. [\/et_pb_text][\/et_pb_column][et_pb_column type=&#8221;1_4&#8243;][et_pb_text global_parent=&#8221;93&#8243; admin_label=&#8221;logo portal&#8221; background_layout=&#8221;light&#8221; text_orientation=&#8221;right&#8221; use_border_color=&#8221;off&#8221; border_color=&#8221;#ffffff&#8221; border_style=&#8221;solid&#8221;] <img decoding=\"async\" class=\"alignright size-full wp-image-83\" src=\"https:\/\/segurosinteligentes.com.br\/oldrh\/_old\/wp-content\/uploads\/portalrh-footer.png\" alt=\"logo_portal_footer\" width=\"270\" \/> [\/et_pb_text][\/et_pb_column][\/et_pb_row][et_pb_row global_parent=&#8221;93&#8243; admin_label=&#8221;Linha&#8221; make_fullwidth=&#8221;on&#8221; use_custom_width=&#8221;off&#8221; width_unit=&#8221;on&#8221; use_custom_gutter=&#8221;on&#8221; gutter_width=&#8221;2&#8243; padding_mobile=&#8221;on&#8221; allow_player_pause=&#8221;off&#8221; parallax=&#8221;off&#8221; parallax_method=&#8221;off&#8221; make_equal=&#8221;off&#8221; parallax_1=&#8221;off&#8221; parallax_method_1=&#8221;off&#8221; parallax_2=&#8221;off&#8221; parallax_method_2=&#8221;off&#8221; parallax_3=&#8221;off&#8221; parallax_method_3=&#8221;off&#8221; column_padding_mobile=&#8221;on&#8221; module_id_2=&#8221;coluna_2&#8243; module_id_3=&#8221;coluna_3&#8243; module_id=&#8221;footer_2&#8243; custom_padding=&#8221;||0px|&#8221;][et_pb_column type=&#8221;4_4&#8243;][et_pb_text global_parent=&#8221;93&#8243; admin_label=&#8221;copyright&#8221; background_layout=&#8221;light&#8221; text_orientation=&#8221;center&#8221; text_line_height=&#8221;1.5em&#8221; use_border_color=&#8221;off&#8221; border_color=&#8221;#ffffff&#8221; border_style=&#8221;solid&#8221; text_font=&#8221;Abel||||&#8221;] PORTAL RH IT\u2019SSEG \u00e9 uma publica\u00e7\u00e3o da It\u2019sSeg Seguros Inteligentes. N\u00e3o \u00e9 permitida a reprodu\u00e7\u00e3o do conte\u00fado, mesmo que parcial, para uso comercial de qualquer natureza. Confira <a href=\"https:\/\/itssegcompany.com.br\/lgpd\/\" target=\"_blank\" rel=\"noopener\">aqui<\/a> nossa pol\u00edtica de privacidade. [\/et_pb_text][\/et_pb_column][\/et_pb_row][et_pb_row global_parent=&#8221;93&#8243; admin_label=&#8221;Linha&#8221; make_fullwidth=&#8221;on&#8221; use_custom_width=&#8221;off&#8221; width_unit=&#8221;on&#8221; use_custom_gutter=&#8221;on&#8221; gutter_width=&#8221;2&#8243; padding_mobile=&#8221;off&#8221; allow_player_pause=&#8221;off&#8221; parallax=&#8221;off&#8221; parallax_method=&#8221;off&#8221; make_equal=&#8221;off&#8221; parallax_1=&#8221;off&#8221; parallax_method_1=&#8221;off&#8221; parallax_2=&#8221;off&#8221; parallax_method_2=&#8221;off&#8221; parallax_3=&#8221;off&#8221; parallax_method_3=&#8221;off&#8221; column_padding_mobile=&#8221;on&#8221; module_id_3=&#8221;coluna_3&#8243; module_id=&#8221;footer_2_2&#8243; custom_padding=&#8221;0px|||&#8221;][et_pb_column type=&#8221;1_2&#8243;][et_pb_text global_parent=&#8221;93&#8243; admin_label=&#8221;logo it&#8217;sseg&#8221; background_layout=&#8221;light&#8221; text_orientation=&#8221;left&#8221; use_border_color=&#8221;off&#8221; border_color=&#8221;#ffffff&#8221; border_style=&#8221;solid&#8221; module_id=&#8221;logo_itsseg_footer_1&#8243;] <img decoding=\"async\" class=\"alignleft size-full wp-image-82\" src=\"https:\/\/segurosinteligentes.com.br\/oldrh\/_old\/wp-content\/uploads\/logo-seguros-inteligentes.png\" width=\"270\" \/> [\/et_pb_text][et_pb_text global_parent=&#8221;93&#8243; admin_label=&#8221;logo it&#8217;sseg&#8221; background_layout=&#8221;light&#8221; text_orientation=&#8221;center&#8221; use_border_color=&#8221;off&#8221; border_color=&#8221;#ffffff&#8221; border_style=&#8221;solid&#8221; module_id=&#8221;logo_itsseg_footer_2&#8243;] <img decoding=\"async\" src=\"https:\/\/segurosinteligentes.com.br\/oldrh\/_old\/wp-content\/uploads\/logo-seguros-inteligentes-mobile.png\" alt=\"logo_footer_2\" width=\"70\" \/> [\/et_pb_text][\/et_pb_column][et_pb_column type=&#8221;1_2&#8243;][et_pb_text global_parent=&#8221;93&#8243; admin_label=&#8221;logo portal&#8221; background_layout=&#8221;light&#8221; text_orientation=&#8221;right&#8221; use_border_color=&#8221;off&#8221; border_color=&#8221;#ffffff&#8221; border_style=&#8221;solid&#8221; module_id=&#8221;logo_portal_itsseg_footer_2&#8243;] <img decoding=\"async\" class=\"alignright size-full wp-image-83\" src=\"https:\/\/segurosinteligentes.com.br\/oldrh\/_old\/wp-content\/uploads\/portalrh-footer.png\" alt=\"logo_portal_footer\" width=\"270\" \/> [\/et_pb_text][\/et_pb_column][\/et_pb_row][\/et_pb_section]<\/p>\n","protected":false},"excerpt":{"rendered":"<p>Muta\u00e7\u00f5es do coronav\u00edrus foram encontradas na Europa e, recentemente, no Brasil. O que isso significa e como impacta as vacinas?<\/p>\n","protected":false},"author":5,"featured_media":7497,"comment_status":"closed","ping_status":"closed","sticky":false,"template":"","format":"standard","meta":{"_et_pb_use_builder":"on","_et_pb_old_content":"","_et_gb_content_width":"","_links_to":"","_links_to_target":""},"categories":[287],"tags":[295],"_links":{"self":[{"href":"https:\/\/segurosinteligentes.com.br\/oldrh\/wp-json\/wp\/v2\/posts\/7496"}],"collection":[{"href":"https:\/\/segurosinteligentes.com.br\/oldrh\/wp-json\/wp\/v2\/posts"}],"about":[{"href":"https:\/\/segurosinteligentes.com.br\/oldrh\/wp-json\/wp\/v2\/types\/post"}],"author":[{"embeddable":true,"href":"https:\/\/segurosinteligentes.com.br\/oldrh\/wp-json\/wp\/v2\/users\/5"}],"replies":[{"embeddable":true,"href":"https:\/\/segurosinteligentes.com.br\/oldrh\/wp-json\/wp\/v2\/comments?post=7496"}],"version-history":[{"count":6,"href":"https:\/\/segurosinteligentes.com.br\/oldrh\/wp-json\/wp\/v2\/posts\/7496\/revisions"}],"predecessor-version":[{"id":7503,"href":"https:\/\/segurosinteligentes.com.br\/oldrh\/wp-json\/wp\/v2\/posts\/7496\/revisions\/7503"}],"wp:featuredmedia":[{"embeddable":true,"href":"https:\/\/segurosinteligentes.com.br\/oldrh\/wp-json\/wp\/v2\/media\/7497"}],"wp:attachment":[{"href":"https:\/\/segurosinteligentes.com.br\/oldrh\/wp-json\/wp\/v2\/media?parent=7496"}],"wp:term":[{"taxonomy":"category","embeddable":true,"href":"https:\/\/segurosinteligentes.com.br\/oldrh\/wp-json\/wp\/v2\/categories?post=7496"},{"taxonomy":"post_tag","embeddable":true,"href":"https:\/\/segurosinteligentes.com.br\/oldrh\/wp-json\/wp\/v2\/tags?post=7496"}],"curies":[{"name":"wp","href":"https:\/\/api.w.org\/{rel}","templated":true}]}}