{"id":742,"date":"2016-09-05T14:00:00","date_gmt":"2016-09-05T17:00:00","guid":{"rendered":"https:\/\/segurosinteligentes.com.br\/oldrh\/_old\/?p=742"},"modified":"2016-09-05T14:14:34","modified_gmt":"2016-09-05T17:14:34","slug":"entenda-melhor-de-onde-vem-o-reajuste","status":"publish","type":"post","link":"https:\/\/segurosinteligentes.com.br\/oldrh\/entenda-melhor-de-onde-vem-o-reajuste\/","title":{"rendered":"Entenda melhor de onde vem o reajuste do seu plano"},"content":{"rendered":"<p>[et_pb_section admin_label=&#8221;section&#8221; transparent_background=&#8221;on&#8221; background_color=&#8221;#ffffff&#8221; allow_player_pause=&#8221;off&#8221; inner_shadow=&#8221;off&#8221; parallax=&#8221;off&#8221; parallax_method=&#8221;off&#8221; padding_mobile=&#8221;on&#8221; make_fullwidth=&#8221;off&#8221; use_custom_width=&#8221;off&#8221; width_unit=&#8221;on&#8221; make_equal=&#8221;off&#8221; use_custom_gutter=&#8221;off&#8221; custom_padding=&#8221;0px||50px|&#8221;][et_pb_row admin_label=&#8221;row&#8221; make_fullwidth=&#8221;off&#8221; use_custom_width=&#8221;on&#8221; width_unit=&#8221;off&#8221; use_custom_gutter=&#8221;off&#8221; padding_mobile=&#8221;on&#8221; allow_player_pause=&#8221;off&#8221; parallax=&#8221;off&#8221; parallax_method=&#8221;off&#8221; make_equal=&#8221;off&#8221; parallax_1=&#8221;off&#8221; parallax_method_1=&#8221;off&#8221; parallax_2=&#8221;off&#8221; parallax_method_2=&#8221;off&#8221; column_padding_mobile=&#8221;on&#8221; custom_padding=&#8221;50px|35px|50px|35px&#8221; background_color=&#8221;#ffffff&#8221;][et_pb_column type=&#8221;2_3&#8243;][et_pb_text admin_label=&#8221;tag e data&#8221; background_layout=&#8221;light&#8221; text_orientation=&#8221;left&#8221; text_font=&#8221;|on|||&#8221; text_font_size=&#8221;16&#8243; text_text_color=&#8221;#9ec31e&#8221; text_line_height=&#8221;1.5em&#8221; use_border_color=&#8221;off&#8221; border_color=&#8221;#ffffff&#8221; border_style=&#8221;solid&#8221; custom_margin=&#8221;||0px|&#8221;]<\/p>\n<p>PLANOS DE SA\u00daDE | 05.SETEMBRO.2016<\/p>\n<p>[\/et_pb_text][et_pb_text admin_label=&#8221;t\u00edtulo&#8221; background_layout=&#8221;light&#8221; text_orientation=&#8221;left&#8221; text_font=&#8221;|on|||&#8221; text_font_size=&#8221;32&#8243; text_text_color=&#8221;#495358&#8243; text_line_height=&#8221;1em&#8221; use_border_color=&#8221;off&#8221; border_color=&#8221;#ffffff&#8221; border_style=&#8221;solid&#8221;]<\/p>\n<p>Entenda melhor de onde vem o reajuste do seu plano<\/p>\n<p>[\/et_pb_text][et_pb_text admin_label=&#8221;conte\u00fado&#8221; background_layout=&#8221;light&#8221; text_orientation=&#8221;left&#8221; text_font=&#8221;Open Sans||||&#8221; text_font_size=&#8221;16&#8243; text_text_color=&#8221;#748690&#8243; text_line_height=&#8221;1.5em&#8221; use_border_color=&#8221;off&#8221; border_color=&#8221;#ffffff&#8221; border_style=&#8221;solid&#8221;]<\/p>\n<p>Todos os anos ele chega. Temido por muitos, o reajuste no valor do plano de sa\u00fade \u00e9 previsto por lei, devendo constar tamb\u00e9m no contrato de servi\u00e7o. Ele pode ser de dois tipos, conhe\u00e7a cada um deles e entenda melhor o que e porque voc\u00ea est\u00e1 pagando.<\/p>\n<p style=\"padding-bottom: 0;\">&nbsp;<\/p>\n<p style=\"color: #495358; font-size: 22px; font-weight: bold;\">1. Reajuste Anual<\/p>\n<p>Esse tipo de reajuste tem como fun\u00e7\u00e3o repor a varia\u00e7\u00e3o dos custos m\u00e9dicos e hospitalares sobre os contratos<br \/>\ncom as operadoras de sa\u00fade, e ainda equilibrar a rela\u00e7\u00e3o receita x despesa dos contratos coletivos por meio do \u00edndice conhecido como sinistralidade.<\/p>\n<p>Tanto o aumento anual, que visa repor a varia\u00e7\u00e3o dos custos m\u00e9dicos e hospitalares, quanto por sinistralidade, s\u00e3o reajustes permitidos pela lei e somente podem ser aplicados anualmente.<\/p>\n<p style=\"padding-bottom: 0;\">&nbsp;<\/p>\n<p style=\"color: #495358; font-size: 22px; font-weight: bold;\">2. Reajuste por mudan\u00e7a de faixa et\u00e1ria<\/p>\n<p>Esse tipo de reajuste pode acontecer a qualquer momento do contrato, independente do reajuste anual,<br \/>\ne sempre que ocorrer a altera\u00e7\u00e3o da faixa et\u00e1ria do benefici\u00e1rio, de acordo com as seguintes condi\u00e7\u00f5es:<\/p>\n<p>\/ Para os planos antigos (anteriores a Lei 9656\/98 e n\u00e3o readequados), o reajuste por faixa et\u00e1ria<br \/>\n\u00e9 proibido se sua exist\u00eancia e os percentuais a serem aplicados n\u00e3o estiverem claramente dispostos<br \/>\nno contrato;<\/p>\n<p>\/ Para os planos contratados entre 1998 e 2003, ou seja, ap\u00f3s a Lei dos Planos de Sa\u00fade e antes<br \/>\ndo Estatuto do Idoso, a Ag\u00eancia Nacional de Sa\u00fade Suplementar (ANS) prev\u00ea sete faixas et\u00e1rias com varia\u00e7\u00e3o<br \/>\nm\u00e1xima de 6 vezes entre o valor cobrado para a primeira faixa et\u00e1ria e a \u00faltima faixa et\u00e1ria (70 anos).<br \/>\nPor\u00e9m, benefici\u00e1rios com mais de 60 (sessenta) anos de idade, que participem de forma ininterrupta<br \/>\nde um plano de sa\u00fade ou seguro h\u00e1 mais de 10 (dez) anos, n\u00e3o poder\u00e3o sofrer mais o aumento por mudan\u00e7a<br \/>\nde faixa et\u00e1ria;<\/p>\n<p>\/ Com a promulga\u00e7\u00e3o do Estatuto do Idoso desde 2004 o aumento para pessoas acima dos 60 anos \u00e9 proibido.<br \/>\nOs contratos assinados desde ent\u00e3o t\u00eam 10 faixas et\u00e1rias com varia\u00e7\u00e3o m\u00e1xima de 6 vezes entre o valor<br \/>\ncobrado para a primeira faixa et\u00e1ria e a \u00faltima faixa et\u00e1ria (59 anos).<\/p>\n<p>Devido \u00e0 diferencia\u00e7\u00e3o entre contratos individuais, familiares e os contratos coletivos por ades\u00e3o, devem ser observadas ainda algumas particularidades de cada uma destes tipos de contrata\u00e7\u00f5es:<\/p>\n<p><strong>Individual\/Familiar (novos):<\/strong> reajuste anual na data de anivers\u00e1rio do plano, previamente disposto no contrato e aprovado pela Ag\u00eancia Nacional de Sa\u00fade Suplementar (ANS).<\/p>\n<p><strong>Individual\/Familiar (antigos):<\/strong> muitos contratos antigos (anteriores \u00e0 Lei 9656\/98 e n\u00e3o readequados) n\u00e3o trazem o reajuste anual descrito de forma clara ou objetiva em seu conte\u00fado. Apenar disso, os planos antigos tamb\u00e9m est\u00e3o sujeitos ao controle dos \u00edndices anuais de acordo com a ANS.<\/p>\n<p><strong>Coletivos:<\/strong> os reajustes anuais desses planos n\u00e3o s\u00e3o regulados pela ANS, ou seja, a ag\u00eancia reguladora n\u00e3o limita tais percentuais A negocia\u00e7\u00e3o destes \u00edndices deve ocorrer entre a empresa contratante do plano e as operadoras. Nos planos coletivos, o reajuste devido a varia\u00e7\u00e3o dos custos m\u00e9dicos e hospitalares e sinistralidade deve ocorrer impreterivelmente no anivers\u00e1rio do contrato (data da formaliza\u00e7\u00e3o entre pessoa jur\u00eddica contratante e operadora), independente da data de ades\u00e3o do benefici\u00e1rio.<\/p>\n<p>[\/et_pb_text][\/et_pb_column][et_pb_column type=&#8221;1_3&#8243;][et_pb_sidebar admin_label=&#8221;Barra Lateral&#8221; global_module=&#8221;399&#8243; orientation=&#8221;left&#8221; area=&#8221;sidebar-1&#8243; background_layout=&#8221;light&#8221; remove_border=&#8221;on&#8221; body_line_height=&#8221;1.5em&#8221; custom_css_widget=&#8221;margin-bottom: 30px !important;&#8221; saved_tabs=&#8221;all&#8221;]<\/p>\n<p>[\/et_pb_sidebar][\/et_pb_column][\/et_pb_row][\/et_pb_section][et_pb_section admin_label=&#8221;Se\u00e7\u00e3o&#8221; global_module=&#8221;93&#8243; fullwidth=&#8221;off&#8221; specialty=&#8221;off&#8221; transparent_background=&#8221;off&#8221; background_color=&#8221;#f9f9f9&#8243; allow_player_pause=&#8221;off&#8221; inner_shadow=&#8221;off&#8221; parallax=&#8221;off&#8221; parallax_method=&#8221;off&#8221; padding_mobile=&#8221;on&#8221; make_fullwidth=&#8221;off&#8221; use_custom_width=&#8221;off&#8221; width_unit=&#8221;on&#8221; make_equal=&#8221;off&#8221; use_custom_gutter=&#8221;off&#8221; custom_padding=&#8221;20px||20px|&#8221;][et_pb_row global_parent=&#8221;93&#8243; admin_label=&#8221;Linha&#8221; make_fullwidth=&#8221;on&#8221; use_custom_width=&#8221;off&#8221; width_unit=&#8221;on&#8221; use_custom_gutter=&#8221;on&#8221; gutter_width=&#8221;2&#8243; padding_mobile=&#8221;off&#8221; allow_player_pause=&#8221;off&#8221; parallax=&#8221;off&#8221; parallax_method=&#8221;off&#8221; make_equal=&#8221;off&#8221; parallax_1=&#8221;off&#8221; parallax_method_1=&#8221;off&#8221; parallax_2=&#8221;off&#8221; parallax_method_2=&#8221;off&#8221; parallax_3=&#8221;off&#8221; parallax_method_3=&#8221;off&#8221; column_padding_mobile=&#8221;on&#8221; module_class=&#8221;footer&#8221; module_id_1=&#8221;coluna_1&#8243; module_id_2=&#8221;coluna_2&#8243; module_id_3=&#8221;coluna_3&#8243;][et_pb_column type=&#8221;1_4&#8243;][et_pb_text global_parent=&#8221;93&#8243; admin_label=&#8221;logo it&#8217;sseg&#8221; background_layout=&#8221;light&#8221; text_orientation=&#8221;left&#8221; use_border_color=&#8221;off&#8221; border_color=&#8221;#ffffff&#8221; border_style=&#8221;solid&#8221;]<\/p>\n<p><img decoding=\"async\" loading=\"lazy\" src=\"https:\/\/segurosinteligentes.com.br\/oldrh\/_old\/wp-content\/uploads\/logo_itsseg_footer.png\" alt=\"logo_itsseg_footer\" width=\"270\" height=\"82\" class=\"alignleft size-full wp-image-82\" \/><\/p>\n<p>[\/et_pb_text][\/et_pb_column][et_pb_column type=&#8221;1_2&#8243;][et_pb_text global_parent=&#8221;93&#8243; admin_label=&#8221;copyright&#8221; background_layout=&#8221;light&#8221; text_orientation=&#8221;right&#8221; text_line_height=&#8221;1.5em&#8221; use_border_color=&#8221;off&#8221; border_color=&#8221;#ffffff&#8221; border_style=&#8221;solid&#8221; custom_padding=&#8221;|||20%&#8221; text_font=&#8221;Abel||||&#8221;]<\/p>\n<p>PORTAL RH IT\u2019SSEG \u00e9 uma publica\u00e7\u00e3o da It\u2019sSeg Seguros Inteligentes. N\u00e3o \u00e9 permitida a reprodu\u00e7\u00e3o do conte\u00fado, mesmo que parcial, para uso comercial de qualquer natureza.<\/p>\n<p>[\/et_pb_text][\/et_pb_column][et_pb_column type=&#8221;1_4&#8243;][et_pb_text global_parent=&#8221;93&#8243; admin_label=&#8221;logo portal&#8221; background_layout=&#8221;light&#8221; text_orientation=&#8221;right&#8221; use_border_color=&#8221;off&#8221; border_color=&#8221;#ffffff&#8221; border_style=&#8221;solid&#8221;]<\/p>\n<p><img decoding=\"async\" loading=\"lazy\" src=\"https:\/\/segurosinteligentes.com.br\/oldrh\/_old\/wp-content\/uploads\/logo_portal_footer.png\" alt=\"logo_portal_footer\" width=\"270\" height=\"82\" class=\"alignright size-full wp-image-83\" \/><\/p>\n<p>[\/et_pb_text][\/et_pb_column][\/et_pb_row][\/et_pb_section]<\/p>\n","protected":false},"excerpt":{"rendered":"<p>Os reajustes s\u00e3o previstos por lei e devem estar descritos no contrato. Entenda como funcionam, quando e como eles podem ocorrer.<\/p>\n","protected":false},"author":1,"featured_media":749,"comment_status":"closed","ping_status":"closed","sticky":false,"template":"","format":"standard","meta":{"_et_pb_use_builder":"on","_et_pb_old_content":"","_et_gb_content_width":"","_links_to":"","_links_to_target":""},"categories":[3],"tags":[60],"_links":{"self":[{"href":"https:\/\/segurosinteligentes.com.br\/oldrh\/wp-json\/wp\/v2\/posts\/742"}],"collection":[{"href":"https:\/\/segurosinteligentes.com.br\/oldrh\/wp-json\/wp\/v2\/posts"}],"about":[{"href":"https:\/\/segurosinteligentes.com.br\/oldrh\/wp-json\/wp\/v2\/types\/post"}],"author":[{"embeddable":true,"href":"https:\/\/segurosinteligentes.com.br\/oldrh\/wp-json\/wp\/v2\/users\/1"}],"replies":[{"embeddable":true,"href":"https:\/\/segurosinteligentes.com.br\/oldrh\/wp-json\/wp\/v2\/comments?post=742"}],"version-history":[{"count":10,"href":"https:\/\/segurosinteligentes.com.br\/oldrh\/wp-json\/wp\/v2\/posts\/742\/revisions"}],"predecessor-version":[{"id":754,"href":"https:\/\/segurosinteligentes.com.br\/oldrh\/wp-json\/wp\/v2\/posts\/742\/revisions\/754"}],"wp:featuredmedia":[{"embeddable":true,"href":"https:\/\/segurosinteligentes.com.br\/oldrh\/wp-json\/wp\/v2\/media\/749"}],"wp:attachment":[{"href":"https:\/\/segurosinteligentes.com.br\/oldrh\/wp-json\/wp\/v2\/media?parent=742"}],"wp:term":[{"taxonomy":"category","embeddable":true,"href":"https:\/\/segurosinteligentes.com.br\/oldrh\/wp-json\/wp\/v2\/categories?post=742"},{"taxonomy":"post_tag","embeddable":true,"href":"https:\/\/segurosinteligentes.com.br\/oldrh\/wp-json\/wp\/v2\/tags?post=742"}],"curies":[{"name":"wp","href":"https:\/\/api.w.org\/{rel}","templated":true}]}}