{"id":7339,"date":"2020-11-09T11:34:01","date_gmt":"2020-11-09T13:34:01","guid":{"rendered":"https:\/\/segurosinteligentes.com.br\/oldrh\/_old\/?p=7339"},"modified":"2020-11-12T14:43:35","modified_gmt":"2020-11-12T16:43:35","slug":"consumo-de-alcool-e-saude","status":"publish","type":"post","link":"https:\/\/segurosinteligentes.com.br\/oldrh\/consumo-de-alcool-e-saude\/","title":{"rendered":"O alto consumo de \u00e1lcool no Brasil e suas consequ\u00eancias \u00e0 sa\u00fade"},"content":{"rendered":"<p>[et_pb_section admin_label=&#8221;section&#8221; transparent_background=&#8221;on&#8221; background_color=&#8221;#ffffff&#8221; allow_player_pause=&#8221;off&#8221; inner_shadow=&#8221;off&#8221; parallax=&#8221;off&#8221; parallax_method=&#8221;off&#8221; padding_mobile=&#8221;on&#8221; make_fullwidth=&#8221;off&#8221; use_custom_width=&#8221;off&#8221; width_unit=&#8221;on&#8221; make_equal=&#8221;off&#8221; use_custom_gutter=&#8221;off&#8221; custom_padding=&#8221;0px||50px|&#8221;][et_pb_row admin_label=&#8221;row&#8221; make_fullwidth=&#8221;off&#8221; use_custom_width=&#8221;on&#8221; width_unit=&#8221;off&#8221; use_custom_gutter=&#8221;off&#8221; padding_mobile=&#8221;on&#8221; allow_player_pause=&#8221;off&#8221; parallax=&#8221;off&#8221; parallax_method=&#8221;off&#8221; make_equal=&#8221;off&#8221; parallax_1=&#8221;off&#8221; parallax_method_1=&#8221;off&#8221; parallax_2=&#8221;off&#8221; parallax_method_2=&#8221;off&#8221; column_padding_mobile=&#8221;on&#8221; custom_padding=&#8221;50px|35px|50px|35px&#8221; background_color=&#8221;#ffffff&#8221;][et_pb_column type=&#8221;2_3&#8243;][et_pb_text admin_label=&#8221;tag e data&#8221; background_layout=&#8221;light&#8221; text_orientation=&#8221;left&#8221; text_font=&#8221;|on|||&#8221; text_font_size=&#8221;16&#8243; text_text_color=&#8221;#9ec31e&#8221; text_line_height=&#8221;1.5em&#8221; use_border_color=&#8221;off&#8221; border_color=&#8221;#ffffff&#8221; border_style=&#8221;solid&#8221; custom_margin=&#8221;||0px|&#8221;]<\/p>\n<p>TURBINAR | 09.NOVEMBRO.2020<\/p>\n<h4><\/h4>\n<p>[\/et_pb_text][et_pb_text admin_label=&#8221;t\u00edtulo&#8221; background_layout=&#8221;light&#8221; text_orientation=&#8221;left&#8221; text_font=&#8221;|on|||&#8221; text_font_size=&#8221;32&#8243; text_text_color=&#8221;#495358&#8243; text_line_height=&#8221;1.2em&#8221; use_border_color=&#8221;off&#8221; border_color=&#8221;#ffffff&#8221; border_style=&#8221;solid&#8221;]<\/p>\n<p>O alto consumo de \u00e1lcool no Brasil e suas consequ\u00eancias \u00e0 sa\u00fade<\/p>\n<p>[\/et_pb_text][et_pb_text admin_label=&#8221;conte\u00fado&#8221; background_layout=&#8221;light&#8221; text_orientation=&#8221;left&#8221; text_font=&#8221;Open Sans||||&#8221; text_text_color=&#8221;#748690&#8243; text_line_height=&#8221;1.6em&#8221; use_border_color=&#8221;off&#8221; border_color=&#8221;#ffffff&#8221; border_style=&#8221;solid&#8221;]<\/p>\n<p>A S\u00edndrome de Depend\u00eancia Alco\u00f3lica, ou Alcoolismo, est\u00e1 entre os transtornos mentais mais incapacitantes para o trabalho, e \u00e9 um dos principais motivos de aux\u00edlio do INSS.\u00a0\u201cEmbora os problemas do \u00e1lcool possam n\u00e3o come\u00e7ar nas empresas, eles s\u00e3o levados at\u00e9 elas.\u201d Para o Dr. Arthur Guerra, m\u00e9dico, Ph.D. e presidente executivo do CISA (Centro de Informa\u00e7\u00f5es sobre Sa\u00fade e \u00c1lcool), uma pol\u00edtica clara de preven\u00e7\u00e3o e o apoio da lideran\u00e7a s\u00e3o fundamentais para identificar o problema e encaminh\u00e1-lo ao tratamento.<\/p>\n<h3><\/h3>\n<h5>Quando a bebida se torna um problema<\/h5>\n<p>As bebidas alco\u00f3licas existem desde os prim\u00f3rdios da civiliza\u00e7\u00e3o. Beber \u00e9 um h\u00e1bito comum em muitas sociedades e, por isso, delimitar o que \u00e9 uso moderado e abusivo pode ser dif\u00edcil, uma vez que varia de pessoa e de cultura. No Brasil, <a href=\"https:\/\/cisa.org.br\/index.php\/pesquisa\/dados-oficiais\/artigo\/item\/71-relatorio-global-sobre-alcool-e-saude-2018\">o consumo de \u00e1lcool supera a m\u00e9dia mundial<\/a>: n\u00f3s ingerimos 7,8 litros por ano, o equivalente a tr\u00eas latas de cerveja por dia.<\/p>\n<p>A longo prazo, o \u00e1lcool prejudica todos os \u00f3rg\u00e3os, em especial o f\u00edgado, que \u00e9 respons\u00e1vel por metabolizar os nutrientes e eliminar as toxinas durante a digest\u00e3o. <strong>O uso nocivo ou abusivo da bebida est\u00e1 associado a mais de 200 doen\u00e7as<\/strong>, como cirrose hep\u00e1tica, c\u00e2ncer e problemas cardiovasculares, assim como les\u00f5es decorrentes de viol\u00eancia e acidentes.<\/p>\n<p>Al\u00e9m de danos \u00e0 sa\u00fade f\u00edsica, o \u00e1lcool traz consequ\u00eancias ps\u00edquicas. O <strong>alcoolismo<\/strong> \u00e9 uma doen\u00e7a cr\u00f4nica caracterizada pelo uso exagerado e cont\u00ednuo de \u00e1lcool. H\u00e1 uma vontade intensa de beber e, para obter o mesmo efeito, \u00e9 necess\u00e1rio quantidades cada vez maiores. Os dias passam a girar em torno do uso da bebida, levando a preju\u00edzos no conv\u00edvio familiar e no trabalho. Quando o consumo \u00e9 diminu\u00eddo ou interrompido, h\u00e1 <strong>sintomas de abstin\u00eancia<\/strong>: tremores, sudorese, aumento da pulsa\u00e7\u00e3o, n\u00e1useas, ins\u00f4nia, agita\u00e7\u00e3o, ansiedade, at\u00e9 convuls\u00f5es e del\u00edrios.<\/p>\n<p>Estudos mostram que os dependentes alco\u00f3licos, principalmente aqueles com outros transtornos mentais graves, apresentam maiores taxas de agressividade, conflitos com a lei, problemas sociais, suic\u00eddio, absente\u00edsmo, gastos com tratamento e maior utiliza\u00e7\u00e3o de servi\u00e7os m\u00e9dicos.<\/p>\n<p>Durante um bate-papo sobre o tema para os clientes da It\u2019sSeg, o Dr. Arthur lembrou que, frequentemente, <strong>problemas relacionados ao uso de \u00e1lcool est\u00e3o associados a elevada preval\u00eancia de depress\u00e3o, ansiedade e outras doen\u00e7as.<\/strong> Esses quadros s\u00e3o os que mais utilizam o sistema de sa\u00fade e os maiores respons\u00e1veis pelos custos do setor. Mas poucos s\u00e3o identificados na aten\u00e7\u00e3o prim\u00e1ria ou por m\u00e9dicos do trabalho.<\/p>\n<blockquote><p><strong>Tamb\u00e9m pode interessar:<\/strong><\/p>\n<p><a href=\"https:\/\/segurosinteligentes.com.br\/oldrh\/_old\/dia-nacional-de-combate-ao-alcoolismo\/\" target=\"_blank\" rel=\"noopener\">Dia Nacional de Combate ao Alcoolismo<\/a><\/p>\n<p><a href=\"https:\/\/segurosinteligentes.com.br\/oldrh\/_old\/como-criar-programas-de-saude\/\" target=\"_blank\" rel=\"noopener\">Como criar programas de sa\u00fade que funcionam<\/a><\/p><\/blockquote>\n<p>Diante das dificuldades na abordagem desses casos, deve-se estar ciente que eles podem ter um ritmo mais lento de melhora. Por isso, \u00e9 preciso ter cautela e paci\u00eancia. Estabelecer um v\u00ednculo consistente entre m\u00e9dico e paciente \u00e9 determinante para o sucesso do tratamento.<\/p>\n<p>O m\u00e9dico deve identificar os transtornos relacionados ao uso da bebida e dividir suas preocupa\u00e7\u00f5es com o paciente, sugerindo o que precisa ser feito para mudar. <strong>J\u00e1 na reabilita\u00e7\u00e3o,<\/strong> <strong>o objetivo \u00e9 manter a motiva\u00e7\u00e3o e diminuir o risco de reca\u00edda<\/strong>. Para isso, a psicoterapia \u00e9 parte fundamental.<\/p>\n<p>As sess\u00f5es podem ser feitas em grupo, encorajando os participantes a falarem sobre seus problemas relativos ao alcoolismo, desenvolver la\u00e7os de amizade, aprender a lidar com o estresse e a evitar reca\u00eddas. Alguns m\u00e9dicos podem, ainda, recomendar medicamentos para diminuir a vontade de beber.<\/p>\n<p>Na aus\u00eancia de tratamento adequado, segundo informa\u00e7\u00f5es do CISA, apenas cerca de 20% a 30% dos pacientes apresentam remiss\u00e3o, ap\u00f3s um longo per\u00edodo. Portanto, \u00e9 preciso muito esfor\u00e7o e apoio para que essas pessoas reestabele\u00e7am a sobriedade e fiquem distantes das bebidas alco\u00f3licas.<\/p>\n<h4><\/h4>\n<div class='et-box et-shadow'>\n\t\t\t\t\t<div class='et-box-content'>Siga a It\u2019sSeg no\u00a0<a href=\"https:\/\/www.linkedin.com\/company\/it'sseg\/\" target=\"_blank\" rel=\"noopener\">LinkedIn<\/a>\u00a0e fique por dentro das novidades do Portal RH!<\/div><\/div>\n<h4><\/h4>\n<div><strong>FONTES \/<\/strong><\/div>\n<div><a href=\"https:\/\/cisa.org.br\/index.php\/pesquisa\/artigos-cientificos\/artigo\/item\/94-transtornos-relacionados-ao-uso-de-alcool\" target=\"_blank\" rel=\"noopener\">CISA<\/a>,\u00a0<a href=\"https:\/\/www.scielo.br\/scielo.php?script=sci_arttext&amp;pid=S1516-44462004000500013#:~:text=O%20%C3%A1lcool%20tamb%C3%A9m%20pode%20produzir,a%20intoxica%C3%A7%C3%A3o%20e%20a%20abstin%C3%AAncia.\" target=\"_blank\" rel=\"noopener\">ABP &#8211; Associa\u00e7\u00e3o Brasileira de Psiquiatria<\/a>,\u00a0<a href=\"https:\/\/www.paho.org\/bra\/index.php?option=com_content&amp;view=article&amp;id=5649:folha-informativa-alcool&amp;Itemid=1093\" target=\"_blank\" rel=\"noopener\">OMS<\/a><\/div>\n<p>[\/et_pb_text][\/et_pb_column][et_pb_column type=&#8221;1_3&#8243;][et_pb_sidebar admin_label=&#8221;Barra Lateral&#8221; global_module=&#8221;399&#8243; orientation=&#8221;left&#8221; area=&#8221;sidebar-1&#8243; background_layout=&#8221;light&#8221; remove_border=&#8221;on&#8221; body_line_height=&#8221;1.5em&#8221; custom_css_widget=&#8221;margin-bottom: 30px !important;&#8221; saved_tabs=&#8221;all&#8221;]<br \/>\n[\/et_pb_sidebar][\/et_pb_column][\/et_pb_row][\/et_pb_section][et_pb_section admin_label=&#8221;Se\u00e7\u00e3o&#8221; global_module=&#8221;93&#8243; fullwidth=&#8221;off&#8221; specialty=&#8221;off&#8221; transparent_background=&#8221;off&#8221; background_color=&#8221;#f9f9f9&#8243; allow_player_pause=&#8221;off&#8221; inner_shadow=&#8221;off&#8221; parallax=&#8221;off&#8221; parallax_method=&#8221;off&#8221; padding_mobile=&#8221;on&#8221; make_fullwidth=&#8221;off&#8221; use_custom_width=&#8221;off&#8221; width_unit=&#8221;on&#8221; make_equal=&#8221;off&#8221; use_custom_gutter=&#8221;off&#8221; custom_padding=&#8221;20px||20px|&#8221;][et_pb_row global_parent=&#8221;93&#8243; admin_label=&#8221;Linha&#8221; make_fullwidth=&#8221;on&#8221; use_custom_width=&#8221;off&#8221; width_unit=&#8221;on&#8221; use_custom_gutter=&#8221;on&#8221; gutter_width=&#8221;2&#8243; padding_mobile=&#8221;off&#8221; allow_player_pause=&#8221;off&#8221; parallax=&#8221;off&#8221; parallax_method=&#8221;off&#8221; make_equal=&#8221;off&#8221; parallax_1=&#8221;off&#8221; parallax_method_1=&#8221;off&#8221; parallax_2=&#8221;off&#8221; parallax_method_2=&#8221;off&#8221; parallax_3=&#8221;off&#8221; parallax_method_3=&#8221;off&#8221; column_padding_mobile=&#8221;on&#8221; module_class=&#8221;footer&#8221; module_id_1=&#8221;coluna_1&#8243; module_id_2=&#8221;coluna_2&#8243; module_id_3=&#8221;coluna_3&#8243; module_id=&#8221;footer_1&#8243;][et_pb_column type=&#8221;1_4&#8243;][et_pb_text global_parent=&#8221;93&#8243; admin_label=&#8221;logo it&#8217;sseg&#8221; background_layout=&#8221;light&#8221; text_orientation=&#8221;left&#8221; use_border_color=&#8221;off&#8221; border_color=&#8221;#ffffff&#8221; border_style=&#8221;solid&#8221;] <img decoding=\"async\" class=\"alignleft size-full wp-image-82\" src=\"https:\/\/segurosinteligentes.com.br\/oldrh\/_old\/wp-content\/uploads\/logo-seguros-inteligentes.png\" width=\"270\" \/> [\/et_pb_text][\/et_pb_column][et_pb_column type=&#8221;1_2&#8243;][et_pb_text global_parent=&#8221;93&#8243; admin_label=&#8221;copyright&#8221; background_layout=&#8221;light&#8221; text_orientation=&#8221;right&#8221; text_line_height=&#8221;1.5em&#8221; use_border_color=&#8221;off&#8221; border_color=&#8221;#ffffff&#8221; border_style=&#8221;solid&#8221; custom_padding=&#8221;|||20%&#8221; text_font=&#8221;Abel||||&#8221;] PORTAL RH IT\u2019SSEG \u00e9 uma publica\u00e7\u00e3o da It\u2019sSeg Seguros Inteligentes. N\u00e3o \u00e9 permitida a reprodu\u00e7\u00e3o do conte\u00fado, mesmo que parcial, para uso comercial de qualquer natureza. Confira <a href=\"https:\/\/itssegcompany.com.br\/lgpd\/\" target=\"_blank\" rel=\"noopener\">aqui<\/a> nossa pol\u00edtica de privacidade. [\/et_pb_text][\/et_pb_column][et_pb_column type=&#8221;1_4&#8243;][et_pb_text global_parent=&#8221;93&#8243; admin_label=&#8221;logo portal&#8221; background_layout=&#8221;light&#8221; text_orientation=&#8221;right&#8221; use_border_color=&#8221;off&#8221; border_color=&#8221;#ffffff&#8221; border_style=&#8221;solid&#8221;] <img decoding=\"async\" class=\"alignright size-full wp-image-83\" src=\"https:\/\/segurosinteligentes.com.br\/oldrh\/_old\/wp-content\/uploads\/portalrh-footer.png\" alt=\"logo_portal_footer\" width=\"270\" \/> [\/et_pb_text][\/et_pb_column][\/et_pb_row][et_pb_row global_parent=&#8221;93&#8243; admin_label=&#8221;Linha&#8221; make_fullwidth=&#8221;on&#8221; use_custom_width=&#8221;off&#8221; width_unit=&#8221;on&#8221; use_custom_gutter=&#8221;on&#8221; gutter_width=&#8221;2&#8243; padding_mobile=&#8221;on&#8221; allow_player_pause=&#8221;off&#8221; parallax=&#8221;off&#8221; parallax_method=&#8221;off&#8221; make_equal=&#8221;off&#8221; parallax_1=&#8221;off&#8221; parallax_method_1=&#8221;off&#8221; parallax_2=&#8221;off&#8221; parallax_method_2=&#8221;off&#8221; parallax_3=&#8221;off&#8221; parallax_method_3=&#8221;off&#8221; column_padding_mobile=&#8221;on&#8221; module_id_2=&#8221;coluna_2&#8243; module_id_3=&#8221;coluna_3&#8243; module_id=&#8221;footer_2&#8243; custom_padding=&#8221;||0px|&#8221;][et_pb_column type=&#8221;4_4&#8243;][et_pb_text global_parent=&#8221;93&#8243; admin_label=&#8221;copyright&#8221; background_layout=&#8221;light&#8221; text_orientation=&#8221;center&#8221; text_line_height=&#8221;1.5em&#8221; use_border_color=&#8221;off&#8221; border_color=&#8221;#ffffff&#8221; border_style=&#8221;solid&#8221; text_font=&#8221;Abel||||&#8221;] PORTAL RH IT\u2019SSEG \u00e9 uma publica\u00e7\u00e3o da It\u2019sSeg Seguros Inteligentes. N\u00e3o \u00e9 permitida a reprodu\u00e7\u00e3o do conte\u00fado, mesmo que parcial, para uso comercial de qualquer natureza. Confira <a href=\"https:\/\/itssegcompany.com.br\/lgpd\/\" target=\"_blank\" rel=\"noopener\">aqui<\/a> nossa pol\u00edtica de privacidade. [\/et_pb_text][\/et_pb_column][\/et_pb_row][et_pb_row global_parent=&#8221;93&#8243; admin_label=&#8221;Linha&#8221; make_fullwidth=&#8221;on&#8221; use_custom_width=&#8221;off&#8221; width_unit=&#8221;on&#8221; use_custom_gutter=&#8221;on&#8221; gutter_width=&#8221;2&#8243; padding_mobile=&#8221;off&#8221; allow_player_pause=&#8221;off&#8221; parallax=&#8221;off&#8221; parallax_method=&#8221;off&#8221; make_equal=&#8221;off&#8221; parallax_1=&#8221;off&#8221; parallax_method_1=&#8221;off&#8221; parallax_2=&#8221;off&#8221; parallax_method_2=&#8221;off&#8221; parallax_3=&#8221;off&#8221; parallax_method_3=&#8221;off&#8221; column_padding_mobile=&#8221;on&#8221; module_id_3=&#8221;coluna_3&#8243; module_id=&#8221;footer_2_2&#8243; custom_padding=&#8221;0px|||&#8221;][et_pb_column type=&#8221;1_2&#8243;][et_pb_text global_parent=&#8221;93&#8243; admin_label=&#8221;logo it&#8217;sseg&#8221; background_layout=&#8221;light&#8221; text_orientation=&#8221;left&#8221; use_border_color=&#8221;off&#8221; border_color=&#8221;#ffffff&#8221; border_style=&#8221;solid&#8221; module_id=&#8221;logo_itsseg_footer_1&#8243;] <img decoding=\"async\" class=\"alignleft size-full wp-image-82\" src=\"https:\/\/segurosinteligentes.com.br\/oldrh\/_old\/wp-content\/uploads\/logo-seguros-inteligentes.png\" width=\"270\" \/> [\/et_pb_text][et_pb_text global_parent=&#8221;93&#8243; admin_label=&#8221;logo it&#8217;sseg&#8221; background_layout=&#8221;light&#8221; text_orientation=&#8221;center&#8221; use_border_color=&#8221;off&#8221; border_color=&#8221;#ffffff&#8221; border_style=&#8221;solid&#8221; module_id=&#8221;logo_itsseg_footer_2&#8243;] <img decoding=\"async\" src=\"https:\/\/segurosinteligentes.com.br\/oldrh\/_old\/wp-content\/uploads\/logo-seguros-inteligentes-mobile.png\" alt=\"logo_footer_2\" width=\"70\" \/> [\/et_pb_text][\/et_pb_column][et_pb_column type=&#8221;1_2&#8243;][et_pb_text global_parent=&#8221;93&#8243; admin_label=&#8221;logo portal&#8221; background_layout=&#8221;light&#8221; text_orientation=&#8221;right&#8221; use_border_color=&#8221;off&#8221; border_color=&#8221;#ffffff&#8221; border_style=&#8221;solid&#8221; module_id=&#8221;logo_portal_itsseg_footer_2&#8243;] <img decoding=\"async\" class=\"alignright size-full wp-image-83\" src=\"https:\/\/segurosinteligentes.com.br\/oldrh\/_old\/wp-content\/uploads\/portalrh-footer.png\" alt=\"logo_portal_footer\" width=\"270\" \/> [\/et_pb_text][\/et_pb_column][\/et_pb_row][\/et_pb_section]<\/p>\n","protected":false},"excerpt":{"rendered":"<p>Beber \u00e9 um h\u00e1bito comum em muitas sociedades e, por isso, delimitar o que \u00e9 uso moderado e abusivo do \u00e1lcool pode ser dif\u00edcil, uma vez que varia de pessoa e de cultura.<\/p>\n","protected":false},"author":5,"featured_media":7344,"comment_status":"closed","ping_status":"closed","sticky":false,"template":"","format":"standard","meta":{"_et_pb_use_builder":"on","_et_pb_old_content":"","_et_gb_content_width":"","_links_to":"","_links_to_target":""},"categories":[14,307],"tags":[305],"_links":{"self":[{"href":"https:\/\/segurosinteligentes.com.br\/oldrh\/wp-json\/wp\/v2\/posts\/7339"}],"collection":[{"href":"https:\/\/segurosinteligentes.com.br\/oldrh\/wp-json\/wp\/v2\/posts"}],"about":[{"href":"https:\/\/segurosinteligentes.com.br\/oldrh\/wp-json\/wp\/v2\/types\/post"}],"author":[{"embeddable":true,"href":"https:\/\/segurosinteligentes.com.br\/oldrh\/wp-json\/wp\/v2\/users\/5"}],"replies":[{"embeddable":true,"href":"https:\/\/segurosinteligentes.com.br\/oldrh\/wp-json\/wp\/v2\/comments?post=7339"}],"version-history":[{"count":12,"href":"https:\/\/segurosinteligentes.com.br\/oldrh\/wp-json\/wp\/v2\/posts\/7339\/revisions"}],"predecessor-version":[{"id":7357,"href":"https:\/\/segurosinteligentes.com.br\/oldrh\/wp-json\/wp\/v2\/posts\/7339\/revisions\/7357"}],"wp:featuredmedia":[{"embeddable":true,"href":"https:\/\/segurosinteligentes.com.br\/oldrh\/wp-json\/wp\/v2\/media\/7344"}],"wp:attachment":[{"href":"https:\/\/segurosinteligentes.com.br\/oldrh\/wp-json\/wp\/v2\/media?parent=7339"}],"wp:term":[{"taxonomy":"category","embeddable":true,"href":"https:\/\/segurosinteligentes.com.br\/oldrh\/wp-json\/wp\/v2\/categories?post=7339"},{"taxonomy":"post_tag","embeddable":true,"href":"https:\/\/segurosinteligentes.com.br\/oldrh\/wp-json\/wp\/v2\/tags?post=7339"}],"curies":[{"name":"wp","href":"https:\/\/api.w.org\/{rel}","templated":true}]}}