{"id":7204,"date":"2020-10-05T18:44:32","date_gmt":"2020-10-05T21:44:32","guid":{"rendered":"https:\/\/segurosinteligentes.com.br\/oldrh\/_old\/?p=7204"},"modified":"2021-02-18T12:05:36","modified_gmt":"2021-02-18T14:05:36","slug":"quando-retornar-para-a-empresa","status":"publish","type":"post","link":"https:\/\/segurosinteligentes.com.br\/oldrh\/quando-retornar-para-a-empresa\/","title":{"rendered":"Quando retornar a equipe em seguran\u00e7a para a empresa"},"content":{"rendered":"<p>[et_pb_section admin_label=&#8221;section&#8221; transparent_background=&#8221;on&#8221; background_color=&#8221;#ffffff&#8221; allow_player_pause=&#8221;off&#8221; inner_shadow=&#8221;off&#8221; parallax=&#8221;off&#8221; parallax_method=&#8221;off&#8221; padding_mobile=&#8221;on&#8221; make_fullwidth=&#8221;off&#8221; use_custom_width=&#8221;off&#8221; width_unit=&#8221;on&#8221; make_equal=&#8221;off&#8221; use_custom_gutter=&#8221;off&#8221; custom_padding=&#8221;0px||50px|&#8221;][et_pb_row admin_label=&#8221;row&#8221; make_fullwidth=&#8221;off&#8221; use_custom_width=&#8221;on&#8221; width_unit=&#8221;off&#8221; use_custom_gutter=&#8221;off&#8221; padding_mobile=&#8221;on&#8221; allow_player_pause=&#8221;off&#8221; parallax=&#8221;off&#8221; parallax_method=&#8221;off&#8221; make_equal=&#8221;off&#8221; parallax_1=&#8221;off&#8221; parallax_method_1=&#8221;off&#8221; parallax_2=&#8221;off&#8221; parallax_method_2=&#8221;off&#8221; column_padding_mobile=&#8221;on&#8221; custom_padding=&#8221;50px|35px|50px|35px&#8221; background_color=&#8221;#ffffff&#8221;][et_pb_column type=&#8221;2_3&#8243;][et_pb_text admin_label=&#8221;tag e data&#8221; background_layout=&#8221;light&#8221; text_orientation=&#8221;left&#8221; text_font=&#8221;|on|||&#8221; text_font_size=&#8221;16&#8243; text_text_color=&#8221;#9ec31e&#8221; text_line_height=&#8221;1.5em&#8221; use_border_color=&#8221;off&#8221; border_color=&#8221;#ffffff&#8221; border_style=&#8221;solid&#8221; custom_margin=&#8221;||0px|&#8221;]<\/p>\n<p>PANDEMIA | 05.OUTUBRO.2020<br \/>\nATUALIZADO EM 18.FEVEREIRO.2021<\/p>\n<h4><\/h4>\n<p>[\/et_pb_text][et_pb_text admin_label=&#8221;t\u00edtulo&#8221; background_layout=&#8221;light&#8221; text_orientation=&#8221;left&#8221; text_font=&#8221;|on|||&#8221; text_font_size=&#8221;35&#8243; text_text_color=&#8221;#495358&#8243; text_line_height=&#8221;1.2em&#8221; use_border_color=&#8221;off&#8221; border_color=&#8221;#ffffff&#8221; border_style=&#8221;solid&#8221;] Quando retornar a equipe em seguran\u00e7a para a empresa [\/et_pb_text][et_pb_text admin_label=&#8221;conte\u00fado&#8221; background_layout=&#8221;light&#8221; text_orientation=&#8221;left&#8221; text_font=&#8221;Open Sans||||&#8221; text_text_color=&#8221;#748690&#8243; text_line_height=&#8221;1.6em&#8221; use_border_color=&#8221;off&#8221; border_color=&#8221;#ffffff&#8221; border_style=&#8221;solid&#8221;]<\/p>\n<p>O retorno das atividades cotidianas, como shoppings, restaurantes e academias, traz novamente \u00e0 tona o impacto do <a href=\"https:\/\/segurosinteligentes.com.br\/oldrh\/_old\/category\/coronavirus\/\" target=\"_blank\" rel=\"noopener\">coronav\u00edrus<\/a>. A nova rotina, ainda que com restri\u00e7\u00f5es, permitiu a ressocializa\u00e7\u00e3o e a reabertura de postos de trabalho, com poss\u00edvel impacto positivo na economia.<\/p>\n<p>Para os trabalhadores, que permaneceram em atividade essencial ou est\u00e3o retornando ao escrit\u00f3rio, vale uma avalia\u00e7\u00e3o. \u00c9 importante ressaltar que <strong>o risco de transmiss\u00e3o existe n\u00e3o somente durante o trabalho em si<\/strong>, mas tamb\u00e9m em algumas a\u00e7\u00f5es correlatas, como o uso de espa\u00e7os comuns da empresa e o <a href=\"https:\/\/segurosinteligentes.com.br\/oldrh\/_old\/cuidados-no-transporte-publico-durante-a-pandemia\/\" target=\"_blank\" rel=\"noopener\">deslocamento para o trabalho<\/a>.<\/p>\n<p>Nesse cen\u00e1rio, medidas de preven\u00e7\u00e3o devem abra\u00e7ar o maior n\u00famero de riscos poss\u00edveis, dentro e fora do ambiente profissional. Para isso, \u00e9 imperativo ter um olhar cuidadoso na percep\u00e7\u00e3o dos funcion\u00e1rios em rela\u00e7\u00e3o a eles mesmos, ao ambiente e seu novo papel. Medidas de isolamento, overdose de noticias (ver\u00eddicas ou n\u00e3o) e incertezas em rela\u00e7\u00e3o ao futuro levaram a um <a href=\"https:\/\/segurosinteligentes.com.br\/oldrh\/_old\/efeito-da-pandemia-na-saude-mental\/\" target=\"_blank\" rel=\"noopener\">aumento expressivo de ansiedade, dist\u00farbios do sono e depress\u00e3o<\/a>.<\/p>\n<h3><\/h3>\n<h3>Crit\u00e9rios para avaliar o retorno das atividades<\/h3>\n<p>Entre as orienta\u00e7\u00f5es da OMS (Organiza\u00e7\u00e3o Mundial de Sa\u00fade) e do CDC (Centro de Controle de Doen\u00e7as &#8211; EUA), o retorno ao ambiente de trabalho deve respeitar a situa\u00e7\u00e3o epidemiol\u00f3gica local e adotar <a href=\"https:\/\/youtu.be\/rQEwyKVMxuQ\" target=\"_blank\" rel=\"noopener\">medidas de preven\u00e7\u00e3o<\/a>.<\/p>\n<p>As institui\u00e7\u00f5es tamb\u00e9m concordam que as chances de complica\u00e7\u00f5es e morte entre os indiv\u00edduos n\u00e3o \u00e9 igual. H\u00e1 um acr\u00e9scimo importante entre aqueles com mais de 60 anos ou doen\u00e7as associadas (obesidade, hipertens\u00e3o, diabetes, etc).<\/p>\n<p>Cabe, ent\u00e3o, avaliar a decis\u00e3o do retorno com as seguintes perguntas:<\/p>\n<ul>\n<li>Como est\u00e1 a sa\u00fade do funcion\u00e1rio?<\/li>\n<li>A atividade que ele desempenha tem alta taxa de exposi\u00e7\u00e3o ao v\u00edrus?<\/li>\n<\/ul>\n<p>As camadas do risco ocupacional nos orientam acerca de quais medidas necessitam ser implementadas para uma atividade segura: uso de m\u00e1scaras, adapta\u00e7\u00e3o do local para torn\u00e1-lo menos ocupado ou utiliza\u00e7\u00e3o de barreiras f\u00edsicas, como as paredes de acr\u00edlico e escudos faciais. Mas a avalia\u00e7\u00e3o da atividade em si tamb\u00e9m \u00e9 fundamental.<\/p>\n<p>Pessoas em contato constante com outras pessoas ou deslocamentos frequentes, como vendedores, profissionais da sa\u00fade ou equipes de manuten\u00e7\u00e3o, t\u00eam risco maior de exposi\u00e7\u00e3o ao v\u00edrus em compara\u00e7\u00e3o com trabalhadores de escrit\u00f3rio, por exemplo.<\/p>\n<h3><\/h3>\n<h3>Avaliando o indiv\u00edduo, lan\u00e7amos um olhar mais cauteloso a outro grupo<\/h3>\n<p>Indiv\u00edduos que s\u00e3o produtivos economicamente e demandam reinser\u00e7\u00e3o, independentemente da idade ou problemas de sa\u00fade: como estrat\u00e9gia de mitiga\u00e7\u00e3o de riscos, foi recomendado realocar essas pessoas em tarefas ou setores com menos exposi\u00e7\u00e3o, al\u00e9m de permitir a jornada de trabalho flex\u00edvel.<\/p>\n<p>Para os mais jovens e com <a href=\"https:\/\/segurosinteligentes.com.br\/oldrh\/_old\/riscos-de-complicacoes-covid-19\/\" target=\"_blank\" rel=\"noopener\">comorbidade<\/a> controlada (duas ou mais doen\u00e7as relacionadas), um retorno gradual parece ser uma estrat\u00e9gia aceit\u00e1vel, respeitando limita\u00e7\u00f5es e riscos. Entre os indiv\u00edduos com mais de 60 anos ou com doen\u00e7as graves, adiar o retorno para reduzir desfechos desfavor\u00e1veis pode ser prudente.<\/p>\n<p>Nesse sentido, uma <strong>avalia\u00e7\u00e3o integrada das equipes de Sa\u00fade Ocupacional e Recursos Humanos<\/strong> \u00e9 extremamente relevante para identificar e alocar essas popula\u00e7\u00f5es. Como alternativa h\u00e1 o retorno gradual, que demanda um contingente menor, facilitando a an\u00e1lise de cada caso e, ainda, a reavalia\u00e7\u00e3o de protocolos implementados na empresa.<\/p>\n<blockquote><p><strong>Tamb\u00e9m pode interessar:<\/strong><\/p>\n<p><a href=\"https:\/\/segurosinteligentes.com.br\/oldrh\/_old\/quando-retornar-casos-suspeitos-ou-confirmados-de-covid-19\/\" target=\"_blank\" rel=\"noopener\">Quando retornar casos suspeitos ou confirmados de covid-19?<\/a><\/p>\n<p><a href=\"https:\/\/segurosinteligentes.com.br\/oldrh\/_old\/covid19-cobertura-planos-de-saude\/\" target=\"_blank\" rel=\"noopener\">Covid-19: Quais exames s\u00e3o cobertos pelo plano de sa\u00fade?<\/a><\/p><\/blockquote>\n<div class=\"et_pb_text et_pb_module et_pb_bg_layout_light et_pb_text_align_left et_pb_text_2\"><\/div>\n<div class='et-box et-shadow'>\n\t\t\t\t\t<div class='et-box-content'>Este artigo foi produzido em parceria com a\u00a0infectologista Naiane<span data-test-id=\"doctor-header-name\">\u00a0Lomes, como parte d<\/span>o programa <a href=\"https:\/\/segurosinteligentes.com.br\/oldrh\/_old\/como-oferecer-o-melhor-para-nossos-clientes-quando-sabemos-pouco-sobre-o-futuro\/\" target=\"_blank\" rel=\"noopener\">Turbinar &#8211; Acelerando seu Conhecimento<\/a>. Siga a It&#8217;sSeg no <a href=\"https:\/\/www.linkedin.com\/company\/it'sseg\/\" target=\"_blank\" rel=\"noopener\">LinkedIn<\/a>!<\/div><\/div>\n<p>[\/et_pb_text][\/et_pb_column][et_pb_column type=&#8221;1_3&#8243;][et_pb_sidebar admin_label=&#8221;Barra Lateral&#8221; global_module=&#8221;399&#8243; orientation=&#8221;left&#8221; area=&#8221;sidebar-1&#8243; background_layout=&#8221;light&#8221; remove_border=&#8221;on&#8221; body_line_height=&#8221;1.5em&#8221; custom_css_widget=&#8221;margin-bottom: 30px !important;&#8221; saved_tabs=&#8221;all&#8221;] [\/et_pb_sidebar][\/et_pb_column][\/et_pb_row][\/et_pb_section][et_pb_section admin_label=&#8221;Se\u00e7\u00e3o&#8221; global_module=&#8221;93&#8243; fullwidth=&#8221;off&#8221; specialty=&#8221;off&#8221; transparent_background=&#8221;off&#8221; background_color=&#8221;#f9f9f9&#8243; allow_player_pause=&#8221;off&#8221; inner_shadow=&#8221;off&#8221; parallax=&#8221;off&#8221; parallax_method=&#8221;off&#8221; padding_mobile=&#8221;on&#8221; make_fullwidth=&#8221;off&#8221; use_custom_width=&#8221;off&#8221; width_unit=&#8221;on&#8221; make_equal=&#8221;off&#8221; use_custom_gutter=&#8221;off&#8221; custom_padding=&#8221;20px||20px|&#8221;][et_pb_row global_parent=&#8221;93&#8243; admin_label=&#8221;Linha&#8221; make_fullwidth=&#8221;on&#8221; use_custom_width=&#8221;off&#8221; width_unit=&#8221;on&#8221; use_custom_gutter=&#8221;on&#8221; gutter_width=&#8221;2&#8243; padding_mobile=&#8221;off&#8221; allow_player_pause=&#8221;off&#8221; parallax=&#8221;off&#8221; parallax_method=&#8221;off&#8221; make_equal=&#8221;off&#8221; parallax_1=&#8221;off&#8221; parallax_method_1=&#8221;off&#8221; parallax_2=&#8221;off&#8221; parallax_method_2=&#8221;off&#8221; parallax_3=&#8221;off&#8221; parallax_method_3=&#8221;off&#8221; column_padding_mobile=&#8221;on&#8221; module_class=&#8221;footer&#8221; module_id_1=&#8221;coluna_1&#8243; module_id_2=&#8221;coluna_2&#8243; module_id_3=&#8221;coluna_3&#8243; module_id=&#8221;footer_1&#8243;][et_pb_column type=&#8221;1_4&#8243;][et_pb_text global_parent=&#8221;93&#8243; admin_label=&#8221;logo it&#8217;sseg&#8221; background_layout=&#8221;light&#8221; text_orientation=&#8221;left&#8221; use_border_color=&#8221;off&#8221; border_color=&#8221;#ffffff&#8221; border_style=&#8221;solid&#8221;] <img decoding=\"async\" class=\"alignleft size-full wp-image-82\" src=\"https:\/\/segurosinteligentes.com.br\/oldrh\/_old\/wp-content\/uploads\/logo-seguros-inteligentes.png\" width=\"270\" \/> [\/et_pb_text][\/et_pb_column][et_pb_column type=&#8221;1_2&#8243;][et_pb_text global_parent=&#8221;93&#8243; admin_label=&#8221;copyright&#8221; background_layout=&#8221;light&#8221; text_orientation=&#8221;right&#8221; text_line_height=&#8221;1.5em&#8221; use_border_color=&#8221;off&#8221; border_color=&#8221;#ffffff&#8221; border_style=&#8221;solid&#8221; custom_padding=&#8221;|||20%&#8221; text_font=&#8221;Abel||||&#8221;] PORTAL RH IT\u2019SSEG \u00e9 uma publica\u00e7\u00e3o da It\u2019sSeg Seguros Inteligentes. N\u00e3o \u00e9 permitida a reprodu\u00e7\u00e3o do conte\u00fado, mesmo que parcial, para uso comercial de qualquer natureza. Confira <a href=\"https:\/\/itssegcompany.com.br\/lgpd\/\" target=\"_blank\" rel=\"noopener\">aqui<\/a> nossa pol\u00edtica de privacidade. [\/et_pb_text][\/et_pb_column][et_pb_column type=&#8221;1_4&#8243;][et_pb_text global_parent=&#8221;93&#8243; admin_label=&#8221;logo portal&#8221; background_layout=&#8221;light&#8221; text_orientation=&#8221;right&#8221; use_border_color=&#8221;off&#8221; border_color=&#8221;#ffffff&#8221; border_style=&#8221;solid&#8221;] <img decoding=\"async\" class=\"alignright size-full wp-image-83\" src=\"https:\/\/segurosinteligentes.com.br\/oldrh\/_old\/wp-content\/uploads\/portalrh-footer.png\" alt=\"logo_portal_footer\" width=\"270\" \/> [\/et_pb_text][\/et_pb_column][\/et_pb_row][et_pb_row global_parent=&#8221;93&#8243; admin_label=&#8221;Linha&#8221; make_fullwidth=&#8221;on&#8221; use_custom_width=&#8221;off&#8221; width_unit=&#8221;on&#8221; use_custom_gutter=&#8221;on&#8221; gutter_width=&#8221;2&#8243; padding_mobile=&#8221;on&#8221; allow_player_pause=&#8221;off&#8221; parallax=&#8221;off&#8221; parallax_method=&#8221;off&#8221; make_equal=&#8221;off&#8221; parallax_1=&#8221;off&#8221; parallax_method_1=&#8221;off&#8221; parallax_2=&#8221;off&#8221; parallax_method_2=&#8221;off&#8221; parallax_3=&#8221;off&#8221; parallax_method_3=&#8221;off&#8221; column_padding_mobile=&#8221;on&#8221; module_id_2=&#8221;coluna_2&#8243; module_id_3=&#8221;coluna_3&#8243; module_id=&#8221;footer_2&#8243; custom_padding=&#8221;||0px|&#8221;][et_pb_column type=&#8221;4_4&#8243;][et_pb_text global_parent=&#8221;93&#8243; admin_label=&#8221;copyright&#8221; background_layout=&#8221;light&#8221; text_orientation=&#8221;center&#8221; text_line_height=&#8221;1.5em&#8221; use_border_color=&#8221;off&#8221; border_color=&#8221;#ffffff&#8221; border_style=&#8221;solid&#8221; text_font=&#8221;Abel||||&#8221;] PORTAL RH IT\u2019SSEG \u00e9 uma publica\u00e7\u00e3o da It\u2019sSeg Seguros Inteligentes. N\u00e3o \u00e9 permitida a reprodu\u00e7\u00e3o do conte\u00fado, mesmo que parcial, para uso comercial de qualquer natureza. Confira <a href=\"https:\/\/itssegcompany.com.br\/lgpd\/\" target=\"_blank\" rel=\"noopener\">aqui<\/a> nossa pol\u00edtica de privacidade. [\/et_pb_text][\/et_pb_column][\/et_pb_row][et_pb_row global_parent=&#8221;93&#8243; admin_label=&#8221;Linha&#8221; make_fullwidth=&#8221;on&#8221; use_custom_width=&#8221;off&#8221; width_unit=&#8221;on&#8221; use_custom_gutter=&#8221;on&#8221; gutter_width=&#8221;2&#8243; padding_mobile=&#8221;off&#8221; allow_player_pause=&#8221;off&#8221; parallax=&#8221;off&#8221; parallax_method=&#8221;off&#8221; make_equal=&#8221;off&#8221; parallax_1=&#8221;off&#8221; parallax_method_1=&#8221;off&#8221; parallax_2=&#8221;off&#8221; parallax_method_2=&#8221;off&#8221; parallax_3=&#8221;off&#8221; parallax_method_3=&#8221;off&#8221; column_padding_mobile=&#8221;on&#8221; module_id_3=&#8221;coluna_3&#8243; module_id=&#8221;footer_2_2&#8243; custom_padding=&#8221;0px|||&#8221;][et_pb_column type=&#8221;1_2&#8243;][et_pb_text global_parent=&#8221;93&#8243; admin_label=&#8221;logo it&#8217;sseg&#8221; background_layout=&#8221;light&#8221; text_orientation=&#8221;left&#8221; use_border_color=&#8221;off&#8221; border_color=&#8221;#ffffff&#8221; border_style=&#8221;solid&#8221; module_id=&#8221;logo_itsseg_footer_1&#8243;] <img decoding=\"async\" class=\"alignleft size-full wp-image-82\" src=\"https:\/\/segurosinteligentes.com.br\/oldrh\/_old\/wp-content\/uploads\/logo-seguros-inteligentes.png\" width=\"270\" \/> [\/et_pb_text][et_pb_text global_parent=&#8221;93&#8243; admin_label=&#8221;logo it&#8217;sseg&#8221; background_layout=&#8221;light&#8221; text_orientation=&#8221;center&#8221; use_border_color=&#8221;off&#8221; border_color=&#8221;#ffffff&#8221; border_style=&#8221;solid&#8221; module_id=&#8221;logo_itsseg_footer_2&#8243;] <img decoding=\"async\" src=\"https:\/\/segurosinteligentes.com.br\/oldrh\/_old\/wp-content\/uploads\/logo-seguros-inteligentes-mobile.png\" alt=\"logo_footer_2\" width=\"70\" \/> [\/et_pb_text][\/et_pb_column][et_pb_column type=&#8221;1_2&#8243;][et_pb_text global_parent=&#8221;93&#8243; admin_label=&#8221;logo portal&#8221; background_layout=&#8221;light&#8221; text_orientation=&#8221;right&#8221; use_border_color=&#8221;off&#8221; border_color=&#8221;#ffffff&#8221; border_style=&#8221;solid&#8221; module_id=&#8221;logo_portal_itsseg_footer_2&#8243;] <img decoding=\"async\" class=\"alignright size-full wp-image-83\" src=\"https:\/\/segurosinteligentes.com.br\/oldrh\/_old\/wp-content\/uploads\/portalrh-footer.png\" alt=\"logo_portal_footer\" width=\"270\" \/> [\/et_pb_text][\/et_pb_column][\/et_pb_row][\/et_pb_section]<\/p>\n","protected":false},"excerpt":{"rendered":"<p>\u00c9 hora de voltar? A infectologista Naiane Lomes indica alguns crit\u00e9rios para avaliar o retorno dos funcion\u00e1rios ao local de trabalho.<\/p>\n","protected":false},"author":5,"featured_media":7208,"comment_status":"closed","ping_status":"closed","sticky":false,"template":"","format":"standard","meta":{"_et_pb_use_builder":"on","_et_pb_old_content":"","_et_gb_content_width":"","_links_to":"","_links_to_target":""},"categories":[287],"tags":[295],"_links":{"self":[{"href":"https:\/\/segurosinteligentes.com.br\/oldrh\/wp-json\/wp\/v2\/posts\/7204"}],"collection":[{"href":"https:\/\/segurosinteligentes.com.br\/oldrh\/wp-json\/wp\/v2\/posts"}],"about":[{"href":"https:\/\/segurosinteligentes.com.br\/oldrh\/wp-json\/wp\/v2\/types\/post"}],"author":[{"embeddable":true,"href":"https:\/\/segurosinteligentes.com.br\/oldrh\/wp-json\/wp\/v2\/users\/5"}],"replies":[{"embeddable":true,"href":"https:\/\/segurosinteligentes.com.br\/oldrh\/wp-json\/wp\/v2\/comments?post=7204"}],"version-history":[{"count":16,"href":"https:\/\/segurosinteligentes.com.br\/oldrh\/wp-json\/wp\/v2\/posts\/7204\/revisions"}],"predecessor-version":[{"id":7221,"href":"https:\/\/segurosinteligentes.com.br\/oldrh\/wp-json\/wp\/v2\/posts\/7204\/revisions\/7221"}],"wp:featuredmedia":[{"embeddable":true,"href":"https:\/\/segurosinteligentes.com.br\/oldrh\/wp-json\/wp\/v2\/media\/7208"}],"wp:attachment":[{"href":"https:\/\/segurosinteligentes.com.br\/oldrh\/wp-json\/wp\/v2\/media?parent=7204"}],"wp:term":[{"taxonomy":"category","embeddable":true,"href":"https:\/\/segurosinteligentes.com.br\/oldrh\/wp-json\/wp\/v2\/categories?post=7204"},{"taxonomy":"post_tag","embeddable":true,"href":"https:\/\/segurosinteligentes.com.br\/oldrh\/wp-json\/wp\/v2\/tags?post=7204"}],"curies":[{"name":"wp","href":"https:\/\/api.w.org\/{rel}","templated":true}]}}