{"id":7177,"date":"2020-09-30T14:36:00","date_gmt":"2020-09-30T17:36:00","guid":{"rendered":"https:\/\/segurosinteligentes.com.br\/oldrh\/_old\/?p=7177"},"modified":"2020-09-30T14:36:00","modified_gmt":"2020-09-30T17:36:00","slug":"pesquisa-saude-mental-nas-empresas","status":"publish","type":"post","link":"https:\/\/segurosinteligentes.com.br\/oldrh\/pesquisa-saude-mental-nas-empresas\/","title":{"rendered":"Pesquisa: Programas de sa\u00fade mental nas empresas"},"content":{"rendered":"<p>[et_pb_section admin_label=&#8221;section&#8221; transparent_background=&#8221;on&#8221; background_color=&#8221;#ffffff&#8221; allow_player_pause=&#8221;off&#8221; inner_shadow=&#8221;off&#8221; parallax=&#8221;off&#8221; parallax_method=&#8221;off&#8221; padding_mobile=&#8221;on&#8221; make_fullwidth=&#8221;off&#8221; use_custom_width=&#8221;off&#8221; width_unit=&#8221;on&#8221; make_equal=&#8221;off&#8221; use_custom_gutter=&#8221;off&#8221; custom_padding=&#8221;0px||50px|&#8221;][et_pb_row admin_label=&#8221;row&#8221; make_fullwidth=&#8221;off&#8221; use_custom_width=&#8221;on&#8221; width_unit=&#8221;off&#8221; use_custom_gutter=&#8221;off&#8221; padding_mobile=&#8221;on&#8221; allow_player_pause=&#8221;off&#8221; parallax=&#8221;off&#8221; parallax_method=&#8221;off&#8221; make_equal=&#8221;off&#8221; parallax_1=&#8221;off&#8221; parallax_method_1=&#8221;off&#8221; parallax_2=&#8221;off&#8221; parallax_method_2=&#8221;off&#8221; column_padding_mobile=&#8221;on&#8221; custom_padding=&#8221;50px|35px|50px|35px&#8221; background_color=&#8221;#ffffff&#8221;][et_pb_column type=&#8221;2_3&#8243;][et_pb_text admin_label=&#8221;tag e data&#8221; background_layout=&#8221;light&#8221; text_orientation=&#8221;left&#8221; text_font=&#8221;|on|||&#8221; text_font_size=&#8221;16&#8243; text_text_color=&#8221;#9ec31e&#8221; text_line_height=&#8221;1.5em&#8221; use_border_color=&#8221;off&#8221; border_color=&#8221;#ffffff&#8221; border_style=&#8221;solid&#8221; custom_margin=&#8221;||0px|&#8221;]<\/p>\n<p>TURBINAR | 30.SETEMBRO.2020<\/p>\n<h4><\/h4>\n<p>[\/et_pb_text][et_pb_text admin_label=&#8221;t\u00edtulo&#8221; background_layout=&#8221;light&#8221; text_orientation=&#8221;left&#8221; text_font=&#8221;|on|||&#8221; text_font_size=&#8221;32&#8243; text_text_color=&#8221;#495358&#8243; text_line_height=&#8221;1.2em&#8221; use_border_color=&#8221;off&#8221; border_color=&#8221;#ffffff&#8221; border_style=&#8221;solid&#8221;]<\/p>\n<p>Pesquisa: Programas de sa\u00fade mental nas empresas<\/p>\n<p>[\/et_pb_text][et_pb_text admin_label=&#8221;conte\u00fado&#8221; background_layout=&#8221;light&#8221; text_orientation=&#8221;left&#8221; text_font=&#8221;Open Sans||||&#8221; text_text_color=&#8221;#748690&#8243; text_line_height=&#8221;1.6em&#8221; use_border_color=&#8221;off&#8221; border_color=&#8221;#ffffff&#8221; border_style=&#8221;solid&#8221;]<\/p>\n<p>A restri\u00e7\u00e3o de espa\u00e7o, a limita\u00e7\u00e3o de ir e vir, cancelar planos, o medo de ficar doente ou de ver pessoas queridas sofrerem, al\u00e9m da preocupa\u00e7\u00e3o com dinheiro, s\u00e3o situa\u00e7\u00f5es que contribuem para o impacto da pandemia na sa\u00fade mental. Diversos relat\u00f3rios j\u00e1 indicam um aumento nos sintomas de depress\u00e3o e ansiedade em v\u00e1rios pa\u00edses.<\/p>\n<p>Para nos ajudar a entender como esse tema tem sido abordado nas empresas, realizamos a primeira pesquisa do Turbinar, que tratou sobre o assunto com nossos clientes. Muitos leitores do Portal RH tamb\u00e9m contribu\u00edram com suas respostas. Agora, queremos dividir com voc\u00eas alguns resultados do relat\u00f3rio.<\/p>\n<p>&nbsp;<\/p>\n<h4>Os desafios de abordar sa\u00fade mental nas empresas<\/h4>\n<p>Primeiro perguntamos se as empresas tinham um programa ou a\u00e7\u00e3o focada na sa\u00fade mental dos funcion\u00e1rios, e mais de 60% delas responderam que sim. Cerca de 39% das iniciativas s\u00e3o compostas por espa\u00e7os para informa\u00e7\u00e3o e conscientiza\u00e7\u00e3o, como webinares e palestras, enquanto outros 39,2% t\u00eam a\u00e7\u00f5es de comunica\u00e7\u00e3o.<\/p>\n<p>Alguns programas tamb\u00e9m oferecem rede especializada para atendimento aos colaboradores (28%); mapeamento de riscos (21,4%) e capacita\u00e7\u00e3o da lideran\u00e7a (14,2%).<\/p>\n<div id=\"attachment_7178\" style=\"width: 501px\" class=\"wp-caption alignnone\"><img decoding=\"async\" loading=\"lazy\" aria-describedby=\"caption-attachment-7178\" class=\" wp-image-7178\" src=\"https:\/\/segurosinteligentes.com.br\/oldrh\/_old\/wp-content\/uploads\/Screenshot_7-1.png\" alt=\"programas de saude mental nas empresas\" width=\"491\" height=\"363\" srcset=\"https:\/\/segurosinteligentes.com.br\/oldrh\/wp-content\/uploads\/Screenshot_7-1.png 832w, https:\/\/segurosinteligentes.com.br\/oldrh\/wp-content\/uploads\/Screenshot_7-1-300x222.png 300w\" sizes=\"(max-width: 491px) 100vw, 491px\" \/><p id=\"caption-attachment-7178\" class=\"wp-caption-text\">Apenas 14,29% dos programas de sa\u00fade mental contam com capacita\u00e7\u00e3o da lideran\u00e7a.<\/p><\/div>\n<p>&nbsp;<\/p>\n<p>A respeito do por que algumas empresas n\u00e3o possuem um programa espec\u00edfico em sa\u00fade mental, mais de 21% disseram ser a falta de or\u00e7amento para a contrata\u00e7\u00e3o de especialistas. H\u00e1 tamb\u00e9m outros desafios, como pouco conhecimento sobre o tema (7,1%), falta de sensibiliza\u00e7\u00e3o da alta gest\u00e3o e medo (ambos com 3,5%).<\/p>\n<div id=\"attachment_7179\" style=\"width: 465px\" class=\"wp-caption alignnone\"><img decoding=\"async\" loading=\"lazy\" aria-describedby=\"caption-attachment-7179\" class=\" wp-image-7179\" src=\"https:\/\/segurosinteligentes.com.br\/oldrh\/_old\/wp-content\/uploads\/Screenshot_9.png\" alt=\"programa de saude mental nas empresas\" width=\"455\" height=\"177\" srcset=\"https:\/\/segurosinteligentes.com.br\/oldrh\/wp-content\/uploads\/Screenshot_9.png 754w, https:\/\/segurosinteligentes.com.br\/oldrh\/wp-content\/uploads\/Screenshot_9-300x117.png 300w\" sizes=\"(max-width: 455px) 100vw, 455px\" \/><p id=\"caption-attachment-7179\" class=\"wp-caption-text\">Custo ainda \u00e9 principal desafio para abordar sa\u00fade mental nas empresas.<\/p><\/div>\n<p>&nbsp;<\/p>\n<p>Quase 90% dos respondentes declararam, ainda, que j\u00e1 precisaram prestar suporte aos colaboradores sobre depress\u00e3o. S\u00edndrome do p\u00e2nico aparece logo abaixo com 71,4%, seguida por abuso de \u00e1lcool e\/ou drogas, <em>Burnout<\/em> e suic\u00eddio.<\/p>\n<div id=\"attachment_7180\" style=\"width: 451px\" class=\"wp-caption alignnone\"><img decoding=\"async\" loading=\"lazy\" aria-describedby=\"caption-attachment-7180\" class=\" wp-image-7180\" src=\"https:\/\/segurosinteligentes.com.br\/oldrh\/_old\/wp-content\/uploads\/Screenshot_10.png\" alt=\"programa de saude mental nas empresas \" width=\"441\" height=\"217\" srcset=\"https:\/\/segurosinteligentes.com.br\/oldrh\/wp-content\/uploads\/Screenshot_10.png 769w, https:\/\/segurosinteligentes.com.br\/oldrh\/wp-content\/uploads\/Screenshot_10-300x147.png 300w\" sizes=\"(max-width: 441px) 100vw, 441px\" \/><p id=\"caption-attachment-7180\" class=\"wp-caption-text\">Mais de 89% das empresas j\u00e1 ofereceram suporte sobre o tema Depress\u00e3o para seus colaboradores.<\/p><\/div>\n<p>&nbsp;<\/p>\n<blockquote><p><strong>Tamb\u00e9m pode interessar:<\/strong><\/p>\n<p><a href=\"https:\/\/segurosinteligentes.com.br\/oldrh\/_old\/o-que-e-saude-mental-mitos\/\" target=\"_blank\" rel=\"noopener\">O que \u00e9 Sa\u00fade Mental. E o que ela n\u00e3o \u00e9<\/a><\/p>\n<p><a href=\"https:\/\/segurosinteligentes.com.br\/oldrh\/_old\/empresas-admissao-de-funcionarios\/\" target=\"_blank\" rel=\"noopener\">Quanto tempo sua empresa gasta na admiss\u00e3o de funcion\u00e1rios?<\/a><\/p><\/blockquote>\n<div class=\"et_pb_text et_pb_module et_pb_bg_layout_light et_pb_text_align_left et_pb_text_2\">Quer ficar por dentro das novidades do Turbinar e nossos artigos sobre sa\u00fade mental? Continue acompanhando o Portal RH ou nossa p\u00e1gina no <a href=\"https:\/\/www.linkedin.com\/company\/it'sseg\/\">LinkedIn<\/a>. J\u00e1 temos uma cartilha nova sobre o tema, <a href=\"https:\/\/segurosinteligentes.com.br\/oldrh\/_old\/saude-mental-e-trabalho\/\">clique aqui<\/a> e saiba mais!<\/div>\n<p>[\/et_pb_text][\/et_pb_column][et_pb_column type=&#8221;1_3&#8243;][et_pb_sidebar admin_label=&#8221;Barra Lateral&#8221; global_module=&#8221;399&#8243; orientation=&#8221;left&#8221; area=&#8221;sidebar-1&#8243; background_layout=&#8221;light&#8221; remove_border=&#8221;on&#8221; body_line_height=&#8221;1.5em&#8221; custom_css_widget=&#8221;margin-bottom: 30px !important;&#8221; saved_tabs=&#8221;all&#8221;]<br \/>\n[\/et_pb_sidebar][\/et_pb_column][\/et_pb_row][\/et_pb_section][et_pb_section admin_label=&#8221;Se\u00e7\u00e3o&#8221; global_module=&#8221;93&#8243; fullwidth=&#8221;off&#8221; specialty=&#8221;off&#8221; transparent_background=&#8221;off&#8221; background_color=&#8221;#f9f9f9&#8243; allow_player_pause=&#8221;off&#8221; inner_shadow=&#8221;off&#8221; parallax=&#8221;off&#8221; parallax_method=&#8221;off&#8221; padding_mobile=&#8221;on&#8221; make_fullwidth=&#8221;off&#8221; use_custom_width=&#8221;off&#8221; width_unit=&#8221;on&#8221; make_equal=&#8221;off&#8221; use_custom_gutter=&#8221;off&#8221; custom_padding=&#8221;20px||20px|&#8221;][et_pb_row global_parent=&#8221;93&#8243; admin_label=&#8221;Linha&#8221; make_fullwidth=&#8221;on&#8221; use_custom_width=&#8221;off&#8221; width_unit=&#8221;on&#8221; use_custom_gutter=&#8221;on&#8221; gutter_width=&#8221;2&#8243; padding_mobile=&#8221;off&#8221; allow_player_pause=&#8221;off&#8221; parallax=&#8221;off&#8221; parallax_method=&#8221;off&#8221; make_equal=&#8221;off&#8221; parallax_1=&#8221;off&#8221; parallax_method_1=&#8221;off&#8221; parallax_2=&#8221;off&#8221; parallax_method_2=&#8221;off&#8221; parallax_3=&#8221;off&#8221; parallax_method_3=&#8221;off&#8221; column_padding_mobile=&#8221;on&#8221; module_class=&#8221;footer&#8221; module_id_1=&#8221;coluna_1&#8243; module_id_2=&#8221;coluna_2&#8243; module_id_3=&#8221;coluna_3&#8243; module_id=&#8221;footer_1&#8243;][et_pb_column type=&#8221;1_4&#8243;][et_pb_text global_parent=&#8221;93&#8243; admin_label=&#8221;logo it&#8217;sseg&#8221; background_layout=&#8221;light&#8221; text_orientation=&#8221;left&#8221; use_border_color=&#8221;off&#8221; border_color=&#8221;#ffffff&#8221; border_style=&#8221;solid&#8221;] <img decoding=\"async\" class=\"alignleft size-full wp-image-82\" src=\"https:\/\/segurosinteligentes.com.br\/oldrh\/_old\/wp-content\/uploads\/logo-seguros-inteligentes.png\" width=\"270\" \/> [\/et_pb_text][\/et_pb_column][et_pb_column type=&#8221;1_2&#8243;][et_pb_text global_parent=&#8221;93&#8243; admin_label=&#8221;copyright&#8221; background_layout=&#8221;light&#8221; text_orientation=&#8221;right&#8221; text_line_height=&#8221;1.5em&#8221; use_border_color=&#8221;off&#8221; border_color=&#8221;#ffffff&#8221; border_style=&#8221;solid&#8221; custom_padding=&#8221;|||20%&#8221; text_font=&#8221;Abel||||&#8221;] PORTAL RH IT\u2019SSEG \u00e9 uma publica\u00e7\u00e3o da It\u2019sSeg Seguros Inteligentes. N\u00e3o \u00e9 permitida a reprodu\u00e7\u00e3o do conte\u00fado, mesmo que parcial, para uso comercial de qualquer natureza. Confira <a href=\"https:\/\/segurosinteligentes.com.br\/oldrh\/_old\/politica-de-privacidade\/\" target=\"_blank\" rel=\"noopener\">aqui<\/a> nossa pol\u00edtica de privacidade. [\/et_pb_text][\/et_pb_column][et_pb_column type=&#8221;1_4&#8243;][et_pb_text global_parent=&#8221;93&#8243; admin_label=&#8221;logo portal&#8221; background_layout=&#8221;light&#8221; text_orientation=&#8221;right&#8221; use_border_color=&#8221;off&#8221; border_color=&#8221;#ffffff&#8221; border_style=&#8221;solid&#8221;] <img decoding=\"async\" class=\"alignright size-full wp-image-83\" src=\"https:\/\/segurosinteligentes.com.br\/oldrh\/_old\/wp-content\/uploads\/portalrh-footer.png\" alt=\"logo_portal_footer\" width=\"270\" \/> [\/et_pb_text][\/et_pb_column][\/et_pb_row][et_pb_row global_parent=&#8221;93&#8243; admin_label=&#8221;Linha&#8221; make_fullwidth=&#8221;on&#8221; use_custom_width=&#8221;off&#8221; width_unit=&#8221;on&#8221; use_custom_gutter=&#8221;on&#8221; gutter_width=&#8221;2&#8243; padding_mobile=&#8221;on&#8221; allow_player_pause=&#8221;off&#8221; parallax=&#8221;off&#8221; parallax_method=&#8221;off&#8221; make_equal=&#8221;off&#8221; parallax_1=&#8221;off&#8221; parallax_method_1=&#8221;off&#8221; parallax_2=&#8221;off&#8221; parallax_method_2=&#8221;off&#8221; parallax_3=&#8221;off&#8221; parallax_method_3=&#8221;off&#8221; column_padding_mobile=&#8221;on&#8221; module_id_2=&#8221;coluna_2&#8243; module_id_3=&#8221;coluna_3&#8243; module_id=&#8221;footer_2&#8243; custom_padding=&#8221;||0px|&#8221;][et_pb_column type=&#8221;4_4&#8243;][et_pb_text global_parent=&#8221;93&#8243; admin_label=&#8221;copyright&#8221; background_layout=&#8221;light&#8221; text_orientation=&#8221;center&#8221; text_line_height=&#8221;1.5em&#8221; use_border_color=&#8221;off&#8221; border_color=&#8221;#ffffff&#8221; border_style=&#8221;solid&#8221; text_font=&#8221;Abel||||&#8221;] PORTAL RH IT\u2019SSEG \u00e9 uma publica\u00e7\u00e3o da It\u2019sSeg Seguros Inteligentes. N\u00e3o \u00e9 permitida a reprodu\u00e7\u00e3o do conte\u00fado, mesmo que parcial, para uso comercial de qualquer natureza. Confira <a href=\"https:\/\/segurosinteligentes.com.br\/oldrh\/_old\/politica-de-privacidade\/\" target=\"_blank\" rel=\"noopener\">aqui<\/a> nossa pol\u00edtica de privacidade. [\/et_pb_text][\/et_pb_column][\/et_pb_row][et_pb_row global_parent=&#8221;93&#8243; admin_label=&#8221;Linha&#8221; make_fullwidth=&#8221;on&#8221; use_custom_width=&#8221;off&#8221; width_unit=&#8221;on&#8221; use_custom_gutter=&#8221;on&#8221; gutter_width=&#8221;2&#8243; padding_mobile=&#8221;off&#8221; allow_player_pause=&#8221;off&#8221; parallax=&#8221;off&#8221; parallax_method=&#8221;off&#8221; make_equal=&#8221;off&#8221; parallax_1=&#8221;off&#8221; parallax_method_1=&#8221;off&#8221; parallax_2=&#8221;off&#8221; parallax_method_2=&#8221;off&#8221; parallax_3=&#8221;off&#8221; parallax_method_3=&#8221;off&#8221; column_padding_mobile=&#8221;on&#8221; module_id_3=&#8221;coluna_3&#8243; module_id=&#8221;footer_2_2&#8243; custom_padding=&#8221;0px|||&#8221;][et_pb_column type=&#8221;1_2&#8243;][et_pb_text global_parent=&#8221;93&#8243; admin_label=&#8221;logo it&#8217;sseg&#8221; background_layout=&#8221;light&#8221; text_orientation=&#8221;left&#8221; use_border_color=&#8221;off&#8221; border_color=&#8221;#ffffff&#8221; border_style=&#8221;solid&#8221; module_id=&#8221;logo_itsseg_footer_1&#8243;] <img decoding=\"async\" class=\"alignleft size-full wp-image-82\" src=\"https:\/\/segurosinteligentes.com.br\/oldrh\/_old\/wp-content\/uploads\/logo-seguros-inteligentes.png\" width=\"270\" \/> [\/et_pb_text][et_pb_text global_parent=&#8221;93&#8243; admin_label=&#8221;logo it&#8217;sseg&#8221; background_layout=&#8221;light&#8221; text_orientation=&#8221;center&#8221; use_border_color=&#8221;off&#8221; border_color=&#8221;#ffffff&#8221; border_style=&#8221;solid&#8221; module_id=&#8221;logo_itsseg_footer_2&#8243;] <img decoding=\"async\" src=\"https:\/\/segurosinteligentes.com.br\/oldrh\/_old\/wp-content\/uploads\/logo-seguros-inteligentes-mobile.png\" alt=\"logo_footer_2\" width=\"70\" \/> [\/et_pb_text][\/et_pb_column][et_pb_column type=&#8221;1_2&#8243;][et_pb_text global_parent=&#8221;93&#8243; admin_label=&#8221;logo portal&#8221; background_layout=&#8221;light&#8221; text_orientation=&#8221;right&#8221; use_border_color=&#8221;off&#8221; border_color=&#8221;#ffffff&#8221; border_style=&#8221;solid&#8221; module_id=&#8221;logo_portal_itsseg_footer_2&#8243;] <img decoding=\"async\" class=\"alignright size-full wp-image-83\" src=\"https:\/\/segurosinteligentes.com.br\/oldrh\/_old\/wp-content\/uploads\/portalrh-footer.png\" alt=\"logo_portal_footer\" width=\"270\" \/> [\/et_pb_text][\/et_pb_column][\/et_pb_row][\/et_pb_section]<\/p>\n","protected":false},"excerpt":{"rendered":"<p>Confira o resultado da primeira pesquisa do Turbinar, que tratou sobre o tema Sa\u00fade Mental nas empresas.<\/p>\n","protected":false},"author":5,"featured_media":7184,"comment_status":"closed","ping_status":"closed","sticky":false,"template":"","format":"standard","meta":{"_et_pb_use_builder":"on","_et_pb_old_content":"","_et_gb_content_width":"","_links_to":"","_links_to_target":""},"categories":[14,307],"tags":[305],"_links":{"self":[{"href":"https:\/\/segurosinteligentes.com.br\/oldrh\/wp-json\/wp\/v2\/posts\/7177"}],"collection":[{"href":"https:\/\/segurosinteligentes.com.br\/oldrh\/wp-json\/wp\/v2\/posts"}],"about":[{"href":"https:\/\/segurosinteligentes.com.br\/oldrh\/wp-json\/wp\/v2\/types\/post"}],"author":[{"embeddable":true,"href":"https:\/\/segurosinteligentes.com.br\/oldrh\/wp-json\/wp\/v2\/users\/5"}],"replies":[{"embeddable":true,"href":"https:\/\/segurosinteligentes.com.br\/oldrh\/wp-json\/wp\/v2\/comments?post=7177"}],"version-history":[{"count":5,"href":"https:\/\/segurosinteligentes.com.br\/oldrh\/wp-json\/wp\/v2\/posts\/7177\/revisions"}],"predecessor-version":[{"id":7187,"href":"https:\/\/segurosinteligentes.com.br\/oldrh\/wp-json\/wp\/v2\/posts\/7177\/revisions\/7187"}],"wp:featuredmedia":[{"embeddable":true,"href":"https:\/\/segurosinteligentes.com.br\/oldrh\/wp-json\/wp\/v2\/media\/7184"}],"wp:attachment":[{"href":"https:\/\/segurosinteligentes.com.br\/oldrh\/wp-json\/wp\/v2\/media?parent=7177"}],"wp:term":[{"taxonomy":"category","embeddable":true,"href":"https:\/\/segurosinteligentes.com.br\/oldrh\/wp-json\/wp\/v2\/categories?post=7177"},{"taxonomy":"post_tag","embeddable":true,"href":"https:\/\/segurosinteligentes.com.br\/oldrh\/wp-json\/wp\/v2\/tags?post=7177"}],"curies":[{"name":"wp","href":"https:\/\/api.w.org\/{rel}","templated":true}]}}