{"id":7109,"date":"2020-09-02T11:53:51","date_gmt":"2020-09-02T14:53:51","guid":{"rendered":"https:\/\/segurosinteligentes.com.br\/oldrh\/_old\/?p=7109"},"modified":"2020-09-10T13:34:16","modified_gmt":"2020-09-10T16:34:16","slug":"saude-mental-e-trabalho","status":"publish","type":"post","link":"https:\/\/segurosinteligentes.com.br\/oldrh\/saude-mental-e-trabalho\/","title":{"rendered":"Precisamos falar sobre Sa\u00fade Mental e Trabalho"},"content":{"rendered":"<p>[et_pb_section admin_label=&#8221;section&#8221; transparent_background=&#8221;on&#8221; background_color=&#8221;#ffffff&#8221; allow_player_pause=&#8221;off&#8221; inner_shadow=&#8221;off&#8221; parallax=&#8221;off&#8221; parallax_method=&#8221;off&#8221; padding_mobile=&#8221;on&#8221; make_fullwidth=&#8221;off&#8221; use_custom_width=&#8221;off&#8221; width_unit=&#8221;on&#8221; make_equal=&#8221;off&#8221; use_custom_gutter=&#8221;off&#8221; custom_padding=&#8221;0px||50px|&#8221;][et_pb_row admin_label=&#8221;row&#8221; make_fullwidth=&#8221;off&#8221; use_custom_width=&#8221;on&#8221; width_unit=&#8221;off&#8221; use_custom_gutter=&#8221;off&#8221; padding_mobile=&#8221;on&#8221; allow_player_pause=&#8221;off&#8221; parallax=&#8221;off&#8221; parallax_method=&#8221;off&#8221; make_equal=&#8221;off&#8221; parallax_1=&#8221;off&#8221; parallax_method_1=&#8221;off&#8221; parallax_2=&#8221;off&#8221; parallax_method_2=&#8221;off&#8221; column_padding_mobile=&#8221;on&#8221; custom_padding=&#8221;50px|35px|50px|35px&#8221; background_color=&#8221;#ffffff&#8221;][et_pb_column type=&#8221;2_3&#8243;][et_pb_text admin_label=&#8221;tag e data&#8221; background_layout=&#8221;light&#8221; text_orientation=&#8221;left&#8221; text_font=&#8221;|on|||&#8221; text_font_size=&#8221;16&#8243; text_text_color=&#8221;#9ec31e&#8221; text_line_height=&#8221;1.5em&#8221; use_border_color=&#8221;off&#8221; border_color=&#8221;#ffffff&#8221; border_style=&#8221;solid&#8221; custom_margin=&#8221;||0px|&#8221;]<\/p>\n<p>SA\u00daDE MENTAL | 02.SETEMBRO.2020<\/p>\n<h4><\/h4>\n<p>[\/et_pb_text][et_pb_text admin_label=&#8221;t\u00edtulo&#8221; background_layout=&#8221;light&#8221; text_orientation=&#8221;left&#8221; text_font=&#8221;|on|||&#8221; text_font_size=&#8221;32&#8243; text_text_color=&#8221;#495358&#8243; text_line_height=&#8221;1.3em&#8221; use_border_color=&#8221;off&#8221; border_color=&#8221;#ffffff&#8221; border_style=&#8221;solid&#8221;] Precisamos falar sobre Sa\u00fade Mental e Trabalho [\/et_pb_text][et_pb_text admin_label=&#8221;conte\u00fado&#8221; background_layout=&#8221;light&#8221; text_orientation=&#8221;left&#8221; text_font=&#8221;Open Sans||||&#8221; text_text_color=&#8221;#748690&#8243; text_line_height=&#8221;1.5em&#8221; use_border_color=&#8221;off&#8221; border_color=&#8221;#ffffff&#8221; border_style=&#8221;solid&#8221;]<\/p>\n<h5><em>Nem todas as doen\u00e7as mentais come\u00e7am no trabalho, mas todas elas afetam o trabalho.<\/em><\/h5>\n<h4><\/h4>\n<p>A preval\u00eancia de transtornos mentais em trabalhadores brasileiros est\u00e1 entre as mais altas do mundo. Essa condi\u00e7\u00e3o est\u00e1 associada a elevadas taxas de absente\u00edsmo e presente\u00edsmo nas empresas.<\/p>\n<p>Mais de 12 milh\u00f5es de brasileiros sofrem de depress\u00e3o, segundo dados da Organiza\u00e7\u00e3o Mundial da Sa\u00fade (OMS). Somos o pa\u00eds com o maior n\u00famero de casos na Am\u00e9rica Latina.<\/p>\n<p>Al\u00e9m de tudo isso, a <a href=\"https:\/\/segurosinteligentes.com.br\/oldrh\/_old\/category\/coronavirus\/\" target=\"_blank\" rel=\"noopener\">pandemia<\/a> criou um cen\u00e1rio totalmente novo, repercutindo nos relacionamentos interpessoais e nas rela\u00e7\u00f5es de trabalho. Com isso, diversos fatores estressantes afetaram as pessoas.<\/p>\n<p>Falar sobre sa\u00fade mental nas empresas\u00a0\u00e9 urgente, se quisermos um futuro mais saud\u00e1vel para as pessoas e sustent\u00e1vel para os neg\u00f3cios.<\/p>\n<div id=\"ebook-saude-e-trabalho-0ac729e2c3e796857ba6\" role=\"main\"><\/div>\n<p><script type=\"text\/javascript\" src=\"https:\/\/d335luupugsy2.cloudfront.net\/js\/rdstation-forms\/stable\/rdstation-forms.min.js\"><\/script><br \/>\n<script type=\"text\/javascript\"> new RDStationForms('ebook-saude-e-trabalho-0ac729e2c3e796857ba6', 'UA-48869759-13').createForm();<\/script><\/p>\n<blockquote><p><strong>Leia tamb\u00e9m:<\/strong><\/p>\n<p><a href=\"https:\/\/segurosinteligentes.com.br\/oldrh\/_old\/de-volta-ao-escritorio-ajude-sua-equipe-a-gerenciar-a-ansiedade\/\" target=\"_blank\" rel=\"noopener\">De volta ao escrit\u00f3rio: Ajude sua equipe a gerenciar a ansiedade<\/a><\/p>\n<p><a href=\"https:\/\/segurosinteligentes.com.br\/oldrh\/_old\/saudemental\/\" target=\"_blank\" rel=\"noopener\">Especial Sa\u00fade Mental: Maluco Beleza<\/a><\/p><\/blockquote>\n<div class=\"et_pb_text et_pb_module et_pb_bg_layout_light et_pb_text_align_left et_pb_text_2\"><\/div>\n<p><div class='et-box et-shadow'>\n\t\t\t\t\t<div class='et-box-content'>Siga a It&#8217;sSeg no\u00a0<a href=\"https:\/\/www.linkedin.com\/company\/it'sseg\/\" target=\"_blank\" rel=\"noopener\">LinkedIn<\/a>\u00a0e fique por dentro das novidades do Portal RH!<\/div><\/div> [\/et_pb_text][\/et_pb_column][et_pb_column type=&#8221;1_3&#8243;][et_pb_sidebar admin_label=&#8221;Barra Lateral&#8221; global_module=&#8221;399&#8243; orientation=&#8221;left&#8221; area=&#8221;sidebar-1&#8243; background_layout=&#8221;light&#8221; remove_border=&#8221;on&#8221; body_line_height=&#8221;1.5em&#8221; custom_css_widget=&#8221;margin-bottom: 30px !important;&#8221; saved_tabs=&#8221;all&#8221;] [\/et_pb_sidebar][\/et_pb_column][\/et_pb_row][\/et_pb_section][et_pb_section admin_label=&#8221;Se\u00e7\u00e3o&#8221; global_module=&#8221;93&#8243; fullwidth=&#8221;off&#8221; specialty=&#8221;off&#8221; transparent_background=&#8221;off&#8221; background_color=&#8221;#f9f9f9&#8243; allow_player_pause=&#8221;off&#8221; inner_shadow=&#8221;off&#8221; parallax=&#8221;off&#8221; parallax_method=&#8221;off&#8221; padding_mobile=&#8221;on&#8221; make_fullwidth=&#8221;off&#8221; use_custom_width=&#8221;off&#8221; width_unit=&#8221;on&#8221; make_equal=&#8221;off&#8221; use_custom_gutter=&#8221;off&#8221; custom_padding=&#8221;20px||20px|&#8221;][et_pb_row global_parent=&#8221;93&#8243; admin_label=&#8221;Linha&#8221; make_fullwidth=&#8221;on&#8221; use_custom_width=&#8221;off&#8221; width_unit=&#8221;on&#8221; use_custom_gutter=&#8221;on&#8221; gutter_width=&#8221;2&#8243; padding_mobile=&#8221;off&#8221; allow_player_pause=&#8221;off&#8221; parallax=&#8221;off&#8221; parallax_method=&#8221;off&#8221; make_equal=&#8221;off&#8221; parallax_1=&#8221;off&#8221; parallax_method_1=&#8221;off&#8221; parallax_2=&#8221;off&#8221; parallax_method_2=&#8221;off&#8221; parallax_3=&#8221;off&#8221; parallax_method_3=&#8221;off&#8221; column_padding_mobile=&#8221;on&#8221; module_class=&#8221;footer&#8221; module_id_1=&#8221;coluna_1&#8243; module_id_2=&#8221;coluna_2&#8243; module_id_3=&#8221;coluna_3&#8243; module_id=&#8221;footer_1&#8243;][et_pb_column type=&#8221;1_4&#8243;][et_pb_text global_parent=&#8221;93&#8243; admin_label=&#8221;logo it&#8217;sseg&#8221; background_layout=&#8221;light&#8221; text_orientation=&#8221;left&#8221; use_border_color=&#8221;off&#8221; border_color=&#8221;#ffffff&#8221; border_style=&#8221;solid&#8221;] <img decoding=\"async\" loading=\"lazy\" class=\"alignleft size-full wp-image-82\" src=\"https:\/\/segurosinteligentes.com.br\/oldrh\/_old\/wp-content\/uploads\/logo_itsseg_footer.png\" alt=\"logo_itsseg_footer\" width=\"270\" height=\"82\" \/> [\/et_pb_text][\/et_pb_column][et_pb_column type=&#8221;1_2&#8243;][et_pb_text global_parent=&#8221;93&#8243; admin_label=&#8221;copyright&#8221; background_layout=&#8221;light&#8221; text_orientation=&#8221;right&#8221; text_line_height=&#8221;1.5em&#8221; use_border_color=&#8221;off&#8221; border_color=&#8221;#ffffff&#8221; border_style=&#8221;solid&#8221; custom_padding=&#8221;|||20%&#8221; text_font=&#8221;Abel||||&#8221;] PORTAL RH IT\u2019SSEG \u00e9 uma publica\u00e7\u00e3o da It\u2019sSeg Seguros Inteligentes. N\u00e3o \u00e9 permitida a reprodu\u00e7\u00e3o do conte\u00fado, mesmo que parcial, para uso comercial de qualquer natureza. Confira <a href=\"https:\/\/segurosinteligentes.com.br\/oldrh\/_old\/politica-de-privacidade\/\" target=\"_blank\" rel=\"noopener\">aqui<\/a> nossa pol\u00edtica de privacidade. [\/et_pb_text][\/et_pb_column][et_pb_column type=&#8221;1_4&#8243;][et_pb_text global_parent=&#8221;93&#8243; admin_label=&#8221;logo portal&#8221; background_layout=&#8221;light&#8221; text_orientation=&#8221;right&#8221; use_border_color=&#8221;off&#8221; border_color=&#8221;#ffffff&#8221; border_style=&#8221;solid&#8221;] <img decoding=\"async\" loading=\"lazy\" class=\"alignright size-full wp-image-83\" src=\"https:\/\/segurosinteligentes.com.br\/oldrh\/_old\/wp-content\/uploads\/logo_portal_footer.png\" alt=\"logo_portal_footer\" width=\"270\" height=\"82\" \/> [\/et_pb_text][\/et_pb_column][\/et_pb_row][et_pb_row global_parent=&#8221;93&#8243; admin_label=&#8221;Linha&#8221; make_fullwidth=&#8221;on&#8221; use_custom_width=&#8221;off&#8221; width_unit=&#8221;on&#8221; use_custom_gutter=&#8221;on&#8221; gutter_width=&#8221;2&#8243; padding_mobile=&#8221;on&#8221; allow_player_pause=&#8221;off&#8221; parallax=&#8221;off&#8221; parallax_method=&#8221;off&#8221; make_equal=&#8221;off&#8221; parallax_1=&#8221;off&#8221; parallax_method_1=&#8221;off&#8221; parallax_2=&#8221;off&#8221; parallax_method_2=&#8221;off&#8221; parallax_3=&#8221;off&#8221; parallax_method_3=&#8221;off&#8221; column_padding_mobile=&#8221;on&#8221; module_id_2=&#8221;coluna_2&#8243; module_id_3=&#8221;coluna_3&#8243; module_id=&#8221;footer_2&#8243; custom_padding=&#8221;||0px|&#8221;][et_pb_column type=&#8221;4_4&#8243;][et_pb_text global_parent=&#8221;93&#8243; admin_label=&#8221;copyright&#8221; background_layout=&#8221;light&#8221; text_orientation=&#8221;center&#8221; text_line_height=&#8221;1.5em&#8221; use_border_color=&#8221;off&#8221; border_color=&#8221;#ffffff&#8221; border_style=&#8221;solid&#8221; text_font=&#8221;Abel||||&#8221;] PORTAL RH IT\u2019SSEG \u00e9 uma publica\u00e7\u00e3o da It\u2019sSeg Seguros Inteligentes. N\u00e3o \u00e9 permitida a reprodu\u00e7\u00e3o do conte\u00fado, mesmo que parcial, para uso comercial de qualquer natureza. Confira <a href=\"https:\/\/segurosinteligentes.com.br\/oldrh\/_old\/politica-de-privacidade\/\" target=\"_blank\" rel=\"noopener\">aqui<\/a> nossa pol\u00edtica de privacidade. [\/et_pb_text][\/et_pb_column][\/et_pb_row][et_pb_row global_parent=&#8221;93&#8243; admin_label=&#8221;Linha&#8221; make_fullwidth=&#8221;on&#8221; use_custom_width=&#8221;off&#8221; width_unit=&#8221;on&#8221; use_custom_gutter=&#8221;on&#8221; gutter_width=&#8221;2&#8243; padding_mobile=&#8221;off&#8221; allow_player_pause=&#8221;off&#8221; parallax=&#8221;off&#8221; parallax_method=&#8221;off&#8221; make_equal=&#8221;off&#8221; parallax_1=&#8221;off&#8221; parallax_method_1=&#8221;off&#8221; parallax_2=&#8221;off&#8221; parallax_method_2=&#8221;off&#8221; parallax_3=&#8221;off&#8221; parallax_method_3=&#8221;off&#8221; column_padding_mobile=&#8221;on&#8221; module_id_3=&#8221;coluna_3&#8243; module_id=&#8221;footer_2_2&#8243; custom_padding=&#8221;0px|||&#8221;][et_pb_column type=&#8221;1_2&#8243;][et_pb_text global_parent=&#8221;93&#8243; admin_label=&#8221;logo it&#8217;sseg&#8221; background_layout=&#8221;light&#8221; text_orientation=&#8221;left&#8221; use_border_color=&#8221;off&#8221; border_color=&#8221;#ffffff&#8221; border_style=&#8221;solid&#8221; module_id=&#8221;logo_itsseg_footer_1&#8243;] <img decoding=\"async\" loading=\"lazy\" src=\"https:\/\/segurosinteligentes.com.br\/oldrh\/_old\/wp-content\/uploads\/logo_itsseg_footer.png\" alt=\"logo_itsseg_footer\" width=\"270\" height=\"82\" \/> [\/et_pb_text][et_pb_text global_parent=&#8221;93&#8243; admin_label=&#8221;logo it&#8217;sseg&#8221; background_layout=&#8221;light&#8221; text_orientation=&#8221;center&#8221; use_border_color=&#8221;off&#8221; border_color=&#8221;#ffffff&#8221; border_style=&#8221;solid&#8221; module_id=&#8221;logo_itsseg_footer_2&#8243;] <img decoding=\"async\" loading=\"lazy\" src=\"https:\/\/segurosinteligentes.com.br\/oldrh\/_old\/wp-content\/uploads\/logo_footer_2.png\" alt=\"logo_footer_2\" width=\"70\" height=\"105\" \/> [\/et_pb_text][\/et_pb_column][et_pb_column type=&#8221;1_2&#8243;][et_pb_text global_parent=&#8221;93&#8243; admin_label=&#8221;logo portal&#8221; background_layout=&#8221;light&#8221; text_orientation=&#8221;right&#8221; use_border_color=&#8221;off&#8221; border_color=&#8221;#ffffff&#8221; border_style=&#8221;solid&#8221; module_id=&#8221;logo_portal_itsseg_footer_2&#8243;] <img decoding=\"async\" loading=\"lazy\" src=\"https:\/\/segurosinteligentes.com.br\/oldrh\/_old\/wp-content\/uploads\/logo_portal_footer-1.png\" alt=\"logo_portal_footer\" width=\"238\" height=\"62\" \/> [\/et_pb_text][\/et_pb_column][\/et_pb_row][\/et_pb_section]<\/p>\n","protected":false},"excerpt":{"rendered":"<p>Nem todas as doen\u00e7as mentais come\u00e7am no trabalho, mas todas elas afetam o trabalho.<\/p>\n","protected":false},"author":5,"featured_media":7112,"comment_status":"closed","ping_status":"closed","sticky":false,"template":"","format":"standard","meta":{"_et_pb_use_builder":"on","_et_pb_old_content":"","_et_gb_content_width":"","_links_to":"","_links_to_target":""},"categories":[307],"tags":[272],"_links":{"self":[{"href":"https:\/\/segurosinteligentes.com.br\/oldrh\/wp-json\/wp\/v2\/posts\/7109"}],"collection":[{"href":"https:\/\/segurosinteligentes.com.br\/oldrh\/wp-json\/wp\/v2\/posts"}],"about":[{"href":"https:\/\/segurosinteligentes.com.br\/oldrh\/wp-json\/wp\/v2\/types\/post"}],"author":[{"embeddable":true,"href":"https:\/\/segurosinteligentes.com.br\/oldrh\/wp-json\/wp\/v2\/users\/5"}],"replies":[{"embeddable":true,"href":"https:\/\/segurosinteligentes.com.br\/oldrh\/wp-json\/wp\/v2\/comments?post=7109"}],"version-history":[{"count":6,"href":"https:\/\/segurosinteligentes.com.br\/oldrh\/wp-json\/wp\/v2\/posts\/7109\/revisions"}],"predecessor-version":[{"id":7118,"href":"https:\/\/segurosinteligentes.com.br\/oldrh\/wp-json\/wp\/v2\/posts\/7109\/revisions\/7118"}],"wp:featuredmedia":[{"embeddable":true,"href":"https:\/\/segurosinteligentes.com.br\/oldrh\/wp-json\/wp\/v2\/media\/7112"}],"wp:attachment":[{"href":"https:\/\/segurosinteligentes.com.br\/oldrh\/wp-json\/wp\/v2\/media?parent=7109"}],"wp:term":[{"taxonomy":"category","embeddable":true,"href":"https:\/\/segurosinteligentes.com.br\/oldrh\/wp-json\/wp\/v2\/categories?post=7109"},{"taxonomy":"post_tag","embeddable":true,"href":"https:\/\/segurosinteligentes.com.br\/oldrh\/wp-json\/wp\/v2\/tags?post=7109"}],"curies":[{"name":"wp","href":"https:\/\/api.w.org\/{rel}","templated":true}]}}