{"id":6978,"date":"2020-08-14T15:35:02","date_gmt":"2020-08-14T18:35:02","guid":{"rendered":"https:\/\/segurosinteligentes.com.br\/oldrh\/_old\/?p=6978"},"modified":"2020-08-20T14:20:05","modified_gmt":"2020-08-20T17:20:05","slug":"teste-de-covid-ans-coberturas-obrigatorias","status":"publish","type":"post","link":"https:\/\/segurosinteligentes.com.br\/oldrh\/teste-de-covid-ans-coberturas-obrigatorias\/","title":{"rendered":"Teste de Covid-19: ANS inclui exame na lista de coberturas obrigat\u00f3rias"},"content":{"rendered":"<p>[et_pb_section admin_label=&#8221;section&#8221; transparent_background=&#8221;on&#8221; background_color=&#8221;#ffffff&#8221; allow_player_pause=&#8221;off&#8221; inner_shadow=&#8221;off&#8221; parallax=&#8221;off&#8221; parallax_method=&#8221;off&#8221; padding_mobile=&#8221;on&#8221; make_fullwidth=&#8221;off&#8221; use_custom_width=&#8221;off&#8221; width_unit=&#8221;on&#8221; make_equal=&#8221;off&#8221; use_custom_gutter=&#8221;off&#8221; custom_padding=&#8221;0px||50px|&#8221;][et_pb_row admin_label=&#8221;row&#8221; make_fullwidth=&#8221;off&#8221; use_custom_width=&#8221;on&#8221; width_unit=&#8221;off&#8221; use_custom_gutter=&#8221;off&#8221; padding_mobile=&#8221;on&#8221; allow_player_pause=&#8221;off&#8221; parallax=&#8221;off&#8221; parallax_method=&#8221;off&#8221; make_equal=&#8221;off&#8221; parallax_1=&#8221;off&#8221; parallax_method_1=&#8221;off&#8221; parallax_2=&#8221;off&#8221; parallax_method_2=&#8221;off&#8221; column_padding_mobile=&#8221;on&#8221; custom_padding=&#8221;50px|35px|50px|35px&#8221; background_color=&#8221;#ffffff&#8221;][et_pb_column type=&#8221;2_3&#8243;][et_pb_text admin_label=&#8221;tag e data&#8221; background_layout=&#8221;light&#8221; text_orientation=&#8221;left&#8221; text_font=&#8221;|on|||&#8221; text_font_size=&#8221;16&#8243; text_text_color=&#8221;#9ec31e&#8221; text_line_height=&#8221;1.5em&#8221; use_border_color=&#8221;off&#8221; border_color=&#8221;#ffffff&#8221; border_style=&#8221;solid&#8221; custom_margin=&#8221;||0px|&#8221;]<\/p>\n<p>SEUS DIREITOS | 14.AGOSTO.2020<\/p>\n<h4><\/h4>\n<p>[\/et_pb_text][et_pb_text admin_label=&#8221;t\u00edtulo&#8221; background_layout=&#8221;light&#8221; text_orientation=&#8221;left&#8221; text_font=&#8221;|on|||&#8221; text_font_size=&#8221;32&#8243; text_text_color=&#8221;#495358&#8243; text_line_height=&#8221;1em&#8221; use_border_color=&#8221;off&#8221; border_color=&#8221;#ffffff&#8221; border_style=&#8221;solid&#8221;]<\/p>\n<p>Teste de Covid-19: ANS inclui exame na lista de coberturas obrigat\u00f3rias<\/p>\n<p>[\/et_pb_text][et_pb_text admin_label=&#8221;conte\u00fado&#8221; background_layout=&#8221;light&#8221; text_orientation=&#8221;left&#8221; text_font=&#8221;Open Sans||||&#8221; text_text_color=&#8221;#748690&#8243; text_line_height=&#8221;1.5em&#8221; use_border_color=&#8221;off&#8221; border_color=&#8221;#ffffff&#8221; border_style=&#8221;solid&#8221;]<\/p>\n<p>Os planos de sa\u00fade ter\u00e3o que cobrir os testes sorol\u00f3gicos para detec\u00e7\u00e3o do <a href=\"https:\/\/segurosinteligentes.com.br\/oldrh\/_old\/coronavirus\" target=\"_blank\" rel=\"noopener\">coronav\u00edrus<\/a>.\u00a0Depois de idas e vindas, a norma foi aprovada pela Ag\u00eancia Nacional de Sa\u00fade Suplementar (ANS) nesta quinta-feira (13). A medida passa a valer a partir de 14 de agosto, com a publica\u00e7\u00e3o da Resolu\u00e7\u00e3o Normativa no Di\u00e1rio Oficial da Uni\u00e3o.<\/p>\n<p>Os procedimentos incorporados s\u00e3o a pesquisa de anticorpos IgG ou anticorpos totais, que passam a ter cobertura obrigat\u00f3ria para os benefici\u00e1rios de planos de sa\u00fade <strong>a partir do oitavo dia do in\u00edcio dos sintomas<\/strong>, conforme solicita\u00e7\u00e3o m\u00e9dica. O exame n\u00e3o detecta infec\u00e7\u00f5es em est\u00e1gio inicial ou ap\u00f3s a cura da doen\u00e7a.<\/p>\n<p>O teste sorol\u00f3gico j\u00e1 havia sido coberto pelas operadoras por decis\u00e3o judicial, entre 26 de junho e 14 de julho, quando a medida foi derrubada pelo Tribunal Regional Federal da 5\u00aa Regi\u00e3o. Dois dias depois, em decis\u00e3o un\u00e2nime, a ANS suspendeu a Resolu\u00e7\u00e3o 458, que inclu\u00eda o procedimento no rol de coberturas obrigat\u00f3rias dos planos de sa\u00fade, e convocou uma audi\u00eancia p\u00fablica, no dia 24\/08, para debater o tema.<\/p>\n<h4><\/h4>\n<h4>Crit\u00e9rios de exclus\u00e3o da cobertura<\/h4>\n<ul>\n<li>Quem tiver exame de RT-PCR pr\u00e9vio positivo para coronav\u00edrus;<\/li>\n<li>Pacientes que j\u00e1 tenham realizado o teste sorol\u00f3gico, com resultado positivo;<\/li>\n<li>Pacientes que tenham realizado o teste sorol\u00f3gico, com resultado negativo, h\u00e1 menos de um semana (exceto para crian\u00e7as e adolescentes com quadro de S\u00edndrome Multissist\u00eamica Inflamat\u00f3ria);<\/li>\n<li>Testes r\u00e1pidos;<\/li>\n<li>Pacientes cuja prescri\u00e7\u00e3o tem finalidade de triagem para retorno ao trabalho, pr\u00e9-operat\u00f3rio, controle de cura ou contato pr\u00f3ximo\/domiciliar com caso confirmado e verifica\u00e7\u00e3o de imunidade p\u00f3s-vacinal.<\/li>\n<\/ul>\n<p>Desde mar\u00e7o, os planos de sa\u00fade s\u00e3o obrigados a cobrir o <a href=\"https:\/\/segurosinteligentes.com.br\/oldrh\/_old\/os-testes-laboratoriais-para-detectar-o-novo-coronavirus\/\" target=\"_blank\" rel=\"noopener\">exame RT-PCR<\/a>, que identifica a presen\u00e7a do material gen\u00e9tico do v\u00edrus e pode diagnosticar a Covid-19 ainda em est\u00e1gio inicial.<\/p>\n<blockquote><p><strong>Leia tamb\u00e9m:<\/strong><\/p>\n<p><a href=\"https:\/\/segurosinteligentes.com.br\/oldrh\/_old\/covid19-cobertura-planos-de-saude\/\" target=\"_blank\" rel=\"noopener\">Covid-19: Quais exames foram inclu\u00eddos na cobertura dos planos de sa\u00fade?<\/a><\/p>\n<p><a href=\"https:\/\/segurosinteligentes.com.br\/oldrh\/_old\/teste-sorologico-entenda-exame\/\" target=\"_blank\" rel=\"noopener\">Teste Sorol\u00f3gico: entenda o exame para detec\u00e7\u00e3o da Covid-19<\/a><\/p><\/blockquote>\n<div class='et-box et-shadow'>\n\t\t\t\t\t<div class='et-box-content'>Siga a It&#8217;sSeg no\u00a0<a href=\"https:\/\/www.linkedin.com\/company\/it'sseg\/\" target=\"_blank\" rel=\"noopener\">LinkedIn<\/a>\u00a0e acompanhe as novidades do Portal RH!<\/div><\/div>\n<p>[\/et_pb_text][\/et_pb_column][et_pb_column type=&#8221;1_3&#8243;][et_pb_sidebar admin_label=&#8221;Barra Lateral&#8221; global_module=&#8221;399&#8243; orientation=&#8221;left&#8221; area=&#8221;sidebar-1&#8243; background_layout=&#8221;light&#8221; remove_border=&#8221;on&#8221; body_line_height=&#8221;1.5em&#8221; custom_css_widget=&#8221;margin-bottom: 30px !important;&#8221; saved_tabs=&#8221;all&#8221;]<br \/>\n[\/et_pb_sidebar][\/et_pb_column][\/et_pb_row][\/et_pb_section][et_pb_section admin_label=&#8221;Se\u00e7\u00e3o&#8221; global_module=&#8221;93&#8243; fullwidth=&#8221;off&#8221; specialty=&#8221;off&#8221; transparent_background=&#8221;off&#8221; background_color=&#8221;#f9f9f9&#8243; allow_player_pause=&#8221;off&#8221; inner_shadow=&#8221;off&#8221; parallax=&#8221;off&#8221; parallax_method=&#8221;off&#8221; padding_mobile=&#8221;on&#8221; make_fullwidth=&#8221;off&#8221; use_custom_width=&#8221;off&#8221; width_unit=&#8221;on&#8221; make_equal=&#8221;off&#8221; use_custom_gutter=&#8221;off&#8221; custom_padding=&#8221;20px||20px|&#8221;][et_pb_row global_parent=&#8221;93&#8243; admin_label=&#8221;Linha&#8221; make_fullwidth=&#8221;on&#8221; use_custom_width=&#8221;off&#8221; width_unit=&#8221;on&#8221; use_custom_gutter=&#8221;on&#8221; gutter_width=&#8221;2&#8243; padding_mobile=&#8221;off&#8221; allow_player_pause=&#8221;off&#8221; parallax=&#8221;off&#8221; parallax_method=&#8221;off&#8221; make_equal=&#8221;off&#8221; parallax_1=&#8221;off&#8221; parallax_method_1=&#8221;off&#8221; parallax_2=&#8221;off&#8221; parallax_method_2=&#8221;off&#8221; parallax_3=&#8221;off&#8221; parallax_method_3=&#8221;off&#8221; column_padding_mobile=&#8221;on&#8221; module_class=&#8221;footer&#8221; module_id_1=&#8221;coluna_1&#8243; module_id_2=&#8221;coluna_2&#8243; module_id_3=&#8221;coluna_3&#8243; module_id=&#8221;footer_1&#8243;][et_pb_column type=&#8221;1_4&#8243;][et_pb_text global_parent=&#8221;93&#8243; admin_label=&#8221;logo it&#8217;sseg&#8221; background_layout=&#8221;light&#8221; text_orientation=&#8221;left&#8221; use_border_color=&#8221;off&#8221; border_color=&#8221;#ffffff&#8221; border_style=&#8221;solid&#8221;] <img decoding=\"async\" loading=\"lazy\" class=\"alignleft size-full wp-image-82\" src=\"https:\/\/segurosinteligentes.com.br\/oldrh\/_old\/wp-content\/uploads\/logo_itsseg_footer.png\" alt=\"logo_itsseg_footer\" width=\"270\" height=\"82\" \/> [\/et_pb_text][\/et_pb_column][et_pb_column type=&#8221;1_2&#8243;][et_pb_text global_parent=&#8221;93&#8243; admin_label=&#8221;copyright&#8221; background_layout=&#8221;light&#8221; text_orientation=&#8221;right&#8221; text_line_height=&#8221;1.5em&#8221; use_border_color=&#8221;off&#8221; border_color=&#8221;#ffffff&#8221; border_style=&#8221;solid&#8221; custom_padding=&#8221;|||20%&#8221; text_font=&#8221;Abel||||&#8221;] PORTAL RH IT\u2019SSEG \u00e9 uma publica\u00e7\u00e3o da It\u2019sSeg Seguros Inteligentes. N\u00e3o \u00e9 permitida a reprodu\u00e7\u00e3o do conte\u00fado, mesmo que parcial, para uso comercial de qualquer natureza. Confira <a href=\"https:\/\/segurosinteligentes.com.br\/oldrh\/_old\/politica-de-privacidade\/\" target=\"_blank\" rel=\"noopener\">aqui<\/a> nossa pol\u00edtica de privacidade. [\/et_pb_text][\/et_pb_column][et_pb_column type=&#8221;1_4&#8243;][et_pb_text global_parent=&#8221;93&#8243; admin_label=&#8221;logo portal&#8221; background_layout=&#8221;light&#8221; text_orientation=&#8221;right&#8221; use_border_color=&#8221;off&#8221; border_color=&#8221;#ffffff&#8221; border_style=&#8221;solid&#8221;] <img decoding=\"async\" loading=\"lazy\" class=\"alignright size-full wp-image-83\" src=\"https:\/\/segurosinteligentes.com.br\/oldrh\/_old\/wp-content\/uploads\/logo_portal_footer.png\" alt=\"logo_portal_footer\" width=\"270\" height=\"82\" \/> [\/et_pb_text][\/et_pb_column][\/et_pb_row][et_pb_row global_parent=&#8221;93&#8243; admin_label=&#8221;Linha&#8221; make_fullwidth=&#8221;on&#8221; use_custom_width=&#8221;off&#8221; width_unit=&#8221;on&#8221; use_custom_gutter=&#8221;on&#8221; gutter_width=&#8221;2&#8243; padding_mobile=&#8221;on&#8221; allow_player_pause=&#8221;off&#8221; parallax=&#8221;off&#8221; parallax_method=&#8221;off&#8221; make_equal=&#8221;off&#8221; parallax_1=&#8221;off&#8221; parallax_method_1=&#8221;off&#8221; parallax_2=&#8221;off&#8221; parallax_method_2=&#8221;off&#8221; parallax_3=&#8221;off&#8221; parallax_method_3=&#8221;off&#8221; column_padding_mobile=&#8221;on&#8221; module_id_2=&#8221;coluna_2&#8243; module_id_3=&#8221;coluna_3&#8243; module_id=&#8221;footer_2&#8243; custom_padding=&#8221;||0px|&#8221;][et_pb_column type=&#8221;4_4&#8243;][et_pb_text global_parent=&#8221;93&#8243; admin_label=&#8221;copyright&#8221; background_layout=&#8221;light&#8221; text_orientation=&#8221;center&#8221; text_line_height=&#8221;1.5em&#8221; use_border_color=&#8221;off&#8221; border_color=&#8221;#ffffff&#8221; border_style=&#8221;solid&#8221; text_font=&#8221;Abel||||&#8221;] PORTAL RH IT\u2019SSEG \u00e9 uma publica\u00e7\u00e3o da It\u2019sSeg Seguros Inteligentes. N\u00e3o \u00e9 permitida a reprodu\u00e7\u00e3o do conte\u00fado, mesmo que parcial, para uso comercial de qualquer natureza. Confira <a href=\"https:\/\/segurosinteligentes.com.br\/oldrh\/_old\/politica-de-privacidade\/\" target=\"_blank\" rel=\"noopener\">aqui<\/a> nossa pol\u00edtica de privacidade. [\/et_pb_text][\/et_pb_column][\/et_pb_row][et_pb_row global_parent=&#8221;93&#8243; admin_label=&#8221;Linha&#8221; make_fullwidth=&#8221;on&#8221; use_custom_width=&#8221;off&#8221; width_unit=&#8221;on&#8221; use_custom_gutter=&#8221;on&#8221; gutter_width=&#8221;2&#8243; padding_mobile=&#8221;off&#8221; allow_player_pause=&#8221;off&#8221; parallax=&#8221;off&#8221; parallax_method=&#8221;off&#8221; make_equal=&#8221;off&#8221; parallax_1=&#8221;off&#8221; parallax_method_1=&#8221;off&#8221; parallax_2=&#8221;off&#8221; parallax_method_2=&#8221;off&#8221; parallax_3=&#8221;off&#8221; parallax_method_3=&#8221;off&#8221; column_padding_mobile=&#8221;on&#8221; module_id_3=&#8221;coluna_3&#8243; module_id=&#8221;footer_2_2&#8243; custom_padding=&#8221;0px|||&#8221;][et_pb_column type=&#8221;1_2&#8243;][et_pb_text global_parent=&#8221;93&#8243; admin_label=&#8221;logo it&#8217;sseg&#8221; background_layout=&#8221;light&#8221; text_orientation=&#8221;left&#8221; use_border_color=&#8221;off&#8221; border_color=&#8221;#ffffff&#8221; border_style=&#8221;solid&#8221; module_id=&#8221;logo_itsseg_footer_1&#8243;] <img decoding=\"async\" loading=\"lazy\" src=\"https:\/\/segurosinteligentes.com.br\/oldrh\/_old\/wp-content\/uploads\/logo_itsseg_footer.png\" alt=\"logo_itsseg_footer\" width=\"270\" height=\"82\" \/> [\/et_pb_text][et_pb_text global_parent=&#8221;93&#8243; admin_label=&#8221;logo it&#8217;sseg&#8221; background_layout=&#8221;light&#8221; text_orientation=&#8221;center&#8221; use_border_color=&#8221;off&#8221; border_color=&#8221;#ffffff&#8221; border_style=&#8221;solid&#8221; module_id=&#8221;logo_itsseg_footer_2&#8243;] <img decoding=\"async\" loading=\"lazy\" src=\"https:\/\/segurosinteligentes.com.br\/oldrh\/_old\/wp-content\/uploads\/logo_footer_2.png\" alt=\"logo_footer_2\" width=\"70\" height=\"105\" \/> [\/et_pb_text][\/et_pb_column][et_pb_column type=&#8221;1_2&#8243;][et_pb_text global_parent=&#8221;93&#8243; admin_label=&#8221;logo portal&#8221; background_layout=&#8221;light&#8221; text_orientation=&#8221;right&#8221; use_border_color=&#8221;off&#8221; border_color=&#8221;#ffffff&#8221; border_style=&#8221;solid&#8221; module_id=&#8221;logo_portal_itsseg_footer_2&#8243;] <img decoding=\"async\" loading=\"lazy\" src=\"https:\/\/segurosinteligentes.com.br\/oldrh\/_old\/wp-content\/uploads\/logo_portal_footer-1.png\" alt=\"logo_portal_footer\" width=\"238\" height=\"62\" \/> [\/et_pb_text][\/et_pb_column][\/et_pb_row][\/et_pb_section]<\/p>\n","protected":false},"excerpt":{"rendered":"<p>Ap\u00f3s muitas idas e vindas, a norma foi aprovada pela Ag\u00eancia Nacional de Sa\u00fade Suplementar (ANS) nesta quinta-feira. A regra, no entanto, restringe a cobertura dos testes sorol\u00f3gicos.<\/p>\n","protected":false},"author":5,"featured_media":7007,"comment_status":"closed","ping_status":"closed","sticky":false,"template":"","format":"standard","meta":{"_et_pb_use_builder":"on","_et_pb_old_content":"","_et_gb_content_width":"","_links_to":"","_links_to_target":""},"categories":[287,13],"tags":[12],"_links":{"self":[{"href":"https:\/\/segurosinteligentes.com.br\/oldrh\/wp-json\/wp\/v2\/posts\/6978"}],"collection":[{"href":"https:\/\/segurosinteligentes.com.br\/oldrh\/wp-json\/wp\/v2\/posts"}],"about":[{"href":"https:\/\/segurosinteligentes.com.br\/oldrh\/wp-json\/wp\/v2\/types\/post"}],"author":[{"embeddable":true,"href":"https:\/\/segurosinteligentes.com.br\/oldrh\/wp-json\/wp\/v2\/users\/5"}],"replies":[{"embeddable":true,"href":"https:\/\/segurosinteligentes.com.br\/oldrh\/wp-json\/wp\/v2\/comments?post=6978"}],"version-history":[{"count":11,"href":"https:\/\/segurosinteligentes.com.br\/oldrh\/wp-json\/wp\/v2\/posts\/6978\/revisions"}],"predecessor-version":[{"id":7018,"href":"https:\/\/segurosinteligentes.com.br\/oldrh\/wp-json\/wp\/v2\/posts\/6978\/revisions\/7018"}],"wp:featuredmedia":[{"embeddable":true,"href":"https:\/\/segurosinteligentes.com.br\/oldrh\/wp-json\/wp\/v2\/media\/7007"}],"wp:attachment":[{"href":"https:\/\/segurosinteligentes.com.br\/oldrh\/wp-json\/wp\/v2\/media?parent=6978"}],"wp:term":[{"taxonomy":"category","embeddable":true,"href":"https:\/\/segurosinteligentes.com.br\/oldrh\/wp-json\/wp\/v2\/categories?post=6978"},{"taxonomy":"post_tag","embeddable":true,"href":"https:\/\/segurosinteligentes.com.br\/oldrh\/wp-json\/wp\/v2\/tags?post=6978"}],"curies":[{"name":"wp","href":"https:\/\/api.w.org\/{rel}","templated":true}]}}