{"id":6941,"date":"2020-08-06T13:57:00","date_gmt":"2020-08-06T16:57:00","guid":{"rendered":"https:\/\/segurosinteligentes.com.br\/oldrh\/_old\/?p=6941"},"modified":"2020-08-06T13:57:00","modified_gmt":"2020-08-06T16:57:00","slug":"como-o-coronavirus-pode-mudar-os-escritorios","status":"publish","type":"post","link":"https:\/\/segurosinteligentes.com.br\/oldrh\/como-o-coronavirus-pode-mudar-os-escritorios\/","title":{"rendered":"Como o coronav\u00edrus pode mudar os escrit\u00f3rios"},"content":{"rendered":"<p>[et_pb_section admin_label=&#8221;section&#8221; transparent_background=&#8221;on&#8221; background_color=&#8221;#ffffff&#8221; allow_player_pause=&#8221;off&#8221; inner_shadow=&#8221;off&#8221; parallax=&#8221;off&#8221; parallax_method=&#8221;off&#8221; padding_mobile=&#8221;on&#8221; make_fullwidth=&#8221;off&#8221; use_custom_width=&#8221;off&#8221; width_unit=&#8221;on&#8221; make_equal=&#8221;off&#8221; use_custom_gutter=&#8221;off&#8221; custom_padding=&#8221;0px||50px|&#8221;][et_pb_row admin_label=&#8221;row&#8221; make_fullwidth=&#8221;off&#8221; use_custom_width=&#8221;on&#8221; width_unit=&#8221;off&#8221; use_custom_gutter=&#8221;off&#8221; padding_mobile=&#8221;on&#8221; allow_player_pause=&#8221;off&#8221; parallax=&#8221;off&#8221; parallax_method=&#8221;off&#8221; make_equal=&#8221;off&#8221; parallax_1=&#8221;off&#8221; parallax_method_1=&#8221;off&#8221; parallax_2=&#8221;off&#8221; parallax_method_2=&#8221;off&#8221; column_padding_mobile=&#8221;on&#8221; custom_padding=&#8221;50px|35px|50px|35px&#8221; background_color=&#8221;#ffffff&#8221;][et_pb_column type=&#8221;2_3&#8243;][et_pb_text admin_label=&#8221;tag e data&#8221; background_layout=&#8221;light&#8221; text_orientation=&#8221;left&#8221; text_font=&#8221;|on|||&#8221; text_font_size=&#8221;16&#8243; text_text_color=&#8221;#9ec31e&#8221; text_line_height=&#8221;1.5em&#8221; use_border_color=&#8221;off&#8221; border_color=&#8221;#ffffff&#8221; border_style=&#8221;solid&#8221; custom_margin=&#8221;||0px|&#8221;]<\/p>\n<p>PANDEMIA | 05.AGOSTO.2020<\/p>\n<h4><\/h4>\n<p>[\/et_pb_text][et_pb_text admin_label=&#8221;t\u00edtulo&#8221; background_layout=&#8221;light&#8221; text_orientation=&#8221;left&#8221; text_font=&#8221;|on|||&#8221; text_font_size=&#8221;32&#8243; text_text_color=&#8221;#495358&#8243; text_line_height=&#8221;1em&#8221; use_border_color=&#8221;off&#8221; border_color=&#8221;#ffffff&#8221; border_style=&#8221;solid&#8221;]<\/p>\n<p>Como o coronav\u00edrus pode mudar os escrit\u00f3rios<\/p>\n<p>[\/et_pb_text][et_pb_text admin_label=&#8221;conte\u00fado&#8221; background_layout=&#8221;light&#8221; text_orientation=&#8221;left&#8221; text_font=&#8221;Open Sans||||&#8221; text_text_color=&#8221;#748690&#8243; text_line_height=&#8221;1.5em&#8221; use_border_color=&#8221;off&#8221; border_color=&#8221;#ffffff&#8221; border_style=&#8221;solid&#8221;]<\/p>\n<p>Grande parte da arquitetura modernista, reconhecida por suas longas fachadas de janelas amplas, salas de cores claras e terra\u00e7os largos com grandes grades a sua volta, pode ser entendida como uma consequ\u00eancia do medo da tuberculose. A doen\u00e7a foi uma das preocupa\u00e7\u00f5es mais urgentes de sa\u00fade no in\u00edcio do s\u00e9culo 20. As escolhas de material e design n\u00e3o eram apenas esteticamente elegantes, funcionavam como instrumento m\u00e9dico, erradicando salas escuras e cantos empoeirados.<\/p>\n<h4><\/h4>\n<h4>Os escrit\u00f3rios talvez n\u00e3o sejam os mesmos ap\u00f3s a pandemia<\/h4>\n<p>Conforme as empresas preparam o retorno dos funcion\u00e1rios, muitas consideram adotar grandes e pequenas mudan\u00e7as na cultura e no local de trabalho. O escrit\u00f3rio corporativo moderno, conhecido por espa\u00e7os abertos e colaborativos, com caf\u00e9s internos e mesas lado a lado, pode contar com um novo item obrigat\u00f3rio: as barreiras de acr\u00edlico.<\/p>\n<p>A divis\u00f3ria, que pode ser embutida na mesa, \u00e9 uma das muitas alternativas sendo consideradas nos escrit\u00f3rios. As reformas tamb\u00e9m podem incluir: postos para higieniza\u00e7\u00e3o das m\u00e3os, filtros de ar que empurram o ar para baixo e n\u00e3o para cima, espa\u00e7os de encontro ao ar livre para permitir a colabora\u00e7\u00e3o com menos riscos de transmiss\u00e3o viral e janelas que realmente se abrem, para um fluxo de ar mais livre.<\/p>\n<p>A conversa sobre como reconfigurar o local de trabalho est\u00e1 acontecendo em todos os neg\u00f3cios, desde pequenas empresas at\u00e9 grandes corpora\u00e7\u00f5es, pendendo para a volta de um conceito que estava afastado do design de interiores desde os anos 60: privacidade.<\/p>\n<p>Segundo Jeroen Lokerse, diretor administrativo do conglomerado imobili\u00e1rio internacional Cushman &amp; Wakefield na Holanda, a visualiza\u00e7\u00e3o \u00e9 essencial para garantir que as pessoas se sintam seguras. &#8220;Se voc\u00ea quiser mudar os h\u00e1bitos das pessoas de estar pr\u00f3ximo, precisa ter diretrizes muito claras&#8221;, disse em entrevista ao New York Times.<\/p>\n<p>Lokerse liderou uma r\u00e1pida reformula\u00e7\u00e3o do escrit\u00f3rio da empresa para incentivar uma melhor higiene e distanciamento social. O objetivo \u00e9 garantir que 1 metro e oitenta, medida recomendada para um distanciamento seguro, permane\u00e7a entre as pessoas o tempo todo. Esse comportamento \u00e9 incentivado por meio de m\u00f3veis espa\u00e7ados, mas tamb\u00e9m por sinais visuais, como c\u00edrculos ao redor de cada mesa para delimitar a dist\u00e2ncia ideal.<\/p>\n<div id=\"attachment_6942\" style=\"width: 807px\" class=\"wp-caption alignnone\"><img decoding=\"async\" loading=\"lazy\" aria-describedby=\"caption-attachment-6942\" class=\" wp-image-6942\" src=\"https:\/\/segurosinteligentes.com.br\/oldrh\/_old\/wp-content\/uploads\/6fo-video-desktop.jpg\" alt=\"\" width=\"797\" height=\"353\" srcset=\"https:\/\/segurosinteligentes.com.br\/oldrh\/wp-content\/uploads\/6fo-video-desktop.jpg 2352w, https:\/\/segurosinteligentes.com.br\/oldrh\/wp-content\/uploads\/6fo-video-desktop-300x133.jpg 300w, https:\/\/segurosinteligentes.com.br\/oldrh\/wp-content\/uploads\/6fo-video-desktop-1024x453.jpg 1024w, https:\/\/segurosinteligentes.com.br\/oldrh\/wp-content\/uploads\/6fo-video-desktop-1920x849.jpg 1920w\" sizes=\"(max-width: 797px) 100vw, 797px\" \/><p id=\"caption-attachment-6942\" class=\"wp-caption-text\">Foto: Cushman &amp; Wakefield<\/p><\/div>\n<p>&nbsp;<\/p>\n<p>Usando setas no ch\u00e3o, os funcion\u00e1rios s\u00e3o incentivados a andar nas ruas do escrit\u00f3rio apenas no sentido hor\u00e1rio. Esse tr\u00e1fego de m\u00e3o \u00fanica \u00e9 utilizado pelos profissionais da sa\u00fade para ajudar a evitar a propaga\u00e7\u00e3o de doen\u00e7as infecciosas. Tudo isso equivale a um infogr\u00e1fico em tamanho real: voc\u00ea deve permanecer distante.<\/p>\n<h4><\/h4>\n<h4>Mas \u00e9 suficiente para impedir a propaga\u00e7\u00e3o da covid-19?<\/h4>\n<p>Embora as ideias sejam promissoras, ainda \u00e9 cedo para dizer se um escrit\u00f3rio como o projetado pela Cushman &amp; Wakefield ser\u00e1 suficiente para conter um v\u00edrus t\u00e3o contagioso quanto o <a href=\"https:\/\/segurosinteligentes.com.br\/oldrh\/_old\/coronavirus\/\" target=\"_blank\" rel=\"noopener\">coronav\u00edrus<\/a>. Quem tem esperan\u00e7a que o risco de cont\u00e1gio diminua para zero, pode deixar de sonhar.<\/p>\n<p>As mudan\u00e7as, entretanto, podem realmente gerar espa\u00e7os mais seguros. Muito do que sabemos sobre a transmiss\u00e3o de doen\u00e7as no local de trabalho vem de estudos sobre a gripe, que compartilha semelhan\u00e7as com a covid-19. Uma an\u00e1lise de 2016 descobriu que cerca de 16% da transmiss\u00e3o da gripe acontece nos escrit\u00f3rios.<\/p>\n<p>Nesse sentido, outra pesquisa mostrou que uma das melhores maneiras de reduzir o risco de transmiss\u00e3o no trabalho \u00e9 oferecer licen\u00e7a m\u00e9dica remunerada e incentivar os funcion\u00e1rios doentes a ficarem em casa. Outro passo b\u00e1sico \u00e9 diminuir o n\u00famero de pessoas.<\/p>\n<p>Al\u00e9m disso, a filtragem de ar foi uma importante li\u00e7\u00e3o aprendida com a China. Os edif\u00edcios chineses est\u00e3o h\u00e1 v\u00e1rios anos sendo constru\u00eddos com sistemas de ventila\u00e7\u00e3o de alta qualidade, o que permitiu uma volta r\u00e1pida dos trabalhadores para os escrit\u00f3rios durante a pandemia.<\/p>\n<h4><\/h4>\n<h4>Em que tipo de espa\u00e7o estamos dispostos a trabalhar agora?<\/h4>\n<p>Por enquanto, proteger os escrit\u00f3rios pode significar n\u00e3o ter mesas compartilhadas, assentos muito pr\u00f3ximos ou caf\u00e9s onde as pessoas se re\u00fanem. E reconfigurar a ventila\u00e7\u00e3o do pr\u00e9dio para um ar mais limpo e saud\u00e1vel.<\/p>\n<p>Para empresas menores, as mudan\u00e7as podem ser mais modestas, como criar espa\u00e7o f\u00edsico ou barreiras entre funcion\u00e1rios que se sentam juntos. Mas a seguran\u00e7a exigir\u00e1 mais do que escudos de pl\u00e1stico; as pessoas querem ter uma colabora\u00e7\u00e3o segura. Uma comunica\u00e7\u00e3o clara e consistente a respeito dos protocolos adotados \u00e9 fundamental para que as pessoas possam mudar h\u00e1bitos antigos.<\/p>\n<p>No final, a solu\u00e7\u00e3o ainda pode ser incentivar que muitos funcion\u00e1rios continuem trabalhando em casa. A alternativa tem dois prop\u00f3sitos: manter as pessoas seguras e economizar dinheiro. \u00c0 medida que as pessoas provam que s\u00e3o produtivas remotamente, elas se tornam menos tolerantes com locais de trabalho que n\u00e3o promovem sa\u00fade e bem-estar.<\/p>\n<p>&nbsp;<\/p>\n<div class='et-box et-shadow'>\n\t\t\t\t\t<div class='et-box-content'>Siga a It&#8217;sSeg no\u00a0<a href=\"https:\/\/www.linkedin.com\/company\/it'sseg\/\" target=\"_blank\" rel=\"noopener\">LinkedIn<\/a>\u00a0e acompanhe as novidades do Portal RH!<\/div><\/div>\n<p>&nbsp;<\/p>\n<p><strong>Fontes \/<\/strong><\/p>\n<p style=\"padding-bottom: 1em;\"><a href=\"https:\/\/www.newyorker.com\/culture\/dept-of-design\/how-the-coronavirus-will-reshape-architecture\" target=\"_blank\" rel=\"noopener\">The New Yorker<\/a>;\u00a0<a href=\"https:\/\/www.nytimes.com\/2020\/05\/04\/health\/coronavirus-office-makeover.html\" target=\"_blank\" rel=\"noopener\">The New York Times<\/a>;\u00a0<a href=\"https:\/\/www.fastcompany.com\/90488060\/our-offices-will-never-be-the-same-after-covid-19-heres-what-they-could-look-like\" target=\"_blank\" rel=\"noopener\">Fast Company<\/a><\/p>\n<p>[\/et_pb_text][\/et_pb_column][et_pb_column type=&#8221;1_3&#8243;][et_pb_sidebar admin_label=&#8221;Barra Lateral&#8221; global_module=&#8221;399&#8243; orientation=&#8221;left&#8221; area=&#8221;sidebar-1&#8243; background_layout=&#8221;light&#8221; remove_border=&#8221;on&#8221; body_line_height=&#8221;1.5em&#8221; custom_css_widget=&#8221;margin-bottom: 30px !important;&#8221; saved_tabs=&#8221;all&#8221;] [\/et_pb_sidebar][\/et_pb_column][\/et_pb_row][\/et_pb_section][et_pb_section admin_label=&#8221;Se\u00e7\u00e3o&#8221; global_module=&#8221;93&#8243; fullwidth=&#8221;off&#8221; specialty=&#8221;off&#8221; transparent_background=&#8221;off&#8221; background_color=&#8221;#f9f9f9&#8243; allow_player_pause=&#8221;off&#8221; inner_shadow=&#8221;off&#8221; parallax=&#8221;off&#8221; parallax_method=&#8221;off&#8221; padding_mobile=&#8221;on&#8221; make_fullwidth=&#8221;off&#8221; use_custom_width=&#8221;off&#8221; width_unit=&#8221;on&#8221; make_equal=&#8221;off&#8221; use_custom_gutter=&#8221;off&#8221; custom_padding=&#8221;20px||20px|&#8221;][et_pb_row global_parent=&#8221;93&#8243; admin_label=&#8221;Linha&#8221; make_fullwidth=&#8221;on&#8221; use_custom_width=&#8221;off&#8221; width_unit=&#8221;on&#8221; use_custom_gutter=&#8221;on&#8221; gutter_width=&#8221;2&#8243; padding_mobile=&#8221;off&#8221; allow_player_pause=&#8221;off&#8221; parallax=&#8221;off&#8221; parallax_method=&#8221;off&#8221; make_equal=&#8221;off&#8221; parallax_1=&#8221;off&#8221; parallax_method_1=&#8221;off&#8221; parallax_2=&#8221;off&#8221; parallax_method_2=&#8221;off&#8221; parallax_3=&#8221;off&#8221; parallax_method_3=&#8221;off&#8221; column_padding_mobile=&#8221;on&#8221; module_class=&#8221;footer&#8221; module_id_1=&#8221;coluna_1&#8243; module_id_2=&#8221;coluna_2&#8243; module_id_3=&#8221;coluna_3&#8243; module_id=&#8221;footer_1&#8243;][et_pb_column type=&#8221;1_4&#8243;][et_pb_text global_parent=&#8221;93&#8243; admin_label=&#8221;logo it&#8217;sseg&#8221; background_layout=&#8221;light&#8221; text_orientation=&#8221;left&#8221; use_border_color=&#8221;off&#8221; border_color=&#8221;#ffffff&#8221; border_style=&#8221;solid&#8221;] <img decoding=\"async\" loading=\"lazy\" class=\"alignleft size-full wp-image-82\" src=\"https:\/\/segurosinteligentes.com.br\/oldrh\/_old\/wp-content\/uploads\/logo_itsseg_footer.png\" alt=\"logo_itsseg_footer\" width=\"270\" height=\"82\" \/> [\/et_pb_text][\/et_pb_column][et_pb_column type=&#8221;1_2&#8243;][et_pb_text global_parent=&#8221;93&#8243; admin_label=&#8221;copyright&#8221; background_layout=&#8221;light&#8221; text_orientation=&#8221;right&#8221; text_line_height=&#8221;1.5em&#8221; use_border_color=&#8221;off&#8221; border_color=&#8221;#ffffff&#8221; border_style=&#8221;solid&#8221; custom_padding=&#8221;|||20%&#8221; text_font=&#8221;Abel||||&#8221;] PORTAL RH IT\u2019SSEG \u00e9 uma publica\u00e7\u00e3o da It\u2019sSeg Seguros Inteligentes. N\u00e3o \u00e9 permitida a reprodu\u00e7\u00e3o do conte\u00fado, mesmo que parcial, para uso comercial de qualquer natureza. Confira <a href=\"https:\/\/segurosinteligentes.com.br\/oldrh\/_old\/politica-de-privacidade\/\" target=\"_blank\" rel=\"noopener\">aqui<\/a> nossa pol\u00edtica de privacidade. [\/et_pb_text][\/et_pb_column][et_pb_column type=&#8221;1_4&#8243;][et_pb_text global_parent=&#8221;93&#8243; admin_label=&#8221;logo portal&#8221; background_layout=&#8221;light&#8221; text_orientation=&#8221;right&#8221; use_border_color=&#8221;off&#8221; border_color=&#8221;#ffffff&#8221; border_style=&#8221;solid&#8221;] <img decoding=\"async\" loading=\"lazy\" class=\"alignright size-full wp-image-83\" src=\"https:\/\/segurosinteligentes.com.br\/oldrh\/_old\/wp-content\/uploads\/logo_portal_footer.png\" alt=\"logo_portal_footer\" width=\"270\" height=\"82\" \/> [\/et_pb_text][\/et_pb_column][\/et_pb_row][et_pb_row global_parent=&#8221;93&#8243; admin_label=&#8221;Linha&#8221; make_fullwidth=&#8221;on&#8221; use_custom_width=&#8221;off&#8221; width_unit=&#8221;on&#8221; use_custom_gutter=&#8221;on&#8221; gutter_width=&#8221;2&#8243; padding_mobile=&#8221;on&#8221; allow_player_pause=&#8221;off&#8221; parallax=&#8221;off&#8221; parallax_method=&#8221;off&#8221; make_equal=&#8221;off&#8221; parallax_1=&#8221;off&#8221; parallax_method_1=&#8221;off&#8221; parallax_2=&#8221;off&#8221; parallax_method_2=&#8221;off&#8221; parallax_3=&#8221;off&#8221; parallax_method_3=&#8221;off&#8221; column_padding_mobile=&#8221;on&#8221; module_id_2=&#8221;coluna_2&#8243; module_id_3=&#8221;coluna_3&#8243; module_id=&#8221;footer_2&#8243; custom_padding=&#8221;||0px|&#8221;][et_pb_column type=&#8221;4_4&#8243;][et_pb_text global_parent=&#8221;93&#8243; admin_label=&#8221;copyright&#8221; background_layout=&#8221;light&#8221; text_orientation=&#8221;center&#8221; text_line_height=&#8221;1.5em&#8221; use_border_color=&#8221;off&#8221; border_color=&#8221;#ffffff&#8221; border_style=&#8221;solid&#8221; text_font=&#8221;Abel||||&#8221;] PORTAL RH IT\u2019SSEG \u00e9 uma publica\u00e7\u00e3o da It\u2019sSeg Seguros Inteligentes. N\u00e3o \u00e9 permitida a reprodu\u00e7\u00e3o do conte\u00fado, mesmo que parcial, para uso comercial de qualquer natureza. Confira <a href=\"https:\/\/segurosinteligentes.com.br\/oldrh\/_old\/politica-de-privacidade\/\" target=\"_blank\" rel=\"noopener\">aqui<\/a> nossa pol\u00edtica de privacidade. [\/et_pb_text][\/et_pb_column][\/et_pb_row][et_pb_row global_parent=&#8221;93&#8243; admin_label=&#8221;Linha&#8221; make_fullwidth=&#8221;on&#8221; use_custom_width=&#8221;off&#8221; width_unit=&#8221;on&#8221; use_custom_gutter=&#8221;on&#8221; gutter_width=&#8221;2&#8243; padding_mobile=&#8221;off&#8221; allow_player_pause=&#8221;off&#8221; parallax=&#8221;off&#8221; parallax_method=&#8221;off&#8221; make_equal=&#8221;off&#8221; parallax_1=&#8221;off&#8221; parallax_method_1=&#8221;off&#8221; parallax_2=&#8221;off&#8221; parallax_method_2=&#8221;off&#8221; parallax_3=&#8221;off&#8221; parallax_method_3=&#8221;off&#8221; column_padding_mobile=&#8221;on&#8221; module_id_3=&#8221;coluna_3&#8243; module_id=&#8221;footer_2_2&#8243; custom_padding=&#8221;0px|||&#8221;][et_pb_column type=&#8221;1_2&#8243;][et_pb_text global_parent=&#8221;93&#8243; admin_label=&#8221;logo it&#8217;sseg&#8221; background_layout=&#8221;light&#8221; text_orientation=&#8221;left&#8221; use_border_color=&#8221;off&#8221; border_color=&#8221;#ffffff&#8221; border_style=&#8221;solid&#8221; module_id=&#8221;logo_itsseg_footer_1&#8243;] <img decoding=\"async\" loading=\"lazy\" src=\"https:\/\/segurosinteligentes.com.br\/oldrh\/_old\/wp-content\/uploads\/logo_itsseg_footer.png\" alt=\"logo_itsseg_footer\" width=\"270\" height=\"82\" \/> [\/et_pb_text][et_pb_text global_parent=&#8221;93&#8243; admin_label=&#8221;logo it&#8217;sseg&#8221; background_layout=&#8221;light&#8221; text_orientation=&#8221;center&#8221; use_border_color=&#8221;off&#8221; border_color=&#8221;#ffffff&#8221; border_style=&#8221;solid&#8221; module_id=&#8221;logo_itsseg_footer_2&#8243;] <img decoding=\"async\" loading=\"lazy\" src=\"https:\/\/segurosinteligentes.com.br\/oldrh\/_old\/wp-content\/uploads\/logo_footer_2.png\" alt=\"logo_footer_2\" width=\"70\" height=\"105\" \/> [\/et_pb_text][\/et_pb_column][et_pb_column type=&#8221;1_2&#8243;][et_pb_text global_parent=&#8221;93&#8243; admin_label=&#8221;logo portal&#8221; background_layout=&#8221;light&#8221; text_orientation=&#8221;right&#8221; use_border_color=&#8221;off&#8221; border_color=&#8221;#ffffff&#8221; border_style=&#8221;solid&#8221; module_id=&#8221;logo_portal_itsseg_footer_2&#8243;] <img decoding=\"async\" loading=\"lazy\" src=\"https:\/\/segurosinteligentes.com.br\/oldrh\/_old\/wp-content\/uploads\/logo_portal_footer-1.png\" alt=\"logo_portal_footer\" width=\"238\" height=\"62\" \/> [\/et_pb_text][\/et_pb_column][\/et_pb_row][\/et_pb_section]<\/p>\n","protected":false},"excerpt":{"rendered":"<p>Grande parte da arquitetura modernista, reconhecida por suas longas fachadas de janelas amplas, cores claras e terra\u00e7os largos, pode ser entendida como uma consequ\u00eancia do medo da tuberculose.<\/p>\n","protected":false},"author":5,"featured_media":6948,"comment_status":"closed","ping_status":"closed","sticky":false,"template":"","format":"standard","meta":{"_et_pb_use_builder":"on","_et_pb_old_content":"","_et_gb_content_width":"","_links_to":"","_links_to_target":""},"categories":[287],"tags":[295],"_links":{"self":[{"href":"https:\/\/segurosinteligentes.com.br\/oldrh\/wp-json\/wp\/v2\/posts\/6941"}],"collection":[{"href":"https:\/\/segurosinteligentes.com.br\/oldrh\/wp-json\/wp\/v2\/posts"}],"about":[{"href":"https:\/\/segurosinteligentes.com.br\/oldrh\/wp-json\/wp\/v2\/types\/post"}],"author":[{"embeddable":true,"href":"https:\/\/segurosinteligentes.com.br\/oldrh\/wp-json\/wp\/v2\/users\/5"}],"replies":[{"embeddable":true,"href":"https:\/\/segurosinteligentes.com.br\/oldrh\/wp-json\/wp\/v2\/comments?post=6941"}],"version-history":[{"count":8,"href":"https:\/\/segurosinteligentes.com.br\/oldrh\/wp-json\/wp\/v2\/posts\/6941\/revisions"}],"predecessor-version":[{"id":6952,"href":"https:\/\/segurosinteligentes.com.br\/oldrh\/wp-json\/wp\/v2\/posts\/6941\/revisions\/6952"}],"wp:featuredmedia":[{"embeddable":true,"href":"https:\/\/segurosinteligentes.com.br\/oldrh\/wp-json\/wp\/v2\/media\/6948"}],"wp:attachment":[{"href":"https:\/\/segurosinteligentes.com.br\/oldrh\/wp-json\/wp\/v2\/media?parent=6941"}],"wp:term":[{"taxonomy":"category","embeddable":true,"href":"https:\/\/segurosinteligentes.com.br\/oldrh\/wp-json\/wp\/v2\/categories?post=6941"},{"taxonomy":"post_tag","embeddable":true,"href":"https:\/\/segurosinteligentes.com.br\/oldrh\/wp-json\/wp\/v2\/tags?post=6941"}],"curies":[{"name":"wp","href":"https:\/\/api.w.org\/{rel}","templated":true}]}}