{"id":6767,"date":"2020-06-24T11:57:12","date_gmt":"2020-06-24T14:57:12","guid":{"rendered":"https:\/\/segurosinteligentes.com.br\/oldrh\/_old\/?p=6767"},"modified":"2020-06-24T11:57:41","modified_gmt":"2020-06-24T14:57:41","slug":"covid19-queixas-contra-planos-de-saude","status":"publish","type":"post","link":"https:\/\/segurosinteligentes.com.br\/oldrh\/covid19-queixas-contra-planos-de-saude\/","title":{"rendered":"4,7 mil queixas contra planos de sa\u00fade est\u00e3o relacionadas \u00e0 pandemia"},"content":{"rendered":"<p>[et_pb_section admin_label=&#8221;section&#8221; transparent_background=&#8221;on&#8221; background_color=&#8221;#ffffff&#8221; allow_player_pause=&#8221;off&#8221; inner_shadow=&#8221;off&#8221; parallax=&#8221;off&#8221; parallax_method=&#8221;off&#8221; padding_mobile=&#8221;on&#8221; make_fullwidth=&#8221;off&#8221; use_custom_width=&#8221;off&#8221; width_unit=&#8221;on&#8221; make_equal=&#8221;off&#8221; use_custom_gutter=&#8221;off&#8221; custom_padding=&#8221;0px||50px|&#8221;][et_pb_row admin_label=&#8221;row&#8221; make_fullwidth=&#8221;off&#8221; use_custom_width=&#8221;on&#8221; width_unit=&#8221;off&#8221; use_custom_gutter=&#8221;off&#8221; padding_mobile=&#8221;on&#8221; allow_player_pause=&#8221;off&#8221; parallax=&#8221;off&#8221; parallax_method=&#8221;off&#8221; make_equal=&#8221;off&#8221; parallax_1=&#8221;off&#8221; parallax_method_1=&#8221;off&#8221; parallax_2=&#8221;off&#8221; parallax_method_2=&#8221;off&#8221; column_padding_mobile=&#8221;on&#8221; custom_padding=&#8221;50px|35px|50px|35px&#8221; background_color=&#8221;#ffffff&#8221;][et_pb_column type=&#8221;2_3&#8243;][et_pb_text admin_label=&#8221;tag e data&#8221; background_layout=&#8221;light&#8221; text_orientation=&#8221;left&#8221; text_font=&#8221;|on|||&#8221; text_font_size=&#8221;16&#8243; text_text_color=&#8221;#9ec31e&#8221; text_line_height=&#8221;1.5em&#8221; use_border_color=&#8221;off&#8221; border_color=&#8221;#ffffff&#8221; border_style=&#8221;solid&#8221; custom_margin=&#8221;||0px|&#8221;]<\/p>\n<p>BOLETIM COVID-19 | 24.JUNHO.2020<\/p>\n<h4><\/h4>\n<p>[\/et_pb_text][et_pb_text admin_label=&#8221;t\u00edtulo&#8221; background_layout=&#8221;light&#8221; text_orientation=&#8221;left&#8221; text_font=&#8221;|on|||&#8221; text_font_size=&#8221;32&#8243; text_text_color=&#8221;#495358&#8243; text_line_height=&#8221;1em&#8221; use_border_color=&#8221;off&#8221; border_color=&#8221;#ffffff&#8221; border_style=&#8221;solid&#8221;] 4,7 mil queixas contra planos de sa\u00fade est\u00e3o relacionadas \u00e0 pandemia [\/et_pb_text][et_pb_text admin_label=&#8221;conte\u00fado&#8221; background_layout=&#8221;light&#8221; text_orientation=&#8221;left&#8221; text_font=&#8221;Open Sans||||&#8221; text_text_color=&#8221;#748690&#8243; text_line_height=&#8221;1.5em&#8221; use_border_color=&#8221;off&#8221; border_color=&#8221;#ffffff&#8221; border_style=&#8221;solid&#8221;]<\/p>\n<p>Os clientes de planos de sa\u00fade registraram 4.701 queixas relacionadas \u00e0 pandemia do novo coronav\u00edrus na Ag\u00eancia Nacional de Sa\u00fade Suplementar (ANS), entre o in\u00edcio de mar\u00e7o e o dia 15 de junho. O dado faz parte da segunda edi\u00e7\u00e3o do <a href=\"http:\/\/www.ans.gov.br\/aans\/noticias-ans\/coronavirus-covid-19\/coronavirus-todas-as-noticias\/5628-boletim-covid-19-ans-divulga-novos-dados-do-monitoramento-do-setor\" target=\"_blank\" rel=\"noopener\">Boletim Covid-19<\/a>, divulgado pela ag\u00eancia reguladora.<\/p>\n<p>Entre as queixas, 36% dizem respeito a exames e tratamento da doen\u00e7a e 43% reclamavam de outras assist\u00eancias afetadas pela pandemia. Outros 21% foram sobre temas n\u00e3o assistenciais, como contratos ou regulamentos.<\/p>\n<p>As reclama\u00e7\u00f5es sobre dificuldades no tratamento ou exames de <a href=\"https:\/\/segurosinteligentes.com.br\/oldrh\/_old\/coronavirus\/\" target=\"_blank\" rel=\"noopener\">Covid-19<\/a> seguem em trajet\u00f3ria de aumento desde abril. Na primeira quinzena de junho, foram 452 queixas, contra 352 na segunda quinzena de maio e 317 nos primeiros 15 dias de maio.<\/p>\n<p>A ANS diz que os dados informam apenas o n\u00famero de relatos dos consumidores e n\u00e3o incluem qualquer an\u00e1lise de m\u00e9rito sobre poss\u00edveis infra\u00e7\u00f5es nos servi\u00e7os oferecidos.<\/p>\n<p>O n\u00famero total de reclama\u00e7\u00f5es recebidas pela ag\u00eancia em abril e maio de 2020 ficou abaixo dos mesmos meses de 2019. Segundo a ANS, foram 9.138 queixas em maio deste ano, contra 10.186 no ano passado.<\/p>\n<p>Em janeiro, fevereiro e mar\u00e7o, 2020 superou o n\u00famero de reclama\u00e7\u00f5es do ano passado. A maior diferen\u00e7a foi no primeiro m\u00eas do ano, quando foram registradas 15.102 ocorr\u00eancias, contra 9.661 no mesmo per\u00edodo do ano passado.<\/p>\n<h4><\/h4>\n<h4>Interna\u00e7\u00f5es<\/h4>\n<p>O boletim da ANS tamb\u00e9m informa dados sobre tempo e custo de interna\u00e7\u00e3o de pacientes por Covid-19 na sa\u00fade suplementar. Para esses dados, a ag\u00eancia decidiu usar uma mediana em vez de uma m\u00e9dia simples. Segundo a ag\u00eancia, &#8220;a mudan\u00e7a foi feita por ser a mediana mais adequada quando h\u00e1 dados discrepantes \u2013 natural em virtude da grande heterogeneidade do setor \u2013, evitando que valores destoantes interfiram no resultado da an\u00e1lise&#8221;.<\/p>\n<p>O boletim diz que a mediana de dias de interna\u00e7\u00e3o na UTI por Covid-19 passou de 10,9 dias em abril para 12 dias em maio, o que elevou o custo por interna\u00e7\u00e3o de R$ 40.477,00 para R$ 48.150,00 Tamb\u00e9m contribuiu o encarecimento da di\u00e1ria de interna\u00e7\u00e3o, que subiu de R$ 3.714,00 para R$ 4.013,00.<\/p>\n<p>Nos leitos comuns, a mediana de dias de interna\u00e7\u00e3o tamb\u00e9m subiu, de 5,1 para 5,8 dias. O custo por di\u00e1ria aumentou de R$ 1.611,00 para R$ 1.808,00, e o custo total por interna\u00e7\u00e3o, de R$ 8.133,00 para 10.393,00.<\/p>\n<p>Os dados consideram informa\u00e7\u00f5es prestadas por 50 operadoras de planos de sa\u00fade que t\u00eam hospitais pr\u00f3prios. Segundo essas operadoras, os leitos para Covid-19 registraram 61% de ocupa\u00e7\u00e3o em maio, se considerados leitos comuns e de UTI. Em abril, o percentual de ocupa\u00e7\u00e3o foi de 45%.<\/p>\n<p>Para os demais procedimentos, tamb\u00e9m houve alta na ocupa\u00e7\u00e3o, de 54% em abril para 61% e maio. O percentual continua abaixo de fevereiro, quando a ocupa\u00e7\u00e3o de leitos para procedimentos n\u00e3o relacionados \u00e0 doen\u00e7a era de 69%. A ocupa\u00e7\u00e3o geral de leitos nos hospitais dessas 50 operadoras tamb\u00e9m ficou abaixo dos 76% registrados em maio de 2019.<\/p>\n<h4><\/h4>\n<h4>Inadimpl\u00eancia<\/h4>\n<p>A ag\u00eancia reguladora tamb\u00e9m informou no boletim que a inadimpl\u00eancia teve alta no m\u00eas de maio. Nos planos familiares, o percentual de clientes que n\u00e3o quitaram o valor contratado subiu de 12% para 15%. J\u00e1 nos planos coletivos, a m\u00e9dia subiu de 6% para 8%. Se considerados os dois grupos, a inadimpl\u00eancia geral foi de 9% para 11%.<\/p>\n<p>Assim como nas interna\u00e7\u00f5es, a ANS utilizou medianas para calcular os percentuais, de modo a reduzir o impacto dos dados mais discrepantes da m\u00e9dia. Os dados de inadimpl\u00eancia incluem 102 operadoras, que re\u00fanem 74% dos benefici\u00e1rios.<\/p>\n<blockquote><p><strong>Leia tamb\u00e9m:<\/strong><\/p>\n<p><a href=\"https:\/\/segurosinteligentes.com.br\/oldrh\/_old\/covid19-cobertura-planos-de-saude\/\" target=\"_blank\" rel=\"noopener\">Covid-19: Quais exames foram inclu\u00eddos na cobertura dos planos de sa\u00fade?<\/a><\/p>\n<p><a href=\"https:\/\/segurosinteligentes.com.br\/oldrh\/_old\/covid-19-devo-testar-minha-equipe\/\" target=\"_blank\" rel=\"noopener\">Covid-19: Devo testar minha equipe?<\/a><\/p>\n<p>&nbsp;<\/p>\n<p>Acompanhe a It&#8217;sSeg no\u00a0<a href=\"https:\/\/www.linkedin.com\/company\/it'sseg\/\" target=\"_blank\" rel=\"noopener\">LinkedIn<\/a>\u00a0e fique por dentro das novidades do Portal RH!<\/p><\/blockquote>\n<p><em>Fonte: Ag\u00eancia Brasil<\/em><\/p>\n<p>[\/et_pb_text][\/et_pb_column][et_pb_column type=&#8221;1_3&#8243;][et_pb_sidebar admin_label=&#8221;Barra Lateral&#8221; global_module=&#8221;399&#8243; orientation=&#8221;left&#8221; area=&#8221;sidebar-1&#8243; background_layout=&#8221;light&#8221; remove_border=&#8221;on&#8221; body_line_height=&#8221;1.5em&#8221; custom_css_widget=&#8221;margin-bottom: 30px !important;&#8221; saved_tabs=&#8221;all&#8221;] [\/et_pb_sidebar][\/et_pb_column][\/et_pb_row][\/et_pb_section][et_pb_section admin_label=&#8221;Se\u00e7\u00e3o&#8221; global_module=&#8221;93&#8243; fullwidth=&#8221;off&#8221; specialty=&#8221;off&#8221; transparent_background=&#8221;off&#8221; background_color=&#8221;#f9f9f9&#8243; allow_player_pause=&#8221;off&#8221; inner_shadow=&#8221;off&#8221; parallax=&#8221;off&#8221; parallax_method=&#8221;off&#8221; padding_mobile=&#8221;on&#8221; make_fullwidth=&#8221;off&#8221; use_custom_width=&#8221;off&#8221; width_unit=&#8221;on&#8221; make_equal=&#8221;off&#8221; use_custom_gutter=&#8221;off&#8221; custom_padding=&#8221;20px||20px|&#8221;][et_pb_row global_parent=&#8221;93&#8243; admin_label=&#8221;Linha&#8221; make_fullwidth=&#8221;on&#8221; use_custom_width=&#8221;off&#8221; width_unit=&#8221;on&#8221; use_custom_gutter=&#8221;on&#8221; gutter_width=&#8221;2&#8243; padding_mobile=&#8221;off&#8221; allow_player_pause=&#8221;off&#8221; parallax=&#8221;off&#8221; parallax_method=&#8221;off&#8221; make_equal=&#8221;off&#8221; parallax_1=&#8221;off&#8221; parallax_method_1=&#8221;off&#8221; parallax_2=&#8221;off&#8221; parallax_method_2=&#8221;off&#8221; parallax_3=&#8221;off&#8221; parallax_method_3=&#8221;off&#8221; column_padding_mobile=&#8221;on&#8221; module_class=&#8221;footer&#8221; module_id_1=&#8221;coluna_1&#8243; module_id_2=&#8221;coluna_2&#8243; module_id_3=&#8221;coluna_3&#8243; module_id=&#8221;footer_1&#8243;][et_pb_column type=&#8221;1_4&#8243;][et_pb_text global_parent=&#8221;93&#8243; admin_label=&#8221;logo it&#8217;sseg&#8221; background_layout=&#8221;light&#8221; text_orientation=&#8221;left&#8221; use_border_color=&#8221;off&#8221; border_color=&#8221;#ffffff&#8221; border_style=&#8221;solid&#8221;] <img decoding=\"async\" loading=\"lazy\" class=\"alignleft size-full wp-image-82\" src=\"https:\/\/segurosinteligentes.com.br\/oldrh\/_old\/wp-content\/uploads\/logo_itsseg_footer.png\" alt=\"logo_itsseg_footer\" width=\"270\" height=\"82\" \/> [\/et_pb_text][\/et_pb_column][et_pb_column type=&#8221;1_2&#8243;][et_pb_text global_parent=&#8221;93&#8243; admin_label=&#8221;copyright&#8221; background_layout=&#8221;light&#8221; text_orientation=&#8221;right&#8221; text_line_height=&#8221;1.5em&#8221; use_border_color=&#8221;off&#8221; border_color=&#8221;#ffffff&#8221; border_style=&#8221;solid&#8221; custom_padding=&#8221;|||20%&#8221; text_font=&#8221;Abel||||&#8221;] PORTAL RH IT\u2019SSEG \u00e9 uma publica\u00e7\u00e3o da It\u2019sSeg Seguros Inteligentes. N\u00e3o \u00e9 permitida a reprodu\u00e7\u00e3o do conte\u00fado, mesmo que parcial, para uso comercial de qualquer natureza. Confira <a href=\"https:\/\/segurosinteligentes.com.br\/oldrh\/_old\/politica-de-privacidade\/\" target=\"_blank\" rel=\"noopener\">aqui<\/a> nossa pol\u00edtica de privacidade. [\/et_pb_text][\/et_pb_column][et_pb_column type=&#8221;1_4&#8243;][et_pb_text global_parent=&#8221;93&#8243; admin_label=&#8221;logo portal&#8221; background_layout=&#8221;light&#8221; text_orientation=&#8221;right&#8221; use_border_color=&#8221;off&#8221; border_color=&#8221;#ffffff&#8221; border_style=&#8221;solid&#8221;] <img decoding=\"async\" loading=\"lazy\" class=\"alignright size-full wp-image-83\" src=\"https:\/\/segurosinteligentes.com.br\/oldrh\/_old\/wp-content\/uploads\/logo_portal_footer.png\" alt=\"logo_portal_footer\" width=\"270\" height=\"82\" \/> [\/et_pb_text][\/et_pb_column][\/et_pb_row][et_pb_row global_parent=&#8221;93&#8243; admin_label=&#8221;Linha&#8221; make_fullwidth=&#8221;on&#8221; use_custom_width=&#8221;off&#8221; width_unit=&#8221;on&#8221; use_custom_gutter=&#8221;on&#8221; gutter_width=&#8221;2&#8243; padding_mobile=&#8221;on&#8221; allow_player_pause=&#8221;off&#8221; parallax=&#8221;off&#8221; parallax_method=&#8221;off&#8221; make_equal=&#8221;off&#8221; parallax_1=&#8221;off&#8221; parallax_method_1=&#8221;off&#8221; parallax_2=&#8221;off&#8221; parallax_method_2=&#8221;off&#8221; parallax_3=&#8221;off&#8221; parallax_method_3=&#8221;off&#8221; column_padding_mobile=&#8221;on&#8221; module_id_2=&#8221;coluna_2&#8243; module_id_3=&#8221;coluna_3&#8243; module_id=&#8221;footer_2&#8243; custom_padding=&#8221;||0px|&#8221;][et_pb_column type=&#8221;4_4&#8243;][et_pb_text global_parent=&#8221;93&#8243; admin_label=&#8221;copyright&#8221; background_layout=&#8221;light&#8221; text_orientation=&#8221;center&#8221; text_line_height=&#8221;1.5em&#8221; use_border_color=&#8221;off&#8221; border_color=&#8221;#ffffff&#8221; border_style=&#8221;solid&#8221; text_font=&#8221;Abel||||&#8221;] PORTAL RH IT\u2019SSEG \u00e9 uma publica\u00e7\u00e3o da It\u2019sSeg Seguros Inteligentes. N\u00e3o \u00e9 permitida a reprodu\u00e7\u00e3o do conte\u00fado, mesmo que parcial, para uso comercial de qualquer natureza. Confira <a href=\"https:\/\/segurosinteligentes.com.br\/oldrh\/_old\/politica-de-privacidade\/\" target=\"_blank\" rel=\"noopener\">aqui<\/a> nossa pol\u00edtica de privacidade. [\/et_pb_text][\/et_pb_column][\/et_pb_row][et_pb_row global_parent=&#8221;93&#8243; admin_label=&#8221;Linha&#8221; make_fullwidth=&#8221;on&#8221; use_custom_width=&#8221;off&#8221; width_unit=&#8221;on&#8221; use_custom_gutter=&#8221;on&#8221; gutter_width=&#8221;2&#8243; padding_mobile=&#8221;off&#8221; allow_player_pause=&#8221;off&#8221; parallax=&#8221;off&#8221; parallax_method=&#8221;off&#8221; make_equal=&#8221;off&#8221; parallax_1=&#8221;off&#8221; parallax_method_1=&#8221;off&#8221; parallax_2=&#8221;off&#8221; parallax_method_2=&#8221;off&#8221; parallax_3=&#8221;off&#8221; parallax_method_3=&#8221;off&#8221; column_padding_mobile=&#8221;on&#8221; module_id_3=&#8221;coluna_3&#8243; module_id=&#8221;footer_2_2&#8243; custom_padding=&#8221;0px|||&#8221;][et_pb_column type=&#8221;1_2&#8243;][et_pb_text global_parent=&#8221;93&#8243; admin_label=&#8221;logo it&#8217;sseg&#8221; background_layout=&#8221;light&#8221; text_orientation=&#8221;left&#8221; use_border_color=&#8221;off&#8221; border_color=&#8221;#ffffff&#8221; border_style=&#8221;solid&#8221; module_id=&#8221;logo_itsseg_footer_1&#8243;] <img decoding=\"async\" loading=\"lazy\" src=\"https:\/\/segurosinteligentes.com.br\/oldrh\/_old\/wp-content\/uploads\/logo_itsseg_footer.png\" alt=\"logo_itsseg_footer\" width=\"270\" height=\"82\" \/> [\/et_pb_text][et_pb_text global_parent=&#8221;93&#8243; admin_label=&#8221;logo it&#8217;sseg&#8221; background_layout=&#8221;light&#8221; text_orientation=&#8221;center&#8221; use_border_color=&#8221;off&#8221; border_color=&#8221;#ffffff&#8221; border_style=&#8221;solid&#8221; module_id=&#8221;logo_itsseg_footer_2&#8243;] <img decoding=\"async\" loading=\"lazy\" src=\"https:\/\/segurosinteligentes.com.br\/oldrh\/_old\/wp-content\/uploads\/logo_footer_2.png\" alt=\"logo_footer_2\" width=\"70\" height=\"105\" \/> [\/et_pb_text][\/et_pb_column][et_pb_column type=&#8221;1_2&#8243;][et_pb_text global_parent=&#8221;93&#8243; admin_label=&#8221;logo portal&#8221; background_layout=&#8221;light&#8221; text_orientation=&#8221;right&#8221; use_border_color=&#8221;off&#8221; border_color=&#8221;#ffffff&#8221; border_style=&#8221;solid&#8221; module_id=&#8221;logo_portal_itsseg_footer_2&#8243;] <img decoding=\"async\" loading=\"lazy\" src=\"https:\/\/segurosinteligentes.com.br\/oldrh\/_old\/wp-content\/uploads\/logo_portal_footer-1.png\" alt=\"logo_portal_footer\" width=\"238\" height=\"62\" \/> [\/et_pb_text][\/et_pb_column][\/et_pb_row][\/et_pb_section]<\/p>\n","protected":false},"excerpt":{"rendered":"<p>O dado faz parte da segunda edi\u00e7\u00e3o do Boletim Covid-19, divulgado pela ANS.<\/p>\n","protected":false},"author":5,"featured_media":6771,"comment_status":"closed","ping_status":"closed","sticky":false,"template":"","format":"standard","meta":{"_et_pb_use_builder":"on","_et_pb_old_content":"","_et_gb_content_width":"","_links_to":"","_links_to_target":""},"categories":[3],"tags":[296],"_links":{"self":[{"href":"https:\/\/segurosinteligentes.com.br\/oldrh\/wp-json\/wp\/v2\/posts\/6767"}],"collection":[{"href":"https:\/\/segurosinteligentes.com.br\/oldrh\/wp-json\/wp\/v2\/posts"}],"about":[{"href":"https:\/\/segurosinteligentes.com.br\/oldrh\/wp-json\/wp\/v2\/types\/post"}],"author":[{"embeddable":true,"href":"https:\/\/segurosinteligentes.com.br\/oldrh\/wp-json\/wp\/v2\/users\/5"}],"replies":[{"embeddable":true,"href":"https:\/\/segurosinteligentes.com.br\/oldrh\/wp-json\/wp\/v2\/comments?post=6767"}],"version-history":[{"count":7,"href":"https:\/\/segurosinteligentes.com.br\/oldrh\/wp-json\/wp\/v2\/posts\/6767\/revisions"}],"predecessor-version":[{"id":6775,"href":"https:\/\/segurosinteligentes.com.br\/oldrh\/wp-json\/wp\/v2\/posts\/6767\/revisions\/6775"}],"wp:featuredmedia":[{"embeddable":true,"href":"https:\/\/segurosinteligentes.com.br\/oldrh\/wp-json\/wp\/v2\/media\/6771"}],"wp:attachment":[{"href":"https:\/\/segurosinteligentes.com.br\/oldrh\/wp-json\/wp\/v2\/media?parent=6767"}],"wp:term":[{"taxonomy":"category","embeddable":true,"href":"https:\/\/segurosinteligentes.com.br\/oldrh\/wp-json\/wp\/v2\/categories?post=6767"},{"taxonomy":"post_tag","embeddable":true,"href":"https:\/\/segurosinteligentes.com.br\/oldrh\/wp-json\/wp\/v2\/tags?post=6767"}],"curies":[{"name":"wp","href":"https:\/\/api.w.org\/{rel}","templated":true}]}}