{"id":6700,"date":"2020-06-10T17:42:12","date_gmt":"2020-06-10T20:42:12","guid":{"rendered":"https:\/\/segurosinteligentes.com.br\/oldrh\/_old\/?p=6700"},"modified":"2023-01-26T23:51:06","modified_gmt":"2023-01-27T01:51:06","slug":"covid-19-devo-testar-minha-equipe","status":"publish","type":"post","link":"https:\/\/segurosinteligentes.com.br\/oldrh\/covid-19-devo-testar-minha-equipe\/","title":{"rendered":"Covid-19: Devo testar minha equipe?"},"content":{"rendered":"<p>[et_pb_section admin_label=&#8221;section&#8221; transparent_background=&#8221;on&#8221; background_color=&#8221;#ffffff&#8221; allow_player_pause=&#8221;off&#8221; inner_shadow=&#8221;off&#8221; parallax=&#8221;off&#8221; parallax_method=&#8221;off&#8221; padding_mobile=&#8221;on&#8221; make_fullwidth=&#8221;off&#8221; use_custom_width=&#8221;off&#8221; width_unit=&#8221;on&#8221; make_equal=&#8221;off&#8221; use_custom_gutter=&#8221;off&#8221; custom_padding=&#8221;0px||50px|&#8221;][et_pb_row admin_label=&#8221;row&#8221; make_fullwidth=&#8221;off&#8221; use_custom_width=&#8221;on&#8221; width_unit=&#8221;off&#8221; use_custom_gutter=&#8221;off&#8221; padding_mobile=&#8221;on&#8221; allow_player_pause=&#8221;off&#8221; parallax=&#8221;off&#8221; parallax_method=&#8221;off&#8221; make_equal=&#8221;off&#8221; parallax_1=&#8221;off&#8221; parallax_method_1=&#8221;off&#8221; parallax_2=&#8221;off&#8221; parallax_method_2=&#8221;off&#8221; column_padding_mobile=&#8221;on&#8221; custom_padding=&#8221;50px|35px|50px|35px&#8221; background_color=&#8221;#ffffff&#8221;][et_pb_column type=&#8221;2_3&#8243;][et_pb_text admin_label=&#8221;tag e data&#8221; background_layout=&#8221;light&#8221; text_orientation=&#8221;left&#8221; text_font=&#8221;|on|||&#8221; text_font_size=&#8221;16&#8243; text_text_color=&#8221;#9ec31e&#8221; text_line_height=&#8221;1.5em&#8221; use_border_color=&#8221;off&#8221; border_color=&#8221;#ffffff&#8221; border_style=&#8221;solid&#8221; custom_margin=&#8221;||0px|&#8221;]<\/p>\n<p>PANDEMIA | 10.JUNHO.2020<\/p>\n<h4><\/h4>\n<p>[\/et_pb_text][et_pb_text admin_label=&#8221;t\u00edtulo&#8221; background_layout=&#8221;light&#8221; text_orientation=&#8221;left&#8221; text_font=&#8221;|on|||&#8221; text_font_size=&#8221;32&#8243; text_text_color=&#8221;#495358&#8243; text_line_height=&#8221;1em&#8221; use_border_color=&#8221;off&#8221; border_color=&#8221;#ffffff&#8221; border_style=&#8221;solid&#8221;] Covid-19: Devo testar minha equipe? [\/et_pb_text][et_pb_text admin_label=&#8221;conte\u00fado&#8221; background_layout=&#8221;light&#8221; text_orientation=&#8221;left&#8221; text_font=&#8221;Open Sans||||&#8221; text_text_color=&#8221;#748690&#8243; text_line_height=&#8221;1.5em&#8221; use_border_color=&#8221;off&#8221; border_color=&#8221;#ffffff&#8221; border_style=&#8221;solid&#8221;]<\/p>\n<p>Para refor\u00e7ar suas a\u00e7\u00f5es de preven\u00e7\u00e3o contra a <a href=\"https:\/\/segurosinteligentes.com.br\/oldrh\/_old\/coronavirus\/\" target=\"_blank\" rel=\"noopener\">Covid-19<\/a>, muitas empresas t\u00eam utilizado a investiga\u00e7\u00e3o laboratorial como parte de seus protocolos de retorno ao trabalho. Mas \u00e9 necess\u00e1rio testar todos os colaboradores? Qual teste devo usar e quando? Compartilhamos\u00a0algumas orienta\u00e7\u00f5es do nosso comit\u00ea de crise e \u00e1rea m\u00e9dica sobre o assunto. Continue lendo!<\/p>\n<h4><\/h4>\n<h4>Os testes laboratoriais para diagnosticar Covid-19<\/h4>\n<p>O diagn\u00f3stico da Covid-19 pode ser feito por meio de dois exames: <strong>RT-PCR em tempo real<\/strong> <strong>ou teste r\u00e1pido sorol\u00f3gico<\/strong>. Saber como eles funcionam e o que mostram ir\u00e1 nos auxiliar a elaborar estrat\u00e9gias mais assertivas para a retomada gradual das atividades, de forma segura e tranquila para todos.<\/p>\n<p>Contudo, \u00e9 importante ressaltar que embora a testagem seja uma iniciativa positiva, independentemente dos resultados, <strong>todas as medidas de distanciamento social e prote\u00e7\u00e3o individual devem ser mantidas.<\/strong> \u00c9 prov\u00e1vel que quem contraiu o v\u00edrus uma vez desenvolva algum tipo de imunidade contra a doen\u00e7a, mas n\u00e3o \u00e9 certeza. A comunidade cient\u00edfica ainda estuda o n\u00edvel de prote\u00e7\u00e3o e por quanto tempo ela dura.<\/p>\n<ul>\n<li>\n<h5>RT-PCR em tempo real (qRT-PCR)<\/h5>\n<\/li>\n<\/ul>\n<p>A RT-PCR em tempo real \u00e9 considerada a principal t\u00e9cnica para identificar o novo coronav\u00edrus (Sars-CoV-2), pois \u00e9 capaz de detecta-lo ainda no in\u00edcio da doen\u00e7a. Para o teste \u00e9 recolhido uma amostra de secre\u00e7\u00e3o da nasofaringe (parte nasal da faringe). \u00c9 poss\u00edvel haver resultados falso-negativos quando a coleta \u00e9 feita precocemente (antes do 3\u00ba dia) ou em fase mais avan\u00e7ada da doen\u00e7a (depois do 7\u00ba dia).<\/p>\n<ul>\n<li>\n<h5>Teste r\u00e1pido sorol\u00f3gico<\/h5>\n<\/li>\n<\/ul>\n<p>J\u00e1 os testes sorol\u00f3gicos detectam ant\u00edgenos ou anticorpos espec\u00edficos (IgG e IgM) produzidos pelo corpo contra o Sars-CoV-2. De modo geral, eles s\u00f3 s\u00e3o realizados a partir do 7\u00ba dia ap\u00f3s o in\u00edcio dos <a href=\"https:\/\/www.youtube.com\/watch?v=rQEwyKVMxuQ\" target=\"_blank\" rel=\"noopener\">sintomas<\/a>, pois \u00e9 preciso que o sistema imunol\u00f3gico produza subst\u00e2ncias em quantidade suficiente para o v\u00edrus ser identificado. Veja como interpretar o resultado:<\/p>\n<table width=\"412\">\n<tbody>\n<tr>\n<td colspan=\"2\" width=\"143\"><strong>Resultado<\/strong><\/td>\n<td rowspan=\"2\" width=\"269\"><strong>INTERPRETA\u00c7\u00c3O<\/strong><\/td>\n<\/tr>\n<tr>\n<td width=\"72\"><strong>IgG<\/strong><\/td>\n<td width=\"72\"><strong>IgM<\/strong><\/td>\n<\/tr>\n<tr>\n<td width=\"72\">NEGATIVO<\/td>\n<td width=\"72\">NEGATIVO<\/td>\n<td width=\"269\">Suscet\u00edvel, manter a\u00e7\u00f5es de preven\u00e7\u00e3o<\/td>\n<\/tr>\n<tr>\n<td width=\"72\">NEGATIVO<\/td>\n<td width=\"72\">POSITIVO<\/td>\n<td width=\"269\">Infec\u00e7\u00e3o atual, isolamento<\/td>\n<\/tr>\n<tr>\n<td width=\"72\">POSITIVO<\/td>\n<td width=\"72\">POSITIVO<\/td>\n<td width=\"269\">Infec\u00e7\u00e3o atual, isolamento<\/td>\n<\/tr>\n<tr>\n<td width=\"72\">POSITIVO<\/td>\n<td width=\"72\">NEGATIVO<\/td>\n<td width=\"269\">Infec\u00e7\u00e3o pr\u00e9via, manter a\u00e7\u00f5es de preven\u00e7\u00e3o<\/td>\n<\/tr>\n<\/tbody>\n<\/table>\n<h4><\/h4>\n<h4>Quando devo us\u00e1-los?<\/h4>\n<p>A identifica\u00e7\u00e3o de anticorpos da classe IgM pode estar relacionada a infec\u00e7\u00e3o atual (risco de transmiss\u00e3o a terceiros) e pode demandar exames complementares, como avalia\u00e7\u00e3o de sinais e sintomas de infec\u00e7\u00e3o.<\/p>\n<p>Enquanto que os anticorpos IgG costumam ser marcadores de infec\u00e7\u00e3o pr\u00e9via. At\u00e9 o momento, as pesquisas n\u00e3o confirmaram se eles tamb\u00e9m significam que as pessoas est\u00e3o imunes contra a doen\u00e7a, por isso, \u00e9 fundamental manter as medidas preventivas de higieniza\u00e7\u00e3o e distanciamento social.<\/p>\n<p>Monitorar essa popula\u00e7\u00e3o permite avaliar o n\u00edvel de dissemina\u00e7\u00e3o da doen\u00e7a e, tamb\u00e9m, identificar se h\u00e1 necessidade de intensifica\u00e7\u00e3o das a\u00e7\u00f5es de prote\u00e7\u00e3o.<\/p>\n<h5>Na hora da testagem<\/h5>\n<p>Em alguns estados, como S\u00e3o Paulo e Distrito Federal, \u00e9 solicitado que seja feita a pesquisa de anticorpos em funcion\u00e1rios antes do retorno &#8211; principalmente naqueles que realizar\u00e3o atividades com o p\u00fablico. Antes de come\u00e7ar os testes, leve em considera\u00e7\u00e3o:<\/p>\n<h5><\/h5>\n<ul>\n<li><strong>Grupos para testagem:<\/strong> Conforme a demanda e disponibilidade de testes, os funcion\u00e1rios podem ser testados simultaneamente ou em grupos. Vale ressaltar que a presen\u00e7a de anticorpos IgM ou PCR positivo pode requerer isolamento e\/ou investiga\u00e7\u00e3o complementar.<\/li>\n<li><strong>Local de testagem:<\/strong> Recomendamos que os testes sejam feitos em ambiente fora do local de trabalho, para evitar aglomera\u00e7\u00f5es e garantir a confidencialidade do exame.<\/li>\n<li><strong>Qual teste utilizar:<\/strong> Se \u00e9 necess\u00e1rio definir se j\u00e1 houve contato pr\u00e9vio com a doen\u00e7a, o teste sorol\u00f3gico \u00e9 o mais indicado. A avalia\u00e7\u00e3o com RT-PCR pode ser reservada para casos espec\u00edficos, como funcion\u00e1rios que estiveram em contato com pessoas infectadas; indiv\u00edduos sintom\u00e1ticos; confirma\u00e7\u00e3o de teste sorol\u00f3gico ou pesquisa de transmissor assintom\u00e1tico.<\/li>\n<\/ul>\n<blockquote><p>Acompanhe a It&#8217;sSeg no\u00a0<a href=\"https:\/\/www.linkedin.com\/company\/it'sseg\/\" target=\"_blank\" rel=\"noopener\">LinkedIn<\/a>\u00a0e fique por dentro das novidades do Portal RH!<\/p><\/blockquote>\n<p>[\/et_pb_text][\/et_pb_column][et_pb_column type=&#8221;1_3&#8243;][et_pb_sidebar admin_label=&#8221;Barra Lateral&#8221; global_module=&#8221;399&#8243; orientation=&#8221;left&#8221; area=&#8221;sidebar-1&#8243; background_layout=&#8221;light&#8221; remove_border=&#8221;on&#8221; body_line_height=&#8221;1.5em&#8221; custom_css_widget=&#8221;margin-bottom: 30px !important;&#8221; saved_tabs=&#8221;all&#8221;] [\/et_pb_sidebar][\/et_pb_column][\/et_pb_row][\/et_pb_section][et_pb_section admin_label=&#8221;Se\u00e7\u00e3o&#8221; global_module=&#8221;93&#8243; fullwidth=&#8221;off&#8221; specialty=&#8221;off&#8221; transparent_background=&#8221;off&#8221; background_color=&#8221;#f9f9f9&#8243; allow_player_pause=&#8221;off&#8221; inner_shadow=&#8221;off&#8221; parallax=&#8221;off&#8221; parallax_method=&#8221;off&#8221; padding_mobile=&#8221;on&#8221; make_fullwidth=&#8221;off&#8221; use_custom_width=&#8221;off&#8221; width_unit=&#8221;on&#8221; make_equal=&#8221;off&#8221; use_custom_gutter=&#8221;off&#8221; custom_padding=&#8221;20px||20px|&#8221;][et_pb_row global_parent=&#8221;93&#8243; admin_label=&#8221;Linha&#8221; make_fullwidth=&#8221;on&#8221; use_custom_width=&#8221;off&#8221; width_unit=&#8221;on&#8221; use_custom_gutter=&#8221;on&#8221; gutter_width=&#8221;2&#8243; padding_mobile=&#8221;off&#8221; allow_player_pause=&#8221;off&#8221; parallax=&#8221;off&#8221; parallax_method=&#8221;off&#8221; make_equal=&#8221;off&#8221; parallax_1=&#8221;off&#8221; parallax_method_1=&#8221;off&#8221; parallax_2=&#8221;off&#8221; parallax_method_2=&#8221;off&#8221; parallax_3=&#8221;off&#8221; parallax_method_3=&#8221;off&#8221; column_padding_mobile=&#8221;on&#8221; module_class=&#8221;footer&#8221; module_id_1=&#8221;coluna_1&#8243; module_id_2=&#8221;coluna_2&#8243; module_id_3=&#8221;coluna_3&#8243; module_id=&#8221;footer_1&#8243;][et_pb_column type=&#8221;1_4&#8243;][et_pb_text global_parent=&#8221;93&#8243; admin_label=&#8221;logo it&#8217;sseg&#8221; background_layout=&#8221;light&#8221; text_orientation=&#8221;left&#8221; use_border_color=&#8221;off&#8221; border_color=&#8221;#ffffff&#8221; border_style=&#8221;solid&#8221;] <img decoding=\"async\" class=\"alignleft size-full wp-image-82\" src=\"https:\/\/segurosinteligentes.com.br\/oldrh\/_old\/wp-content\/uploads\/logo-seguros-inteligentes.png\" width=\"270\" \/> [\/et_pb_text][\/et_pb_column][et_pb_column type=&#8221;1_2&#8243;][et_pb_text global_parent=&#8221;93&#8243; admin_label=&#8221;copyright&#8221; background_layout=&#8221;light&#8221; text_orientation=&#8221;right&#8221; text_line_height=&#8221;1.5em&#8221; use_border_color=&#8221;off&#8221; border_color=&#8221;#ffffff&#8221; border_style=&#8221;solid&#8221; custom_padding=&#8221;|||20%&#8221; text_font=&#8221;Abel||||&#8221;] PORTAL RH IT\u2019SSEG \u00e9 uma publica\u00e7\u00e3o da It\u2019sSeg Seguros Inteligentes. N\u00e3o \u00e9 permitida a reprodu\u00e7\u00e3o do conte\u00fado, mesmo que parcial, para uso comercial de qualquer natureza. Confira <a href=\"https:\/\/itssegcompany.com.br\/lgpd\/\" target=\"_blank\" rel=\"noopener\">aqui<\/a> nossa pol\u00edtica de privacidade. [\/et_pb_text][\/et_pb_column][et_pb_column type=&#8221;1_4&#8243;][et_pb_text global_parent=&#8221;93&#8243; admin_label=&#8221;logo portal&#8221; background_layout=&#8221;light&#8221; text_orientation=&#8221;right&#8221; use_border_color=&#8221;off&#8221; border_color=&#8221;#ffffff&#8221; border_style=&#8221;solid&#8221;] <img decoding=\"async\" class=\"alignright size-full wp-image-83\" src=\"https:\/\/segurosinteligentes.com.br\/oldrh\/_old\/wp-content\/uploads\/portalrh-footer.png\" alt=\"logo_portal_footer\" width=\"270\" \/> [\/et_pb_text][\/et_pb_column][\/et_pb_row][et_pb_row global_parent=&#8221;93&#8243; admin_label=&#8221;Linha&#8221; make_fullwidth=&#8221;on&#8221; use_custom_width=&#8221;off&#8221; width_unit=&#8221;on&#8221; use_custom_gutter=&#8221;on&#8221; gutter_width=&#8221;2&#8243; padding_mobile=&#8221;on&#8221; allow_player_pause=&#8221;off&#8221; parallax=&#8221;off&#8221; parallax_method=&#8221;off&#8221; make_equal=&#8221;off&#8221; parallax_1=&#8221;off&#8221; parallax_method_1=&#8221;off&#8221; parallax_2=&#8221;off&#8221; parallax_method_2=&#8221;off&#8221; parallax_3=&#8221;off&#8221; parallax_method_3=&#8221;off&#8221; column_padding_mobile=&#8221;on&#8221; module_id_2=&#8221;coluna_2&#8243; module_id_3=&#8221;coluna_3&#8243; module_id=&#8221;footer_2&#8243; custom_padding=&#8221;||0px|&#8221;][et_pb_column type=&#8221;4_4&#8243;][et_pb_text global_parent=&#8221;93&#8243; admin_label=&#8221;copyright&#8221; background_layout=&#8221;light&#8221; text_orientation=&#8221;center&#8221; text_line_height=&#8221;1.5em&#8221; use_border_color=&#8221;off&#8221; border_color=&#8221;#ffffff&#8221; border_style=&#8221;solid&#8221; text_font=&#8221;Abel||||&#8221;] PORTAL RH IT\u2019SSEG \u00e9 uma publica\u00e7\u00e3o da It\u2019sSeg Seguros Inteligentes. N\u00e3o \u00e9 permitida a reprodu\u00e7\u00e3o do conte\u00fado, mesmo que parcial, para uso comercial de qualquer natureza. Confira <a href=\"https:\/\/itssegcompany.com.br\/lgpd\/\" target=\"_blank\" rel=\"noopener\">aqui<\/a> nossa pol\u00edtica de privacidade. [\/et_pb_text][\/et_pb_column][\/et_pb_row][et_pb_row global_parent=&#8221;93&#8243; admin_label=&#8221;Linha&#8221; make_fullwidth=&#8221;on&#8221; use_custom_width=&#8221;off&#8221; width_unit=&#8221;on&#8221; use_custom_gutter=&#8221;on&#8221; gutter_width=&#8221;2&#8243; padding_mobile=&#8221;off&#8221; allow_player_pause=&#8221;off&#8221; parallax=&#8221;off&#8221; parallax_method=&#8221;off&#8221; make_equal=&#8221;off&#8221; parallax_1=&#8221;off&#8221; parallax_method_1=&#8221;off&#8221; parallax_2=&#8221;off&#8221; parallax_method_2=&#8221;off&#8221; parallax_3=&#8221;off&#8221; parallax_method_3=&#8221;off&#8221; column_padding_mobile=&#8221;on&#8221; module_id_3=&#8221;coluna_3&#8243; module_id=&#8221;footer_2_2&#8243; custom_padding=&#8221;0px|||&#8221;][et_pb_column type=&#8221;1_2&#8243;][et_pb_text global_parent=&#8221;93&#8243; admin_label=&#8221;logo it&#8217;sseg&#8221; background_layout=&#8221;light&#8221; text_orientation=&#8221;left&#8221; use_border_color=&#8221;off&#8221; border_color=&#8221;#ffffff&#8221; border_style=&#8221;solid&#8221; module_id=&#8221;logo_itsseg_footer_1&#8243;] <img decoding=\"async\" class=\"alignleft size-full wp-image-82\" src=\"https:\/\/segurosinteligentes.com.br\/oldrh\/_old\/wp-content\/uploads\/logo-seguros-inteligentes.png\" width=\"270\" \/> [\/et_pb_text][et_pb_text global_parent=&#8221;93&#8243; admin_label=&#8221;logo it&#8217;sseg&#8221; background_layout=&#8221;light&#8221; text_orientation=&#8221;center&#8221; use_border_color=&#8221;off&#8221; border_color=&#8221;#ffffff&#8221; border_style=&#8221;solid&#8221; module_id=&#8221;logo_itsseg_footer_2&#8243;] <img decoding=\"async\" src=\"https:\/\/segurosinteligentes.com.br\/oldrh\/_old\/wp-content\/uploads\/logo-seguros-inteligentes-mobile.png\" alt=\"logo_footer_2\" width=\"70\" \/> [\/et_pb_text][\/et_pb_column][et_pb_column type=&#8221;1_2&#8243;][et_pb_text global_parent=&#8221;93&#8243; admin_label=&#8221;logo portal&#8221; background_layout=&#8221;light&#8221; text_orientation=&#8221;right&#8221; use_border_color=&#8221;off&#8221; border_color=&#8221;#ffffff&#8221; border_style=&#8221;solid&#8221; module_id=&#8221;logo_portal_itsseg_footer_2&#8243;] <img decoding=\"async\" class=\"alignright size-full wp-image-83\" src=\"https:\/\/segurosinteligentes.com.br\/oldrh\/_old\/wp-content\/uploads\/portalrh-footer.png\" alt=\"logo_portal_footer\" width=\"270\" \/> [\/et_pb_text][\/et_pb_column][\/et_pb_row][\/et_pb_section]<\/p>\n","protected":false},"excerpt":{"rendered":"<p>Muitas empresas t\u00eam utilizado os testes laboratoriais para refor\u00e7ar suas a\u00e7\u00f5es de preven\u00e7\u00e3o contra a Covid-19. Mas \u00e9 necess\u00e1rio testar toda a equipe? <\/p>\n","protected":false},"author":5,"featured_media":9879,"comment_status":"closed","ping_status":"closed","sticky":false,"template":"","format":"standard","meta":{"_et_pb_use_builder":"on","_et_pb_old_content":"","_et_gb_content_width":"","_links_to":"","_links_to_target":""},"categories":[287],"tags":[295],"_links":{"self":[{"href":"https:\/\/segurosinteligentes.com.br\/oldrh\/wp-json\/wp\/v2\/posts\/6700"}],"collection":[{"href":"https:\/\/segurosinteligentes.com.br\/oldrh\/wp-json\/wp\/v2\/posts"}],"about":[{"href":"https:\/\/segurosinteligentes.com.br\/oldrh\/wp-json\/wp\/v2\/types\/post"}],"author":[{"embeddable":true,"href":"https:\/\/segurosinteligentes.com.br\/oldrh\/wp-json\/wp\/v2\/users\/5"}],"replies":[{"embeddable":true,"href":"https:\/\/segurosinteligentes.com.br\/oldrh\/wp-json\/wp\/v2\/comments?post=6700"}],"version-history":[{"count":18,"href":"https:\/\/segurosinteligentes.com.br\/oldrh\/wp-json\/wp\/v2\/posts\/6700\/revisions"}],"predecessor-version":[{"id":6714,"href":"https:\/\/segurosinteligentes.com.br\/oldrh\/wp-json\/wp\/v2\/posts\/6700\/revisions\/6714"}],"wp:featuredmedia":[{"embeddable":true,"href":"https:\/\/segurosinteligentes.com.br\/oldrh\/wp-json\/wp\/v2\/media\/9879"}],"wp:attachment":[{"href":"https:\/\/segurosinteligentes.com.br\/oldrh\/wp-json\/wp\/v2\/media?parent=6700"}],"wp:term":[{"taxonomy":"category","embeddable":true,"href":"https:\/\/segurosinteligentes.com.br\/oldrh\/wp-json\/wp\/v2\/categories?post=6700"},{"taxonomy":"post_tag","embeddable":true,"href":"https:\/\/segurosinteligentes.com.br\/oldrh\/wp-json\/wp\/v2\/tags?post=6700"}],"curies":[{"name":"wp","href":"https:\/\/api.w.org\/{rel}","templated":true}]}}