{"id":5778,"date":"2019-08-01T12:39:24","date_gmt":"2019-08-01T15:39:24","guid":{"rendered":"https:\/\/segurosinteligentes.com.br\/oldrh\/_old\/?p=5778"},"modified":"2019-08-05T14:14:05","modified_gmt":"2019-08-05T17:14:05","slug":"estrategia-gestao-saude-mental-na-empresa","status":"publish","type":"post","link":"https:\/\/segurosinteligentes.com.br\/oldrh\/estrategia-gestao-saude-mental-na-empresa\/","title":{"rendered":"Qual \u00e9 a estrat\u00e9gia de gest\u00e3o da sa\u00fade mental na sua empresa?"},"content":{"rendered":"<p>[et_pb_section admin_label=&#8221;section&#8221; transparent_background=&#8221;on&#8221; background_color=&#8221;#ffffff&#8221; allow_player_pause=&#8221;off&#8221; inner_shadow=&#8221;off&#8221; parallax=&#8221;off&#8221; parallax_method=&#8221;off&#8221; padding_mobile=&#8221;on&#8221; make_fullwidth=&#8221;off&#8221; use_custom_width=&#8221;off&#8221; width_unit=&#8221;on&#8221; make_equal=&#8221;off&#8221; use_custom_gutter=&#8221;off&#8221; custom_padding=&#8221;0px||50px|&#8221;][et_pb_row admin_label=&#8221;row&#8221; make_fullwidth=&#8221;off&#8221; use_custom_width=&#8221;on&#8221; width_unit=&#8221;off&#8221; use_custom_gutter=&#8221;off&#8221; padding_mobile=&#8221;on&#8221; allow_player_pause=&#8221;off&#8221; parallax=&#8221;off&#8221; parallax_method=&#8221;off&#8221; make_equal=&#8221;off&#8221; parallax_1=&#8221;off&#8221; parallax_method_1=&#8221;off&#8221; parallax_2=&#8221;off&#8221; parallax_method_2=&#8221;off&#8221; column_padding_mobile=&#8221;on&#8221; custom_padding=&#8221;50px|35px|50px|35px&#8221; background_color=&#8221;#ffffff&#8221;][et_pb_column type=&#8221;2_3&#8243;][et_pb_text admin_label=&#8221;tag e data&#8221; background_layout=&#8221;light&#8221; text_orientation=&#8221;left&#8221; text_font=&#8221;|on|||&#8221; text_font_size=&#8221;16&#8243; text_text_color=&#8221;#9ec31e&#8221; text_line_height=&#8221;1.5em&#8221; use_border_color=&#8221;off&#8221; border_color=&#8221;#ffffff&#8221; border_style=&#8221;solid&#8221; custom_margin=&#8221;||0px|&#8221;]<\/p>\n<p>GEST\u00c3O DE SA\u00daDE | 01.AGOSTO.2019<\/p>\n<p>[\/et_pb_text][et_pb_text admin_label=&#8221;t\u00edtulo&#8221; background_layout=&#8221;light&#8221; text_orientation=&#8221;left&#8221; text_font=&#8221;|on|||&#8221; text_font_size=&#8221;32&#8243; text_text_color=&#8221;#495358&#8243; text_line_height=&#8221;1em&#8221; use_border_color=&#8221;off&#8221; border_color=&#8221;#ffffff&#8221; border_style=&#8221;solid&#8221;]<\/p>\n<p>Qual \u00e9 a estrat\u00e9gia de gest\u00e3o da sa\u00fade mental na sua empresa?<\/p>\n<p>[\/et_pb_text][et_pb_text admin_label=&#8221;conte\u00fado&#8221; background_layout=&#8221;light&#8221; text_orientation=&#8221;left&#8221; text_font=&#8221;Open Sans||||&#8221; text_text_color=&#8221;#748690&#8243; text_line_height=&#8221;1.5em&#8221; use_border_color=&#8221;off&#8221; border_color=&#8221;#ffffff&#8221; border_style=&#8221;solid&#8221;]<\/p>\n<p>Nos \u00faltimos dez anos, a concess\u00e3o de aux\u00edlio-doen\u00e7a acident\u00e1rio devido a transtornos mentais e emocionais aumentou quase em 20 vezes, segundo o Minist\u00e9rio da Previd\u00eancia Social, levando com frequ\u00eancia a afastamentos por mais de 100 dias. O F\u00f3rum Econ\u00f4mico Mundial ainda apontou que 75% dos gastos globais com assist\u00eancia m\u00e9dica s\u00e3o com doen\u00e7as cr\u00f4nicas relacionadas ao estresse.<\/p>\n<p>O estresse, muitas vezes confundido com cansa\u00e7o, \u00e9 uma rea\u00e7\u00e3o fisiol\u00f3gica do organismo em frente a situa\u00e7\u00f5es que nosso c\u00e9rebro entende como amea\u00e7adoras ou que causam press\u00e3o. Em n\u00edvel moderado, ele pode gerar altera\u00e7\u00f5es positivas que nos tornam mais eficazes.<\/p>\n<p>Quando essas altera\u00e7\u00f5es persistem, no entanto, passamos a apresentar sinais de exaust\u00e3o, ins\u00f4nia, irritabilidade, taquicardia, mudan\u00e7a de apetite, problemas de concentra\u00e7\u00e3o, pensamentos acelerados e h\u00e1bitos nervosos, como roer as unhas. Esses sintomas trazem \u00e0 luz o estresse negativo.<\/p>\n<p>No Brasil, de acordo com o ISMA-BR, 70% da popula\u00e7\u00e3o sofre com estresse negativo e 30% deles desenvolvem a s\u00edndrome de <em>Burnout<\/em>, um dist\u00farbio psicossocial ocupacional provocado pelo estresse cr\u00f4nico.<\/p>\n<p>De olho nisso, uma a\u00e7\u00e3o promovida pela equipe de Promo\u00e7\u00e3o de Sa\u00fade da It&#8217;sSeg monitorou o estado de coer\u00eancia card\u00edaca* e relaxamento em 335 colaboradores de uma empresa. O estudo foi feito durante um atendimento individual de 20 minutos e contou com a ajuda de um software desenvolvido por especialistas em psicofisiologia.<\/p>\n<p>A ferramenta apontou um \u00edndice de 67,46% de \u201cN\u00e3o Coer\u00eancia Card\u00edaca\u201d, ou seja, naquele momento os participantes estavam com a fisiologia alterada, provavelmente em estado ansioso ou de desgaste mental; 20,30% mostrou \u201cQuase Coer\u00eancia Card\u00edaca\u201d e 12,24% estava com \u201cAlta Coer\u00eancia Card\u00edaca\u201d.<\/p>\n<p>Durante a an\u00e1lise, foi explicado o conceito correto de estresse (positivo e negativo), assim como seus efeitos, e foram apresentadas formas de identificar etapas precoces do sofrimento emocional e como conduzi-las da melhor maneira. Todos os colaboradores, ainda, foram incentivados ao autocuidado.<\/p>\n<p>Para a psic\u00f3loga Karina Stryjer, as empresas devem criar um espa\u00e7o maior para falar sobre sa\u00fade mental de maneira l\u00fadica e educativa, oferecendo ferramentas de autocuidado e autopercep\u00e7\u00e3o aos colaboradores. A l\u00edder de Promo\u00e7\u00e3o de Sa\u00fade da It\u2019sSeg tamb\u00e9m ressaltou a import\u00e2ncia de conscientizar as \u00e1reas m\u00e9dicas e de Recursos Humanos: \u201c\u00c9 necess\u00e1rio acolher quem precisa de ajuda e encaminh\u00e1-los aos canais pertinentes.\u201d.<\/p>\n<p>Como nosso CEO, Thomaz Menezes, j\u00e1 falou por <a href=\"https:\/\/segurosinteligentes.com.br\/oldrh\/_old\/como-reduzir-custos-de-saude-da-empresa-sem-sacrificar-as-pessoas\/\" target=\"_blank\" rel=\"noopener\">aqui<\/a>, iniciativas que tenham foco no usu\u00e1rio e no desenvolvimento de programas de gest\u00e3o de sa\u00fade e de controle de riscos s\u00e3o fundamentais para reduzir custos da empresa e, assim, promover com efici\u00eancia a qualidade de vida no ambiente profissional. Portanto, qual \u00e9 a estrat\u00e9gia para a gest\u00e3o da sa\u00fade dos seus colaboradores e da sua empresa?<\/p>\n<p>&nbsp;<\/p>\n<p>*Estado psicofisiol\u00f3gico caracterizado pela sincronia e equil\u00edbrio entre o ritmo card\u00edaco, as emo\u00e7\u00f5es e algumas fun\u00e7\u00f5es oscilat\u00f3rias do corpo, como respira\u00e7\u00e3o e press\u00e3o arterial.<\/p>\n<p>[\/et_pb_text][\/et_pb_column][et_pb_column type=&#8221;1_3&#8243;][et_pb_sidebar admin_label=&#8221;Barra Lateral&#8221; global_module=&#8221;399&#8243; orientation=&#8221;left&#8221; area=&#8221;sidebar-1&#8243; background_layout=&#8221;light&#8221; remove_border=&#8221;on&#8221; body_line_height=&#8221;1.5em&#8221; custom_css_widget=&#8221;margin-bottom: 30px !important;&#8221; saved_tabs=&#8221;all&#8221;] [\/et_pb_sidebar][\/et_pb_column][\/et_pb_row][\/et_pb_section][et_pb_section admin_label=&#8221;Se\u00e7\u00e3o&#8221; global_module=&#8221;93&#8243; fullwidth=&#8221;off&#8221; specialty=&#8221;off&#8221; transparent_background=&#8221;off&#8221; background_color=&#8221;#f9f9f9&#8243; allow_player_pause=&#8221;off&#8221; inner_shadow=&#8221;off&#8221; parallax=&#8221;off&#8221; parallax_method=&#8221;off&#8221; padding_mobile=&#8221;on&#8221; make_fullwidth=&#8221;off&#8221; use_custom_width=&#8221;off&#8221; width_unit=&#8221;on&#8221; make_equal=&#8221;off&#8221; use_custom_gutter=&#8221;off&#8221; custom_padding=&#8221;20px||20px|&#8221;][et_pb_row global_parent=&#8221;93&#8243; admin_label=&#8221;Linha&#8221; make_fullwidth=&#8221;on&#8221; use_custom_width=&#8221;off&#8221; width_unit=&#8221;on&#8221; use_custom_gutter=&#8221;on&#8221; gutter_width=&#8221;2&#8243; padding_mobile=&#8221;off&#8221; allow_player_pause=&#8221;off&#8221; parallax=&#8221;off&#8221; parallax_method=&#8221;off&#8221; make_equal=&#8221;off&#8221; parallax_1=&#8221;off&#8221; parallax_method_1=&#8221;off&#8221; parallax_2=&#8221;off&#8221; parallax_method_2=&#8221;off&#8221; parallax_3=&#8221;off&#8221; parallax_method_3=&#8221;off&#8221; column_padding_mobile=&#8221;on&#8221; module_class=&#8221;footer&#8221; module_id_1=&#8221;coluna_1&#8243; module_id_2=&#8221;coluna_2&#8243; module_id_3=&#8221;coluna_3&#8243; module_id=&#8221;footer_1&#8243;][et_pb_column type=&#8221;1_4&#8243;][et_pb_text global_parent=&#8221;93&#8243; admin_label=&#8221;logo it&#8217;sseg&#8221; background_layout=&#8221;light&#8221; text_orientation=&#8221;left&#8221; use_border_color=&#8221;off&#8221; border_color=&#8221;#ffffff&#8221; border_style=&#8221;solid&#8221;] <img decoding=\"async\" loading=\"lazy\" class=\"alignleft size-full wp-image-82\" src=\"https:\/\/segurosinteligentes.com.br\/oldrh\/_old\/wp-content\/uploads\/logo_itsseg_footer.png\" alt=\"logo_itsseg_footer\" width=\"270\" height=\"82\" \/> [\/et_pb_text][\/et_pb_column][et_pb_column type=&#8221;1_2&#8243;][et_pb_text global_parent=&#8221;93&#8243; admin_label=&#8221;copyright&#8221; background_layout=&#8221;light&#8221; text_orientation=&#8221;right&#8221; text_line_height=&#8221;1.5em&#8221; use_border_color=&#8221;off&#8221; border_color=&#8221;#ffffff&#8221; border_style=&#8221;solid&#8221; custom_padding=&#8221;|||20%&#8221; text_font=&#8221;Abel||||&#8221;] PORTAL RH IT\u2019SSEG \u00e9 uma publica\u00e7\u00e3o da It\u2019sSeg Seguros Inteligentes. N\u00e3o \u00e9 permitida a reprodu\u00e7\u00e3o do conte\u00fado, mesmo que parcial, para uso comercial de qualquer natureza. Confira <a href=\"https:\/\/segurosinteligentes.com.br\/oldrh\/_old\/politica-de-privacidade\/\" target=\"_blank\" rel=\"noopener\">aqui<\/a> nossa pol\u00edtica de privacidade. [\/et_pb_text][\/et_pb_column][et_pb_column type=&#8221;1_4&#8243;][et_pb_text global_parent=&#8221;93&#8243; admin_label=&#8221;logo portal&#8221; background_layout=&#8221;light&#8221; text_orientation=&#8221;right&#8221; use_border_color=&#8221;off&#8221; border_color=&#8221;#ffffff&#8221; border_style=&#8221;solid&#8221;] <img decoding=\"async\" loading=\"lazy\" class=\"alignright size-full wp-image-83\" src=\"https:\/\/segurosinteligentes.com.br\/oldrh\/_old\/wp-content\/uploads\/logo_portal_footer.png\" alt=\"logo_portal_footer\" width=\"270\" height=\"82\" \/> [\/et_pb_text][\/et_pb_column][\/et_pb_row][et_pb_row global_parent=&#8221;93&#8243; admin_label=&#8221;Linha&#8221; make_fullwidth=&#8221;on&#8221; use_custom_width=&#8221;off&#8221; width_unit=&#8221;on&#8221; use_custom_gutter=&#8221;on&#8221; gutter_width=&#8221;2&#8243; padding_mobile=&#8221;on&#8221; allow_player_pause=&#8221;off&#8221; parallax=&#8221;off&#8221; parallax_method=&#8221;off&#8221; make_equal=&#8221;off&#8221; parallax_1=&#8221;off&#8221; parallax_method_1=&#8221;off&#8221; parallax_2=&#8221;off&#8221; parallax_method_2=&#8221;off&#8221; parallax_3=&#8221;off&#8221; parallax_method_3=&#8221;off&#8221; column_padding_mobile=&#8221;on&#8221; module_id_2=&#8221;coluna_2&#8243; module_id_3=&#8221;coluna_3&#8243; module_id=&#8221;footer_2&#8243; custom_padding=&#8221;||0px|&#8221;][et_pb_column type=&#8221;4_4&#8243;][et_pb_text global_parent=&#8221;93&#8243; admin_label=&#8221;copyright&#8221; background_layout=&#8221;light&#8221; text_orientation=&#8221;center&#8221; text_line_height=&#8221;1.5em&#8221; use_border_color=&#8221;off&#8221; border_color=&#8221;#ffffff&#8221; border_style=&#8221;solid&#8221; text_font=&#8221;Abel||||&#8221;] PORTAL RH IT\u2019SSEG \u00e9 uma publica\u00e7\u00e3o da It\u2019sSeg Seguros Inteligentes. N\u00e3o \u00e9 permitida a reprodu\u00e7\u00e3o do conte\u00fado, mesmo que parcial, para uso comercial de qualquer natureza. Confira <a href=\"https:\/\/segurosinteligentes.com.br\/oldrh\/_old\/politica-de-privacidade\/\" target=\"_blank\" rel=\"noopener\">aqui<\/a> nossa pol\u00edtica de privacidade. [\/et_pb_text][\/et_pb_column][\/et_pb_row][et_pb_row global_parent=&#8221;93&#8243; admin_label=&#8221;Linha&#8221; make_fullwidth=&#8221;on&#8221; use_custom_width=&#8221;off&#8221; width_unit=&#8221;on&#8221; use_custom_gutter=&#8221;on&#8221; gutter_width=&#8221;2&#8243; padding_mobile=&#8221;off&#8221; allow_player_pause=&#8221;off&#8221; parallax=&#8221;off&#8221; parallax_method=&#8221;off&#8221; make_equal=&#8221;off&#8221; parallax_1=&#8221;off&#8221; parallax_method_1=&#8221;off&#8221; parallax_2=&#8221;off&#8221; parallax_method_2=&#8221;off&#8221; parallax_3=&#8221;off&#8221; parallax_method_3=&#8221;off&#8221; column_padding_mobile=&#8221;on&#8221; module_id_3=&#8221;coluna_3&#8243; module_id=&#8221;footer_2_2&#8243; custom_padding=&#8221;0px|||&#8221;][et_pb_column type=&#8221;1_2&#8243;][et_pb_text global_parent=&#8221;93&#8243; admin_label=&#8221;logo it&#8217;sseg&#8221; background_layout=&#8221;light&#8221; text_orientation=&#8221;left&#8221; use_border_color=&#8221;off&#8221; border_color=&#8221;#ffffff&#8221; border_style=&#8221;solid&#8221; module_id=&#8221;logo_itsseg_footer_1&#8243;] <img decoding=\"async\" loading=\"lazy\" src=\"https:\/\/segurosinteligentes.com.br\/oldrh\/_old\/wp-content\/uploads\/logo_itsseg_footer.png\" alt=\"logo_itsseg_footer\" width=\"270\" height=\"82\" \/> [\/et_pb_text][et_pb_text global_parent=&#8221;93&#8243; admin_label=&#8221;logo it&#8217;sseg&#8221; background_layout=&#8221;light&#8221; text_orientation=&#8221;center&#8221; use_border_color=&#8221;off&#8221; border_color=&#8221;#ffffff&#8221; border_style=&#8221;solid&#8221; module_id=&#8221;logo_itsseg_footer_2&#8243;] <img decoding=\"async\" loading=\"lazy\" src=\"https:\/\/segurosinteligentes.com.br\/oldrh\/_old\/wp-content\/uploads\/logo_footer_2.png\" alt=\"logo_footer_2\" width=\"70\" height=\"105\" \/> [\/et_pb_text][\/et_pb_column][et_pb_column type=&#8221;1_2&#8243;][et_pb_text global_parent=&#8221;93&#8243; admin_label=&#8221;logo portal&#8221; background_layout=&#8221;light&#8221; text_orientation=&#8221;right&#8221; use_border_color=&#8221;off&#8221; border_color=&#8221;#ffffff&#8221; border_style=&#8221;solid&#8221; module_id=&#8221;logo_portal_itsseg_footer_2&#8243;] <img decoding=\"async\" loading=\"lazy\" src=\"https:\/\/segurosinteligentes.com.br\/oldrh\/_old\/wp-content\/uploads\/logo_portal_footer-1.png\" alt=\"logo_portal_footer\" width=\"238\" height=\"62\" \/> [\/et_pb_text][\/et_pb_column][\/et_pb_row][\/et_pb_section]<\/p>\n","protected":false},"excerpt":{"rendered":"<p>O F\u00f3rum Econ\u00f4mico Mundial apontou que 75% dos gastos globais com assist\u00eancia m\u00e9dica s\u00e3o com doen\u00e7as cr\u00f4nicas relacionadas ao estresse.<\/p>\n","protected":false},"author":5,"featured_media":5784,"comment_status":"closed","ping_status":"closed","sticky":false,"template":"","format":"standard","meta":{"_et_pb_use_builder":"on","_et_pb_old_content":"","_et_gb_content_width":"","_links_to":"","_links_to_target":""},"categories":[14],"tags":[272],"_links":{"self":[{"href":"https:\/\/segurosinteligentes.com.br\/oldrh\/wp-json\/wp\/v2\/posts\/5778"}],"collection":[{"href":"https:\/\/segurosinteligentes.com.br\/oldrh\/wp-json\/wp\/v2\/posts"}],"about":[{"href":"https:\/\/segurosinteligentes.com.br\/oldrh\/wp-json\/wp\/v2\/types\/post"}],"author":[{"embeddable":true,"href":"https:\/\/segurosinteligentes.com.br\/oldrh\/wp-json\/wp\/v2\/users\/5"}],"replies":[{"embeddable":true,"href":"https:\/\/segurosinteligentes.com.br\/oldrh\/wp-json\/wp\/v2\/comments?post=5778"}],"version-history":[{"count":10,"href":"https:\/\/segurosinteligentes.com.br\/oldrh\/wp-json\/wp\/v2\/posts\/5778\/revisions"}],"predecessor-version":[{"id":10208,"href":"https:\/\/segurosinteligentes.com.br\/oldrh\/wp-json\/wp\/v2\/posts\/5778\/revisions\/10208"}],"wp:featuredmedia":[{"embeddable":true,"href":"https:\/\/segurosinteligentes.com.br\/oldrh\/wp-json\/wp\/v2\/media\/5784"}],"wp:attachment":[{"href":"https:\/\/segurosinteligentes.com.br\/oldrh\/wp-json\/wp\/v2\/media?parent=5778"}],"wp:term":[{"taxonomy":"category","embeddable":true,"href":"https:\/\/segurosinteligentes.com.br\/oldrh\/wp-json\/wp\/v2\/categories?post=5778"},{"taxonomy":"post_tag","embeddable":true,"href":"https:\/\/segurosinteligentes.com.br\/oldrh\/wp-json\/wp\/v2\/tags?post=5778"}],"curies":[{"name":"wp","href":"https:\/\/api.w.org\/{rel}","templated":true}]}}