{"id":5523,"date":"2019-03-26T14:18:40","date_gmt":"2019-03-26T17:18:40","guid":{"rendered":"https:\/\/segurosinteligentes.com.br\/oldrh\/_old\/?p=5523"},"modified":"2019-03-26T14:18:40","modified_gmt":"2019-03-26T17:18:40","slug":"judicializacao-303-dos-processos-envolvem-planos-de-saude","status":"publish","type":"post","link":"https:\/\/segurosinteligentes.com.br\/oldrh\/judicializacao-303-dos-processos-envolvem-planos-de-saude\/","title":{"rendered":"Judicializa\u00e7\u00e3o: 30,3% dos processos envolvem planos de sa\u00fade"},"content":{"rendered":"<p>[et_pb_section admin_label=&#8221;section&#8221; transparent_background=&#8221;on&#8221; background_color=&#8221;#ffffff&#8221; allow_player_pause=&#8221;off&#8221; inner_shadow=&#8221;off&#8221; parallax=&#8221;off&#8221; parallax_method=&#8221;off&#8221; padding_mobile=&#8221;on&#8221; make_fullwidth=&#8221;off&#8221; use_custom_width=&#8221;off&#8221; width_unit=&#8221;on&#8221; make_equal=&#8221;off&#8221; use_custom_gutter=&#8221;off&#8221; custom_padding=&#8221;0px||50px|&#8221;][et_pb_row admin_label=&#8221;row&#8221; make_fullwidth=&#8221;off&#8221; use_custom_width=&#8221;on&#8221; width_unit=&#8221;off&#8221; use_custom_gutter=&#8221;off&#8221; padding_mobile=&#8221;on&#8221; allow_player_pause=&#8221;off&#8221; parallax=&#8221;off&#8221; parallax_method=&#8221;off&#8221; make_equal=&#8221;off&#8221; parallax_1=&#8221;off&#8221; parallax_method_1=&#8221;off&#8221; parallax_2=&#8221;off&#8221; parallax_method_2=&#8221;off&#8221; column_padding_mobile=&#8221;on&#8221; custom_padding=&#8221;50px|35px|50px|35px&#8221; background_color=&#8221;#ffffff&#8221;][et_pb_column type=&#8221;2_3&#8243;][et_pb_text admin_label=&#8221;tag e data&#8221; background_layout=&#8221;light&#8221; text_orientation=&#8221;left&#8221; text_font=&#8221;|on|||&#8221; text_font_size=&#8221;16&#8243; text_text_color=&#8221;#9ec31e&#8221; text_line_height=&#8221;1.5em&#8221; use_border_color=&#8221;off&#8221; border_color=&#8221;#ffffff&#8221; border_style=&#8221;solid&#8221; custom_margin=&#8221;||0px|&#8221;]<\/p>\n<p>A\u00c7\u00d5ES NA SA\u00daDE | 26.MAR\u00c7O.2019<\/p>\n<p>[\/et_pb_text][et_pb_text admin_label=&#8221;t\u00edtulo&#8221; background_layout=&#8221;light&#8221; text_orientation=&#8221;left&#8221; text_font=&#8221;|on|||&#8221; text_font_size=&#8221;32&#8243; text_text_color=&#8221;#495358&#8243; text_line_height=&#8221;1em&#8221; use_border_color=&#8221;off&#8221; border_color=&#8221;#ffffff&#8221; border_style=&#8221;solid&#8221;]<\/p>\n<p>Judicializa\u00e7\u00e3o: 30,3% dos processos envolvem planos de sa\u00fade<\/p>\n<p>[\/et_pb_text][et_pb_text admin_label=&#8221;conte\u00fado&#8221; background_layout=&#8221;light&#8221; text_orientation=&#8221;left&#8221; text_font=&#8221;Open Sans||||&#8221; text_font_size=&#8221;16&#8243; text_text_color=&#8221;#748690&#8243; text_line_height=&#8221;1.5em&#8221; use_border_color=&#8221;off&#8221; border_color=&#8221;#ffffff&#8221; border_style=&#8221;solid&#8221;]<\/p>\n<p>Um estudo divulgado nesta semana apontou que, <a href=\"https:\/\/segurosinteligentes.com.br\/oldrh\/_old\/em-10-anos-judicializacao-da-saude-cresce-130-no-pais\/\">entre 2008 e 2017, a judicializa\u00e7\u00e3o da sa\u00fade cresceu 130% no Brasil<\/a>. De todos os processos, 30,3% est\u00e3o relacionados aos planos de sa\u00fade \u2013 o que, segundo o estudo, refor\u00e7a a import\u00e2ncia do tema no universo da sa\u00fade suplementar.   <\/p>\n<p>O tipo mais comum de a\u00e7\u00f5es contra os planos de sa\u00fade, segundo o estudo, tem a ver com pedidos de cobertura de procedimentos, especialmente quando est\u00e3o envolvidas pr\u00f3teses (feitas para substituir uma parte do corpo) e \u00f3rteses (recurso terap\u00eautico complementar).<\/p>\n<p>Os casos de pr\u00f3teses e \u00f3rteses aparecem em mais de 108 mil decis\u00f5es liminares em uma amostra de 188 mil. A liminar \u00e9 um ato processual utilizado quando o juiz se convence de que a parte solicitante n\u00e3o pode esperar at\u00e9 o fim do processo e, por isso, devem ser antecipadas medidas eficazes para prote\u00e7\u00e3o dos direitos que est\u00e3o em jogo. <\/p>\n<p>Ainda segundo a pesquisa, o valor unit\u00e1rio de pr\u00f3teses e \u00f3rteses e o car\u00e1ter de urg\u00eancia muitas vezes associado \u00e0 sua utiliza\u00e7\u00e3o s\u00e3o prov\u00e1veis explica\u00e7\u00f5es para a sua elevada incid\u00eancia nas decis\u00f5es liminares. <\/p>\n<p><strong>A\u00e7\u00f5es coletivas<\/strong><\/p>\n<p>O estudo ainda p\u00f5e em xeque a teoria de que h\u00e1 diferen\u00e7a de tratamento e sucesso de a\u00e7\u00f5es individuais em rela\u00e7\u00e3o \u00e0s coletivas \u2013 segundo o CNJ, existe a cren\u00e7a de que tribunais e ju\u00edzes estariam mais dispostos a decidir casos individuais de forma favor\u00e1vel do que a realizar reformas estruturais na pol\u00edtica p\u00fablica de sa\u00fade via a\u00e7\u00f5es coletivas.<\/p>\n<p>De acordo com o levantamento, o fato de uma a\u00e7\u00e3o ser coletiva est\u00e1 associado a uma maior probabilidade de decis\u00e3o favor\u00e1vel ao demandante &#8211; um acr\u00e9scimo de cerca de 7% de chance de sucesso.  <\/p>\n<p><strong>Impacto<\/strong><\/p>\n<p>N\u00e3o se discute o direito \u00e0 vida e \u00e0 sa\u00fade, afinal, ele \u00e9 e sempre ser\u00e1 soberano. O debate, aqui, gira em torno do impacto que esse alto n\u00famero de processos gera em todo o sistema: s\u00f3 na sa\u00fade suplementar, os gastos superam a casa dos milh\u00f5es de reais \u2013 em alguns casos, envolvendo apenas um contrato. H\u00e1 exemplos ainda em que o custo judicial, no final, acaba sendo superior ao do que \u00e9 pedido em ju\u00edzo.<\/p>\n<p>Por isso \u00e9 importante insistir em que, quanto mais entendermos at\u00e9 onde vai o nosso direito na hora de utilizar o benef\u00edcio do plano ou seguro sa\u00fade, melhor ser\u00e1 para o sistema como um todo.<\/p>\n<p>Quer ler mais not\u00edcias como essa? <a href=\"https:\/\/segurosinteligentes.com.br\/oldrh\/_old\/category\/legislacao\/\">Clique aqui<\/a> e navegue pelo Portal RH It\u2019sSeg. Siga-nos tamb\u00e9m no <a href=\"https:\/\/www.facebook.com\/itsseg\/\" rel=\"noopener\" target=\"_blank\">Facebook<\/a> e no <a href=\"https:\/\/www.linkedin.com\/company\/9221126\/\" rel=\"noopener\" target=\"_blank\">Linkedin<\/a>.<\/p>\n<p>[\/et_pb_text][\/et_pb_column][et_pb_column type=&#8221;1_3&#8243;][et_pb_sidebar admin_label=&#8221;Barra Lateral&#8221; global_module=&#8221;399&#8243; orientation=&#8221;left&#8221; area=&#8221;sidebar-1&#8243; background_layout=&#8221;light&#8221; remove_border=&#8221;on&#8221; body_line_height=&#8221;1.5em&#8221; custom_css_widget=&#8221;margin-bottom: 30px !important;&#8221; saved_tabs=&#8221;all&#8221;]<\/p>\n<p>[\/et_pb_sidebar][\/et_pb_column][\/et_pb_row][\/et_pb_section][et_pb_section admin_label=&#8221;Se\u00e7\u00e3o&#8221; global_module=&#8221;93&#8243; fullwidth=&#8221;off&#8221; specialty=&#8221;off&#8221; transparent_background=&#8221;off&#8221; background_color=&#8221;#f9f9f9&#8243; allow_player_pause=&#8221;off&#8221; inner_shadow=&#8221;off&#8221; parallax=&#8221;off&#8221; parallax_method=&#8221;off&#8221; padding_mobile=&#8221;on&#8221; make_fullwidth=&#8221;off&#8221; use_custom_width=&#8221;off&#8221; width_unit=&#8221;on&#8221; make_equal=&#8221;off&#8221; use_custom_gutter=&#8221;off&#8221; custom_padding=&#8221;20px||20px|&#8221;][et_pb_row global_parent=&#8221;93&#8243; admin_label=&#8221;Linha&#8221; make_fullwidth=&#8221;on&#8221; use_custom_width=&#8221;off&#8221; width_unit=&#8221;on&#8221; use_custom_gutter=&#8221;on&#8221; gutter_width=&#8221;2&#8243; padding_mobile=&#8221;off&#8221; allow_player_pause=&#8221;off&#8221; parallax=&#8221;off&#8221; parallax_method=&#8221;off&#8221; make_equal=&#8221;off&#8221; parallax_1=&#8221;off&#8221; parallax_method_1=&#8221;off&#8221; parallax_2=&#8221;off&#8221; parallax_method_2=&#8221;off&#8221; parallax_3=&#8221;off&#8221; parallax_method_3=&#8221;off&#8221; column_padding_mobile=&#8221;on&#8221; module_class=&#8221;footer&#8221; module_id_1=&#8221;coluna_1&#8243; module_id_2=&#8221;coluna_2&#8243; module_id_3=&#8221;coluna_3&#8243; module_id=&#8221;footer_1&#8243;][et_pb_column type=&#8221;1_4&#8243;][et_pb_text global_parent=&#8221;93&#8243; admin_label=&#8221;logo it&#8217;sseg&#8221; background_layout=&#8221;light&#8221; text_orientation=&#8221;left&#8221; use_border_color=&#8221;off&#8221; border_color=&#8221;#ffffff&#8221; border_style=&#8221;solid&#8221;]<\/p>\n<p><img decoding=\"async\" loading=\"lazy\" src=\"https:\/\/segurosinteligentes.com.br\/oldrh\/_old\/wp-content\/uploads\/logo_itsseg_footer.png\" alt=\"logo_itsseg_footer\" width=\"270\" height=\"82\" class=\"alignleft size-full wp-image-82\" \/><\/p>\n<p>[\/et_pb_text][\/et_pb_column][et_pb_column type=&#8221;1_2&#8243;][et_pb_text global_parent=&#8221;93&#8243; admin_label=&#8221;copyright&#8221; background_layout=&#8221;light&#8221; text_orientation=&#8221;right&#8221; text_line_height=&#8221;1.5em&#8221; use_border_color=&#8221;off&#8221; border_color=&#8221;#ffffff&#8221; border_style=&#8221;solid&#8221; custom_padding=&#8221;|||20%&#8221; text_font=&#8221;Abel||||&#8221;]<\/p>\n<p>PORTAL RH IT\u2019SSEG \u00e9 uma publica\u00e7\u00e3o da It\u2019sSeg Seguros Inteligentes. N\u00e3o \u00e9 permitida a reprodu\u00e7\u00e3o do conte\u00fado, mesmo que parcial, para uso comercial de qualquer natureza. Confira <a href=\"https:\/\/segurosinteligentes.com.br\/oldrh\/_old\/politica-de-privacidade\/\" target=\"_blank\">aqui<\/a> nossa pol\u00edtica de privacidade.<\/p>\n<p>[\/et_pb_text][\/et_pb_column][et_pb_column type=&#8221;1_4&#8243;][et_pb_text global_parent=&#8221;93&#8243; admin_label=&#8221;logo portal&#8221; background_layout=&#8221;light&#8221; text_orientation=&#8221;right&#8221; use_border_color=&#8221;off&#8221; border_color=&#8221;#ffffff&#8221; border_style=&#8221;solid&#8221;]<\/p>\n<p><img decoding=\"async\" loading=\"lazy\" src=\"https:\/\/segurosinteligentes.com.br\/oldrh\/_old\/wp-content\/uploads\/logo_portal_footer.png\" alt=\"logo_portal_footer\" width=\"270\" height=\"82\" class=\"alignright size-full wp-image-83\" \/><\/p>\n<p>[\/et_pb_text][\/et_pb_column][\/et_pb_row][et_pb_row global_parent=&#8221;93&#8243; admin_label=&#8221;Linha&#8221; make_fullwidth=&#8221;on&#8221; use_custom_width=&#8221;off&#8221; width_unit=&#8221;on&#8221; use_custom_gutter=&#8221;on&#8221; gutter_width=&#8221;2&#8243; padding_mobile=&#8221;on&#8221; allow_player_pause=&#8221;off&#8221; parallax=&#8221;off&#8221; parallax_method=&#8221;off&#8221; make_equal=&#8221;off&#8221; parallax_1=&#8221;off&#8221; parallax_method_1=&#8221;off&#8221; parallax_2=&#8221;off&#8221; parallax_method_2=&#8221;off&#8221; parallax_3=&#8221;off&#8221; parallax_method_3=&#8221;off&#8221; column_padding_mobile=&#8221;on&#8221; module_id_2=&#8221;coluna_2&#8243; module_id_3=&#8221;coluna_3&#8243; module_id=&#8221;footer_2&#8243; custom_padding=&#8221;||0px|&#8221;][et_pb_column type=&#8221;4_4&#8243;][et_pb_text global_parent=&#8221;93&#8243; admin_label=&#8221;copyright&#8221; background_layout=&#8221;light&#8221; text_orientation=&#8221;center&#8221; text_line_height=&#8221;1.5em&#8221; use_border_color=&#8221;off&#8221; border_color=&#8221;#ffffff&#8221; border_style=&#8221;solid&#8221; text_font=&#8221;Abel||||&#8221;]<\/p>\n<p>PORTAL RH IT\u2019SSEG \u00e9 uma publica\u00e7\u00e3o da It\u2019sSeg Seguros Inteligentes. N\u00e3o \u00e9 permitida a reprodu\u00e7\u00e3o do conte\u00fado, mesmo que parcial, para uso comercial de qualquer natureza. Confira <a href=\"https:\/\/segurosinteligentes.com.br\/oldrh\/_old\/politica-de-privacidade\/\" target=\"_blank\">aqui<\/a> nossa pol\u00edtica de privacidade.<\/p>\n<p>[\/et_pb_text][\/et_pb_column][\/et_pb_row][et_pb_row global_parent=&#8221;93&#8243; admin_label=&#8221;Linha&#8221; make_fullwidth=&#8221;on&#8221; use_custom_width=&#8221;off&#8221; width_unit=&#8221;on&#8221; use_custom_gutter=&#8221;on&#8221; gutter_width=&#8221;2&#8243; padding_mobile=&#8221;off&#8221; allow_player_pause=&#8221;off&#8221; parallax=&#8221;off&#8221; parallax_method=&#8221;off&#8221; make_equal=&#8221;off&#8221; parallax_1=&#8221;off&#8221; parallax_method_1=&#8221;off&#8221; parallax_2=&#8221;off&#8221; parallax_method_2=&#8221;off&#8221; parallax_3=&#8221;off&#8221; parallax_method_3=&#8221;off&#8221; column_padding_mobile=&#8221;on&#8221; module_id_3=&#8221;coluna_3&#8243; module_id=&#8221;footer_2_2&#8243; custom_padding=&#8221;0px|||&#8221;][et_pb_column type=&#8221;1_2&#8243;][et_pb_text global_parent=&#8221;93&#8243; admin_label=&#8221;logo it&#8217;sseg&#8221; background_layout=&#8221;light&#8221; text_orientation=&#8221;left&#8221; use_border_color=&#8221;off&#8221; border_color=&#8221;#ffffff&#8221; border_style=&#8221;solid&#8221; module_id=&#8221;logo_itsseg_footer_1&#8243;]<\/p>\n<p><img decoding=\"async\" loading=\"lazy\" src=\"https:\/\/segurosinteligentes.com.br\/oldrh\/_old\/wp-content\/uploads\/logo_itsseg_footer.png\" alt=\"logo_itsseg_footer\" width=\"270\" height=\"82\"><\/p>\n<p>[\/et_pb_text][et_pb_text global_parent=&#8221;93&#8243; admin_label=&#8221;logo it&#8217;sseg&#8221; background_layout=&#8221;light&#8221; text_orientation=&#8221;center&#8221; use_border_color=&#8221;off&#8221; border_color=&#8221;#ffffff&#8221; border_style=&#8221;solid&#8221; module_id=&#8221;logo_itsseg_footer_2&#8243;]<\/p>\n<p><img decoding=\"async\" loading=\"lazy\" src=\"https:\/\/segurosinteligentes.com.br\/oldrh\/_old\/wp-content\/uploads\/logo_footer_2.png\" alt=\"logo_footer_2\" width=\"70\" height=\"105\" \/><\/p>\n<p>[\/et_pb_text][\/et_pb_column][et_pb_column type=&#8221;1_2&#8243;][et_pb_text global_parent=&#8221;93&#8243; admin_label=&#8221;logo portal&#8221; background_layout=&#8221;light&#8221; text_orientation=&#8221;right&#8221; use_border_color=&#8221;off&#8221; border_color=&#8221;#ffffff&#8221; border_style=&#8221;solid&#8221; module_id=&#8221;logo_portal_itsseg_footer_2&#8243;]<\/p>\n<p><img decoding=\"async\" loading=\"lazy\" src=\"https:\/\/segurosinteligentes.com.br\/oldrh\/_old\/wp-content\/uploads\/logo_portal_footer-1.png\" alt=\"logo_portal_footer\" width=\"238\" height=\"62\"><\/p>\n<p>[\/et_pb_text][\/et_pb_column][\/et_pb_row][\/et_pb_section]<\/p>\n","protected":false},"excerpt":{"rendered":"<p>Tipo mais comum de a\u00e7\u00f5es contra os planos, segundo estudo, tem a ver com pedidos de cobertura de procedimentos<\/p>\n","protected":false},"author":5,"featured_media":5524,"comment_status":"closed","ping_status":"closed","sticky":false,"template":"","format":"standard","meta":{"_et_pb_use_builder":"on","_et_pb_old_content":"","_et_gb_content_width":"","_links_to":"","_links_to_target":""},"categories":[13],"tags":[258],"_links":{"self":[{"href":"https:\/\/segurosinteligentes.com.br\/oldrh\/wp-json\/wp\/v2\/posts\/5523"}],"collection":[{"href":"https:\/\/segurosinteligentes.com.br\/oldrh\/wp-json\/wp\/v2\/posts"}],"about":[{"href":"https:\/\/segurosinteligentes.com.br\/oldrh\/wp-json\/wp\/v2\/types\/post"}],"author":[{"embeddable":true,"href":"https:\/\/segurosinteligentes.com.br\/oldrh\/wp-json\/wp\/v2\/users\/5"}],"replies":[{"embeddable":true,"href":"https:\/\/segurosinteligentes.com.br\/oldrh\/wp-json\/wp\/v2\/comments?post=5523"}],"version-history":[{"count":2,"href":"https:\/\/segurosinteligentes.com.br\/oldrh\/wp-json\/wp\/v2\/posts\/5523\/revisions"}],"predecessor-version":[{"id":5526,"href":"https:\/\/segurosinteligentes.com.br\/oldrh\/wp-json\/wp\/v2\/posts\/5523\/revisions\/5526"}],"wp:featuredmedia":[{"embeddable":true,"href":"https:\/\/segurosinteligentes.com.br\/oldrh\/wp-json\/wp\/v2\/media\/5524"}],"wp:attachment":[{"href":"https:\/\/segurosinteligentes.com.br\/oldrh\/wp-json\/wp\/v2\/media?parent=5523"}],"wp:term":[{"taxonomy":"category","embeddable":true,"href":"https:\/\/segurosinteligentes.com.br\/oldrh\/wp-json\/wp\/v2\/categories?post=5523"},{"taxonomy":"post_tag","embeddable":true,"href":"https:\/\/segurosinteligentes.com.br\/oldrh\/wp-json\/wp\/v2\/tags?post=5523"}],"curies":[{"name":"wp","href":"https:\/\/api.w.org\/{rel}","templated":true}]}}