{"id":482,"date":"2016-06-16T19:27:53","date_gmt":"2016-06-16T22:27:53","guid":{"rendered":"https:\/\/segurosinteligentes.com.br\/oldrh\/_old\/?p=482"},"modified":"2018-08-29T16:14:54","modified_gmt":"2018-08-29T19:14:54","slug":"variacao-de-custo-medico-hospitalar-atinge-193","status":"publish","type":"post","link":"https:\/\/segurosinteligentes.com.br\/oldrh\/variacao-de-custo-medico-hospitalar-atinge-193\/","title":{"rendered":"Varia\u00e7\u00e3o de custo m\u00e9dico-hospitalar atinge 19,3%"},"content":{"rendered":"<p>[et_pb_section admin_label=&#8221;section&#8221; transparent_background=&#8221;on&#8221; background_color=&#8221;#ffffff&#8221; allow_player_pause=&#8221;off&#8221; inner_shadow=&#8221;off&#8221; parallax=&#8221;off&#8221; parallax_method=&#8221;off&#8221; padding_mobile=&#8221;on&#8221; make_fullwidth=&#8221;off&#8221; use_custom_width=&#8221;off&#8221; width_unit=&#8221;on&#8221; make_equal=&#8221;off&#8221; use_custom_gutter=&#8221;off&#8221; custom_padding=&#8221;0px||50px|&#8221;][et_pb_row admin_label=&#8221;row&#8221; make_fullwidth=&#8221;off&#8221; use_custom_width=&#8221;on&#8221; width_unit=&#8221;off&#8221; use_custom_gutter=&#8221;off&#8221; padding_mobile=&#8221;on&#8221; allow_player_pause=&#8221;off&#8221; parallax=&#8221;off&#8221; parallax_method=&#8221;off&#8221; make_equal=&#8221;off&#8221; parallax_1=&#8221;off&#8221; parallax_method_1=&#8221;off&#8221; parallax_2=&#8221;off&#8221; parallax_method_2=&#8221;off&#8221; column_padding_mobile=&#8221;on&#8221; custom_padding=&#8221;50px|35px|50px|35px&#8221; background_color=&#8221;#ffffff&#8221;][et_pb_column type=&#8221;2_3&#8243;][et_pb_text admin_label=&#8221;tag e data&#8221; background_layout=&#8221;light&#8221; text_orientation=&#8221;left&#8221; text_font=&#8221;|on|||&#8221; text_font_size=&#8221;16&#8243; text_text_color=&#8221;#9ec31e&#8221; text_line_height=&#8221;1.5em&#8221; use_border_color=&#8221;off&#8221; border_color=&#8221;#ffffff&#8221; border_style=&#8221;solid&#8221; custom_margin=&#8221;||0px|&#8221;]<\/p>\n<p>GASTOS EM ALTA | 16.JUNHO.2016<\/p>\n<p>[\/et_pb_text][et_pb_text admin_label=&#8221;t\u00edtulo&#8221; background_layout=&#8221;light&#8221; text_orientation=&#8221;left&#8221; text_font=&#8221;|on|||&#8221; text_font_size=&#8221;32&#8243; text_text_color=&#8221;#495358&#8243; text_line_height=&#8221;1em&#8221; use_border_color=&#8221;off&#8221; border_color=&#8221;#ffffff&#8221; border_style=&#8221;solid&#8221;]<\/p>\n<p>Varia\u00e7\u00e3o de custo m\u00e9dico-hospitalar atinge 19,3%<\/p>\n<p>[\/et_pb_text][et_pb_text admin_label=&#8221;conte\u00fado&#8221; background_layout=&#8221;light&#8221; text_orientation=&#8221;left&#8221; text_font=&#8221;Open Sans||||&#8221; text_font_size=&#8221;16&#8243; text_text_color=&#8221;#748690&#8243; text_line_height=&#8221;1.5em&#8221; use_border_color=&#8221;off&#8221; border_color=&#8221;#ffffff&#8221; border_style=&#8221;solid&#8221;]<\/p>\n<p>A varia\u00e7\u00e3o do custo m\u00e9dico-hospitalar (VCMH) referente ao per\u00edodo de dezembro de 2014 a dezembro de 2015 atingiu 19,3%. O \u00edndice se manteve superior \u00e0 taxa de infla\u00e7\u00e3o do mesmo per\u00edodo (10,7%) e apresentou aumento de 4,0% em rela\u00e7\u00e3o ao ano anterior, no qual o VCMH era de 15,3%.<\/p>\n<p>O custo m\u00e9dico-hospitalar \u00e9 resultado de uma combina\u00e7\u00e3o dos fatores frequ\u00eancia e pre\u00e7o dos servi\u00e7os de sa\u00fade no intervalo de tempo analisado e a VCMH \u00e9 a varia\u00e7\u00e3o do custo das operadoras de planos e seguros de sa\u00fade. O c\u00e1lculo \u00e9 feito para um conjunto de planos individuais de operadoras, que representam cerca de um quarto do mercado. <\/p>\n<p>Desde 2011, os problemas econ\u00f4micos v\u00eam afetando o mercado de trabalho, culminando na atual crise, que impactou diretamente na renda m\u00e9dia da popula\u00e7\u00e3o que, ao contr\u00e1rio do VCMH, que est\u00e1 aumentando progressivamente, apresenta um processo de desacelera\u00e7\u00e3o cont\u00ednua.<\/p>\n<p style=\"padding-bottom: 0;\">&nbsp;<\/p>\n<p style=\"color: #495358; font-size: 22px; font-weight: bold;\">\u00c1reas que mais influenciaram a alta do VCMH<\/p>\n<p>O principal fator de influ\u00eancia foi a acelera\u00e7\u00e3o no \u00edndice dos Procedimentos de Interna\u00e7\u00e3o e Exames, sendo a interna\u00e7\u00e3o o principal item dos gastos m\u00e9dicos devido \u00e0 alta demanda por materiais e medicamentos, totalizando 10,7%, mais da metade da varia\u00e7\u00e3o do VCMH. Consultas foram respons\u00e1veis por 1,7%, Exames por 1,8% e o grupo de Terapias por 4,8%. De dezembro de 2014 a dezembro de 2015, Terapias apresentou a maior varia\u00e7\u00e3o em 12 meses, de 3,4%.<\/p>\n<p>A faixa et\u00e1ria dos benefici\u00e1rios tamb\u00e9m influenciou a varia\u00e7\u00e3o dos custos m\u00e9dicos. O grupo de pessoas com 59 anos ou mais representa 24,6% dos benefici\u00e1rios, com alta de 2,8% em compara\u00e7\u00e3o ao \u00edndice anterior.<\/p>\n<p style=\"padding-bottom: 0;\">&nbsp;<\/p>\n<p style=\"color: #495358; font-size: 22px; font-weight: bold;\">Alta demanda e custos configuram o cen\u00e1rio atual<\/p>\n<p>Segundo a \u00e1rea m\u00e9dica da It\u2019sSeg, o cen\u00e1rio da sa\u00fade no S\u00e9culo XXI \u00e9 marcado pela preval\u00eancia de condi\u00e7\u00f5es de transi\u00e7\u00e3o: Transi\u00e7\u00e3o Epidemiol\u00f3gica, especialmente com Doen\u00e7as Cr\u00f4nicas N\u00e3o Transmiss\u00edveis (DCNT), como diabetes e hipertens\u00e3o, que ser\u00e3o respons\u00e1veis por quase 60% da mortalidade na popula\u00e7\u00e3o e at\u00e9 2020, segundo a Organiza\u00e7\u00e3o Mundial da Sa\u00fade; Transi\u00e7\u00e3o Demogr\u00e1fica, com o aumento da longevidade e, com ela, a crescente demanda por cuidados de sa\u00fade, principalmente relacionados \u00e0s DCNTs em longo prazo, gerando uma perspectiva de gastos crescente; Transi\u00e7\u00e3o Tecnol\u00f3gica, cujo avan\u00e7o propicia o aumento da expectativa e qualidade de vida, por\u00e9m a um custo quase que insustent\u00e1vel.<\/p>\n<p>Nesse contexto ainda h\u00e1 uma crise financeira \u00edmpar, na qual cerca de 700 mil pessoas deixaram de ter plano de sa\u00fade somente no Estado de S\u00e3o Paulo, no intervalo de um ano. Essa crise econ\u00f4mica, somada ao aumento dos casos de dengue, zika, chukungunya e H1N1, que atingiram o Pa\u00eds nos \u00faltimos meses, poderiam surtir um \u00fanico efeito: altas alarmantes no custo m\u00e9dico-hospitalar.<\/p>\n<p>[\/et_pb_text][\/et_pb_column][et_pb_column type=&#8221;1_3&#8243;][et_pb_sidebar admin_label=&#8221;Barra Lateral&#8221; global_module=&#8221;399&#8243; orientation=&#8221;left&#8221; area=&#8221;sidebar-1&#8243; background_layout=&#8221;light&#8221; remove_border=&#8221;on&#8221; body_line_height=&#8221;1.5em&#8221; custom_css_widget=&#8221;margin-bottom: 30px !important;&#8221; saved_tabs=&#8221;all&#8221;]<\/p>\n<p>[\/et_pb_sidebar][\/et_pb_column][\/et_pb_row][\/et_pb_section][et_pb_section admin_label=&#8221;Se\u00e7\u00e3o&#8221; global_module=&#8221;93&#8243; fullwidth=&#8221;off&#8221; specialty=&#8221;off&#8221; transparent_background=&#8221;off&#8221; background_color=&#8221;#f9f9f9&#8243; allow_player_pause=&#8221;off&#8221; inner_shadow=&#8221;off&#8221; parallax=&#8221;off&#8221; parallax_method=&#8221;off&#8221; padding_mobile=&#8221;on&#8221; make_fullwidth=&#8221;off&#8221; use_custom_width=&#8221;off&#8221; width_unit=&#8221;on&#8221; make_equal=&#8221;off&#8221; use_custom_gutter=&#8221;off&#8221; custom_padding=&#8221;20px||20px|&#8221;][et_pb_row global_parent=&#8221;93&#8243; admin_label=&#8221;Linha&#8221; make_fullwidth=&#8221;on&#8221; use_custom_width=&#8221;off&#8221; width_unit=&#8221;on&#8221; use_custom_gutter=&#8221;on&#8221; gutter_width=&#8221;2&#8243; padding_mobile=&#8221;off&#8221; allow_player_pause=&#8221;off&#8221; parallax=&#8221;off&#8221; parallax_method=&#8221;off&#8221; make_equal=&#8221;off&#8221; parallax_1=&#8221;off&#8221; parallax_method_1=&#8221;off&#8221; parallax_2=&#8221;off&#8221; parallax_method_2=&#8221;off&#8221; parallax_3=&#8221;off&#8221; parallax_method_3=&#8221;off&#8221; column_padding_mobile=&#8221;on&#8221; module_class=&#8221;footer&#8221; module_id_1=&#8221;coluna_1&#8243; module_id_2=&#8221;coluna_2&#8243; module_id_3=&#8221;coluna_3&#8243;][et_pb_column type=&#8221;1_4&#8243;][et_pb_text global_parent=&#8221;93&#8243; admin_label=&#8221;logo it&#8217;sseg&#8221; background_layout=&#8221;light&#8221; text_orientation=&#8221;left&#8221; use_border_color=&#8221;off&#8221; border_color=&#8221;#ffffff&#8221; border_style=&#8221;solid&#8221;]<\/p>\n<p><img decoding=\"async\" loading=\"lazy\" src=\"https:\/\/segurosinteligentes.com.br\/oldrh\/_old\/wp-content\/uploads\/logo_itsseg_footer.png\" alt=\"logo_itsseg_footer\" width=\"270\" height=\"82\" class=\"alignleft size-full wp-image-82\" \/><\/p>\n<p>[\/et_pb_text][\/et_pb_column][et_pb_column type=&#8221;1_2&#8243;][et_pb_text global_parent=&#8221;93&#8243; admin_label=&#8221;copyright&#8221; background_layout=&#8221;light&#8221; text_orientation=&#8221;right&#8221; text_line_height=&#8221;1.5em&#8221; use_border_color=&#8221;off&#8221; border_color=&#8221;#ffffff&#8221; border_style=&#8221;solid&#8221; custom_padding=&#8221;|||20%&#8221; text_font=&#8221;Abel||||&#8221;]<\/p>\n<p>PORTAL RH IT\u2019SSEG \u00e9 uma publica\u00e7\u00e3o da It\u2019sSeg Seguros Inteligentes. N\u00e3o \u00e9 permitida a reprodu\u00e7\u00e3o do conte\u00fado, mesmo que parcial, para uso comercial de qualquer natureza.<\/p>\n<p>[\/et_pb_text][\/et_pb_column][et_pb_column type=&#8221;1_4&#8243;][et_pb_text global_parent=&#8221;93&#8243; admin_label=&#8221;logo portal&#8221; background_layout=&#8221;light&#8221; text_orientation=&#8221;right&#8221; use_border_color=&#8221;off&#8221; border_color=&#8221;#ffffff&#8221; border_style=&#8221;solid&#8221;]<\/p>\n<p><img decoding=\"async\" loading=\"lazy\" src=\"https:\/\/segurosinteligentes.com.br\/oldrh\/_old\/wp-content\/uploads\/logo_portal_footer.png\" alt=\"logo_portal_footer\" width=\"270\" height=\"82\" class=\"alignright size-full wp-image-83\" \/><\/p>\n<p>[\/et_pb_text][\/et_pb_column][\/et_pb_row][\/et_pb_section]<\/p>\n","protected":false},"excerpt":{"rendered":"<p>Mesmo com queda no n\u00famero de benefici\u00e1rios na sa\u00fade suplementar, \u00edndice do ano passado foi quase o dobro da infla\u00e7\u00e3o.<\/p>\n","protected":false},"author":1,"featured_media":487,"comment_status":"closed","ping_status":"closed","sticky":false,"template":"","format":"standard","meta":{"_et_pb_use_builder":"on","_et_pb_old_content":"","_et_gb_content_width":"","_links_to":"","_links_to_target":""},"categories":[3],"tags":[21],"_links":{"self":[{"href":"https:\/\/segurosinteligentes.com.br\/oldrh\/wp-json\/wp\/v2\/posts\/482"}],"collection":[{"href":"https:\/\/segurosinteligentes.com.br\/oldrh\/wp-json\/wp\/v2\/posts"}],"about":[{"href":"https:\/\/segurosinteligentes.com.br\/oldrh\/wp-json\/wp\/v2\/types\/post"}],"author":[{"embeddable":true,"href":"https:\/\/segurosinteligentes.com.br\/oldrh\/wp-json\/wp\/v2\/users\/1"}],"replies":[{"embeddable":true,"href":"https:\/\/segurosinteligentes.com.br\/oldrh\/wp-json\/wp\/v2\/comments?post=482"}],"version-history":[{"count":4,"href":"https:\/\/segurosinteligentes.com.br\/oldrh\/wp-json\/wp\/v2\/posts\/482\/revisions"}],"predecessor-version":[{"id":501,"href":"https:\/\/segurosinteligentes.com.br\/oldrh\/wp-json\/wp\/v2\/posts\/482\/revisions\/501"}],"wp:featuredmedia":[{"embeddable":true,"href":"https:\/\/segurosinteligentes.com.br\/oldrh\/wp-json\/wp\/v2\/media\/487"}],"wp:attachment":[{"href":"https:\/\/segurosinteligentes.com.br\/oldrh\/wp-json\/wp\/v2\/media?parent=482"}],"wp:term":[{"taxonomy":"category","embeddable":true,"href":"https:\/\/segurosinteligentes.com.br\/oldrh\/wp-json\/wp\/v2\/categories?post=482"},{"taxonomy":"post_tag","embeddable":true,"href":"https:\/\/segurosinteligentes.com.br\/oldrh\/wp-json\/wp\/v2\/tags?post=482"}],"curies":[{"name":"wp","href":"https:\/\/api.w.org\/{rel}","templated":true}]}}