{"id":10023,"date":"2023-03-23T11:20:29","date_gmt":"2023-03-23T14:20:29","guid":{"rendered":"https:\/\/segurosinteligentes.com.br\/oldrh\/_old\/?p=10023"},"modified":"2023-03-23T13:42:35","modified_gmt":"2023-03-23T16:42:35","slug":"burnout-como-doenca-do-trabalho","status":"publish","type":"post","link":"https:\/\/segurosinteligentes.com.br\/oldrh\/burnout-como-doenca-do-trabalho\/","title":{"rendered":"Burnout como doen\u00e7a do trabalho: O que mudou 1 ano ap\u00f3s essa decis\u00e3o?"},"content":{"rendered":"<p>[et_pb_section admin_label=&#8221;section&#8221; transparent_background=&#8221;on&#8221; background_color=&#8221;#ffffff&#8221; allow_player_pause=&#8221;off&#8221; inner_shadow=&#8221;off&#8221; parallax=&#8221;off&#8221; parallax_method=&#8221;off&#8221; padding_mobile=&#8221;on&#8221; make_fullwidth=&#8221;off&#8221; use_custom_width=&#8221;off&#8221; width_unit=&#8221;on&#8221; make_equal=&#8221;off&#8221; use_custom_gutter=&#8221;off&#8221; custom_padding=&#8221;0px||50px|&#8221;][et_pb_row admin_label=&#8221;row&#8221; make_fullwidth=&#8221;off&#8221; use_custom_width=&#8221;on&#8221; width_unit=&#8221;off&#8221; use_custom_gutter=&#8221;off&#8221; padding_mobile=&#8221;on&#8221; allow_player_pause=&#8221;off&#8221; parallax=&#8221;off&#8221; parallax_method=&#8221;off&#8221; make_equal=&#8221;off&#8221; parallax_1=&#8221;off&#8221; parallax_method_1=&#8221;off&#8221; parallax_2=&#8221;off&#8221; parallax_method_2=&#8221;off&#8221; column_padding_mobile=&#8221;on&#8221; custom_padding=&#8221;50px|35px|50px|35px&#8221; background_color=&#8221;#ffffff&#8221;][et_pb_column type=&#8221;2_3&#8243;][et_pb_text admin_label=&#8221;tag e data&#8221; background_layout=&#8221;light&#8221; text_orientation=&#8221;left&#8221; text_font=&#8221;|on|||&#8221; text_font_size=&#8221;16&#8243; text_text_color=&#8221;#9ec31e&#8221; text_line_height=&#8221;1.5em&#8221; use_border_color=&#8221;off&#8221; border_color=&#8221;#ffffff&#8221; border_style=&#8221;solid&#8221; custom_margin=&#8221;||0px|&#8221;]<\/p>\n<p>SA\u00daDE | 23.MAR\u00c7O.2023<\/p>\n<h4><\/h4>\n<p>[\/et_pb_text][et_pb_text admin_label=&#8221;t\u00edtulo&#8221; background_layout=&#8221;light&#8221; text_orientation=&#8221;left&#8221; text_font=&#8221;|on|||&#8221; text_font_size=&#8221;32&#8243; text_text_color=&#8221;#495358&#8243; text_line_height=&#8221;1em&#8221; use_border_color=&#8221;off&#8221; border_color=&#8221;#ffffff&#8221; border_style=&#8221;solid&#8221;]<\/p>\n<h1>Burnout como doen\u00e7a do trabalho: O que mudou 1 ano ap\u00f3s essa decis\u00e3o?<\/h1>\n<p>[\/et_pb_text][et_pb_text admin_label=&#8221;conte\u00fado&#8221; background_layout=&#8221;light&#8221; text_orientation=&#8221;left&#8221; text_font=&#8221;Open Sans||||&#8221; text_text_color=&#8221;#748690&#8243; text_line_height=&#8221;1.5em&#8221; use_border_color=&#8221;off&#8221; border_color=&#8221;#ffffff&#8221; border_style=&#8221;solid&#8221;]<\/p>\n<p>No dia 10 de janeiro de 2023, a determina\u00e7\u00e3o da Organiza\u00e7\u00e3o Mundial da Sa\u00fade que classifica o<a href=\"https:\/\/segurosinteligentes.com.br\/oldrh\/_old\/burnout-doenca-do-trabalho\/\" target=\"_blank\" rel=\"noopener\"> Burnout como doen\u00e7a ocupacional<\/a> completou 1 ano. Mas de l\u00e1 pra c\u00e1, quais foram os impactos desta mudan\u00e7a?<\/p>\n<p>Para Marlene Capel, diretora da<a href=\"https:\/\/www.b2p.com.br\/\" target=\"_blank\" rel=\"noopener\">\u00a0B2P, <\/a>empresa especialista em gest\u00e3o de afastados, \u00e9 poss\u00edvel dizer que as organiza\u00e7\u00f5es est\u00e3o mais atentas em rela\u00e7\u00e3o aos afastamentos por Burnout. Al\u00e9m disso, a determina\u00e7\u00e3o da OMS trouxe ainda mais relev\u00e2ncia para os cuidados com a <a href=\"https:\/\/segurosinteligentes.com.br\/oldrh\/_old\/custos-da-saude-mental\/\" target=\"_blank\" rel=\"noopener\">sa\u00fade mental dos colaboradores.<\/a><\/p>\n<p>&nbsp;<\/p>\n<h2>O Burnout em n\u00fameros<\/h2>\n<pre><\/pre>\n<p>De acordo com levantamento da Associa\u00e7\u00e3o Nacional de Medicina do Trabalho, cerca de <strong>30 milh\u00f5es de brasileiros<\/strong> sofrem com o Burnout anualmente. Nove em cada 10 trabalhadores tamb\u00e9m admitem que o estresse afeta a qualidade do trabalho e sentem, consequentemente, suas realiza\u00e7\u00f5es pessoais reduzidas.<\/p>\n<p>\u201cEm 2019, 72% dos funcion\u00e1rios sofriam alguma sequela de estresse, em diferentes n\u00edveis. Desses, 32% desenvolveram s\u00edndrome de burnout, o n\u00edvel mais devastador do cansa\u00e7o\u201d, ressalta a pesquisa do ISMA-BR (International Stress Management Association).<\/p>\n<p>Al\u00e9m desses \u00edndices, a carteira da B2P com 465 mil colaboradores em 16 empresas de todo o Brasil, mostra que o n\u00famero de funcion\u00e1rios com burnout <strong>est\u00e1 em ascens\u00e3o.<\/strong> Em 2019, este problema provocou 23 dias de aus\u00eancia. No ano seguinte, quando se iniciou a pandemia de Covid, o n\u00famero saltou para 902. J\u00e1 em 2022, cerca de 1377 dias foram perdidos em decorr\u00eancia de trabalhadores com exaust\u00e3o emocional.<\/p>\n<p>&nbsp;<\/p>\n<h3>Segmentos com maior \u00edndice de esgotamento profissional<\/h3>\n<pre><\/pre>\n<p>Outro dado importante revela as \u00e1reas em que mais s\u00e3o identificados casos de Burnout entre os trabalhadores. O levantamento, fornecido por Marlene Capel, aponta que <strong>os profissionais da sa\u00fade<\/strong> est\u00e3o mais propensos a desenvolverem formas de cansa\u00e7o mental.<\/p>\n<pre><\/pre>\n<p>\u2022 Hospitalidade \u2013 80%<\/p>\n<p>\u2022 Fabrica\u00e7\u00e3o \u2013 77%<\/p>\n<p>\u2022 Cuidados com a sa\u00fade \u2013 77%<\/p>\n<p>\u2022 Educa\u00e7\u00e3o \u2013 76%<\/p>\n<p>\u2022 Varejo \u2013 75%<\/p>\n<p>\u2022 Marketing \u2013 70%<\/p>\n<p>\u2022 Administra\u00e7\u00e3o p\u00fablica \u2013 67%<\/p>\n<p>\u2022 Servi\u00e7os de TI e tecnologia \u2013 64%<\/p>\n<pre><\/pre>\n<p><strong>A pesquisa tamb\u00e9m transparece alguns dos \u00edndices mais preocupantes sobre o esgotamento profissional nas empresas:<\/strong><\/p>\n<pre><\/pre>\n<p>\u2022 Atualmente, 25 em cada 30 organiza\u00e7\u00f5es t\u00eam uma taxa de esgotamento dos funcion\u00e1rios de mais de 50%;<\/p>\n<p>\u2022 Apenas 15% das companhias t\u00eam um n\u00edvel de burnout abaixo de 50%;<\/p>\n<p>\u2022 Um quarto dos funcion\u00e1rios experimenta burnout no trabalho com muita frequ\u00eancia ou sempre;<\/p>\n<p>\u2022 Quase 50% dos trabalhadores experimentam burnout \u00e0s vezes;<\/p>\n<p>\u2022 Sete em cada 10 funcion\u00e1rios se sentiram esgotados em 2022.<\/p>\n<p>&nbsp;<\/p>\n<h3>\u201cO Burnout se apresenta como uma s\u00edndrome geracional\u201d<\/h3>\n<pre><\/pre>\n<p>Segundo a diretora da B2P, a recente publica\u00e7\u00e3o indica que boa parte dos casos de burnout acomete profissionais da Gera\u00e7\u00e3o Millennial (nascidos entre 1981 e 1995). Cerca de <strong>59% dos indiv\u00edduos<\/strong> deste grupo est\u00e3o mais inclinados a apresentarem sintomas da s\u00edndrome.<\/p>\n<p>Em contraste, os Baby Boomers (pessoas com nascimento entre 1945 e 1964) s\u00e3o os trabalhadores menos prov\u00e1veis a passarem pelo esgotamento.<\/p>\n<blockquote><p>\u201cAcredito que a inconst\u00e2ncia gera muita ansiedade e cobran\u00e7a. Essa necessidade de estar sempre em movimento profissional, com muita informa\u00e7\u00e3o ao seu redor, seja de trabalho ou de vida pessoal, leva a um quadro de cansa\u00e7o muito mais r\u00e1pido\u201d, explica Marlene.<\/p><\/blockquote>\n<p>&nbsp;<\/p>\n<h3>Quais foram os avan\u00e7os um ano ap\u00f3s a classifica\u00e7\u00e3o da OMS?<\/h3>\n<pre><\/pre>\n<p>Ainda \u00e9 cedo para associar a classifica\u00e7\u00e3o do burnout pela OMS com mudan\u00e7as nas pol\u00edticas de sa\u00fade mental das empresas. De acordo com os \u00edndices, o principal ganho at\u00e9 o momento foi de <strong>estabelecer limites<\/strong> que antes eram dif\u00edceis de definir.<\/p>\n<blockquote><p>\u201cDiagnosticar o burnout \u00e9 diferente de aferir outras doen\u00e7as, como a diabetes, pois ele \u00e9 muito subjetivo e multifatorial. Ou seja, varia de pessoa pra pessoa, de empresa para empresa e de segmento para segmento\u201d, explica Marlene.<\/p><\/blockquote>\n<p>J\u00e1 em termos jur\u00eddicos, as organiza\u00e7\u00f5es passaram a ser responsabilizadas pelo <strong>adoecimento mental<\/strong> de seus colaboradores. Sendo assim, os funcion\u00e1rios t\u00eam direito \u00e0 licen\u00e7a m\u00e9dica remunerada, afastamento ou at\u00e9 mesmo aposentadoria por invalidez em casos mais graves de esgotamento.<\/p>\n<p>&nbsp;<\/p>\n<h3>Maturidade para lidar com o Burnout nas corpora\u00e7\u00f5es<\/h3>\n<pre><\/pre>\n<p>Segundo especialistas, as empresas diferem bastante em rela\u00e7\u00e3o \u00e0s a\u00e7\u00f5es de sa\u00fade mental. Apenas as organiza\u00e7\u00f5es mais maduras j\u00e1 possuem pol\u00edticas relacionadas ao burnout. Isso inclui<strong> orienta\u00e7\u00f5es pr\u00e1ticas e planos de a\u00e7\u00e3o<\/strong> voltados ao tema.<\/p>\n<p>Com isso, se faz necess\u00e1ria uma conduta preditiva por parte das companhias. Dessa forma, \u00e9 poss\u00edvel focar na sa\u00fade e n\u00e3o na doen\u00e7a. Em outras palavras, o trabalho de detec\u00e7\u00e3o e preven\u00e7\u00e3o do burnout nas empresas deve vir<strong> antes do adoecimento<\/strong> de fato, para que os \u00edndices de afastamentos e dias de aus\u00eancia sejam reduzidos.<\/p>\n<p>Vale lembrar que o cansa\u00e7o mental est\u00e1 se tornando cada vez mais comum, revela a pesquisa de Marlene Capel. O estudo mostra um aumento entre 5% e 9% ano a ano nas taxas de esgotamento profissional em empresas de todo o Brasil. Caso as organiza\u00e7\u00f5es n\u00e3o tomem consci\u00eancia sobre o assunto, \u00e9 poss\u00edvel que no futuro tenhamos uma<strong> epidemia de Burnout.<\/strong><\/p>\n<p>[\/et_pb_text][et_pb_text admin_label=&#8221;box&#8221; background_layout=&#8221;light&#8221; text_orientation=&#8221;left&#8221; text_font=&#8221;Open Sans||||&#8221; text_text_color=&#8221;#748690&#8243; text_line_height=&#8221;1.5em&#8221; use_border_color=&#8221;off&#8221; border_color=&#8221;#ffffff&#8221; border_style=&#8221;solid&#8221;]<\/p>\n<p>&nbsp;<\/p>\n<p>https:\/\/segurosinteligentes.com.br\/oldrh\/_old\/recuperacao-de-um-burnout\/<\/p>\n<div class='et-box et-shadow'>\n\t\t\t\t\t<div class='et-box-content'>Cadastre-se para receber a nossa newsletter e fique por dentro das novidades no Portal RH.<\/div><\/div>\n<div id=\"newsletter-portalrh-50ee58c6144b127a4b39\" role=\"main\"><\/div>\n<p><script type=\"text\/javascript\" src=\"https:\/\/d335luupugsy2.cloudfront.net\/js\/rdstation-forms\/stable\/rdstation-forms.min.js\"><\/script><\/p>\n<p>[\/et_pb_text][\/et_pb_column][et_pb_column type=&#8221;1_3&#8243;][et_pb_sidebar admin_label=&#8221;Barra Lateral&#8221; global_module=&#8221;399&#8243; orientation=&#8221;left&#8221; area=&#8221;sidebar-1&#8243; background_layout=&#8221;light&#8221; remove_border=&#8221;on&#8221; body_line_height=&#8221;1.5em&#8221; custom_css_widget=&#8221;margin-bottom: 30px !important;&#8221; saved_tabs=&#8221;all&#8221;]<br \/>\n[\/et_pb_sidebar][\/et_pb_column][\/et_pb_row][\/et_pb_section][et_pb_section admin_label=&#8221;Se\u00e7\u00e3o&#8221; global_module=&#8221;93&#8243; fullwidth=&#8221;off&#8221; specialty=&#8221;off&#8221; transparent_background=&#8221;off&#8221; background_color=&#8221;#f9f9f9&#8243; allow_player_pause=&#8221;off&#8221; inner_shadow=&#8221;off&#8221; parallax=&#8221;off&#8221; parallax_method=&#8221;off&#8221; padding_mobile=&#8221;on&#8221; make_fullwidth=&#8221;off&#8221; use_custom_width=&#8221;off&#8221; width_unit=&#8221;on&#8221; make_equal=&#8221;off&#8221; use_custom_gutter=&#8221;off&#8221; custom_padding=&#8221;20px||20px|&#8221;][et_pb_row global_parent=&#8221;93&#8243; admin_label=&#8221;Linha&#8221; make_fullwidth=&#8221;on&#8221; use_custom_width=&#8221;off&#8221; width_unit=&#8221;on&#8221; use_custom_gutter=&#8221;on&#8221; gutter_width=&#8221;2&#8243; padding_mobile=&#8221;off&#8221; allow_player_pause=&#8221;off&#8221; parallax=&#8221;off&#8221; parallax_method=&#8221;off&#8221; make_equal=&#8221;off&#8221; parallax_1=&#8221;off&#8221; parallax_method_1=&#8221;off&#8221; parallax_2=&#8221;off&#8221; parallax_method_2=&#8221;off&#8221; parallax_3=&#8221;off&#8221; parallax_method_3=&#8221;off&#8221; column_padding_mobile=&#8221;on&#8221; module_class=&#8221;footer&#8221; module_id_1=&#8221;coluna_1&#8243; module_id_2=&#8221;coluna_2&#8243; module_id_3=&#8221;coluna_3&#8243; module_id=&#8221;footer_1&#8243;][et_pb_column type=&#8221;1_4&#8243;][et_pb_text global_parent=&#8221;93&#8243; admin_label=&#8221;logo it&#8217;sseg&#8221; background_layout=&#8221;light&#8221; text_orientation=&#8221;left&#8221; use_border_color=&#8221;off&#8221; border_color=&#8221;#ffffff&#8221; border_style=&#8221;solid&#8221;] <img decoding=\"async\" class=\"alignleft size-full wp-image-82\" src=\"https:\/\/segurosinteligentes.com.br\/oldrh\/_old\/wp-content\/uploads\/logo-seguros-inteligentes.png\" width=\"270\" \/> [\/et_pb_text][\/et_pb_column][et_pb_column type=&#8221;1_2&#8243;][et_pb_text global_parent=&#8221;93&#8243; admin_label=&#8221;copyright&#8221; background_layout=&#8221;light&#8221; text_orientation=&#8221;right&#8221; text_line_height=&#8221;1.5em&#8221; use_border_color=&#8221;off&#8221; border_color=&#8221;#ffffff&#8221; border_style=&#8221;solid&#8221; custom_padding=&#8221;|||20%&#8221; text_font=&#8221;Abel||||&#8221;] PORTAL RH IT\u2019SSEG \u00e9 uma publica\u00e7\u00e3o da It\u2019sSeg Seguros Inteligentes. N\u00e3o \u00e9 permitida a reprodu\u00e7\u00e3o do conte\u00fado, mesmo que parcial, para uso comercial de qualquer natureza. Confira <a href=\"https:\/\/itssegcompany.com.br\/lgpd\/\" target=\"_blank\" rel=\"noopener\">aqui<\/a> nossa pol\u00edtica de privacidade. [\/et_pb_text][\/et_pb_column][et_pb_column type=&#8221;1_4&#8243;][et_pb_text global_parent=&#8221;93&#8243; admin_label=&#8221;logo portal&#8221; background_layout=&#8221;light&#8221; text_orientation=&#8221;right&#8221; use_border_color=&#8221;off&#8221; border_color=&#8221;#ffffff&#8221; border_style=&#8221;solid&#8221;] <img decoding=\"async\" class=\"alignright size-full wp-image-83\" src=\"https:\/\/segurosinteligentes.com.br\/oldrh\/_old\/wp-content\/uploads\/portalrh-footer.png\" alt=\"logo_portal_footer\" width=\"270\" \/> [\/et_pb_text][\/et_pb_column][\/et_pb_row][et_pb_row global_parent=&#8221;93&#8243; admin_label=&#8221;Linha&#8221; make_fullwidth=&#8221;on&#8221; use_custom_width=&#8221;off&#8221; width_unit=&#8221;on&#8221; use_custom_gutter=&#8221;on&#8221; gutter_width=&#8221;2&#8243; padding_mobile=&#8221;on&#8221; allow_player_pause=&#8221;off&#8221; parallax=&#8221;off&#8221; parallax_method=&#8221;off&#8221; make_equal=&#8221;off&#8221; parallax_1=&#8221;off&#8221; parallax_method_1=&#8221;off&#8221; parallax_2=&#8221;off&#8221; parallax_method_2=&#8221;off&#8221; parallax_3=&#8221;off&#8221; parallax_method_3=&#8221;off&#8221; column_padding_mobile=&#8221;on&#8221; module_id_2=&#8221;coluna_2&#8243; module_id_3=&#8221;coluna_3&#8243; module_id=&#8221;footer_2&#8243; custom_padding=&#8221;||0px|&#8221;][et_pb_column type=&#8221;4_4&#8243;][et_pb_text global_parent=&#8221;93&#8243; admin_label=&#8221;copyright&#8221; background_layout=&#8221;light&#8221; text_orientation=&#8221;center&#8221; text_line_height=&#8221;1.5em&#8221; use_border_color=&#8221;off&#8221; border_color=&#8221;#ffffff&#8221; border_style=&#8221;solid&#8221; text_font=&#8221;Abel||||&#8221;] PORTAL RH IT\u2019SSEG \u00e9 uma publica\u00e7\u00e3o da It\u2019sSeg Seguros Inteligentes. N\u00e3o \u00e9 permitida a reprodu\u00e7\u00e3o do conte\u00fado, mesmo que parcial, para uso comercial de qualquer natureza. Confira <a href=\"https:\/\/itssegcompany.com.br\/lgpd\/\" target=\"_blank\" rel=\"noopener\">aqui<\/a> nossa pol\u00edtica de privacidade. [\/et_pb_text][\/et_pb_column][\/et_pb_row][et_pb_row global_parent=&#8221;93&#8243; admin_label=&#8221;Linha&#8221; make_fullwidth=&#8221;on&#8221; use_custom_width=&#8221;off&#8221; width_unit=&#8221;on&#8221; use_custom_gutter=&#8221;on&#8221; gutter_width=&#8221;2&#8243; padding_mobile=&#8221;off&#8221; allow_player_pause=&#8221;off&#8221; parallax=&#8221;off&#8221; parallax_method=&#8221;off&#8221; make_equal=&#8221;off&#8221; parallax_1=&#8221;off&#8221; parallax_method_1=&#8221;off&#8221; parallax_2=&#8221;off&#8221; parallax_method_2=&#8221;off&#8221; parallax_3=&#8221;off&#8221; parallax_method_3=&#8221;off&#8221; column_padding_mobile=&#8221;on&#8221; module_id_3=&#8221;coluna_3&#8243; module_id=&#8221;footer_2_2&#8243; custom_padding=&#8221;0px|||&#8221;][et_pb_column type=&#8221;1_2&#8243;][et_pb_text global_parent=&#8221;93&#8243; admin_label=&#8221;logo it&#8217;sseg&#8221; background_layout=&#8221;light&#8221; text_orientation=&#8221;left&#8221; use_border_color=&#8221;off&#8221; border_color=&#8221;#ffffff&#8221; border_style=&#8221;solid&#8221; module_id=&#8221;logo_itsseg_footer_1&#8243;] <img decoding=\"async\" class=\"alignleft size-full wp-image-82\" src=\"https:\/\/segurosinteligentes.com.br\/oldrh\/_old\/wp-content\/uploads\/logo-seguros-inteligentes.png\" width=\"270\" \/> [\/et_pb_text][et_pb_text global_parent=&#8221;93&#8243; admin_label=&#8221;logo it&#8217;sseg&#8221; background_layout=&#8221;light&#8221; text_orientation=&#8221;center&#8221; use_border_color=&#8221;off&#8221; border_color=&#8221;#ffffff&#8221; border_style=&#8221;solid&#8221; module_id=&#8221;logo_itsseg_footer_2&#8243;] <img decoding=\"async\" src=\"https:\/\/segurosinteligentes.com.br\/oldrh\/_old\/wp-content\/uploads\/logo-seguros-inteligentes-mobile.png\" alt=\"logo_footer_2\" width=\"70\" \/> [\/et_pb_text][\/et_pb_column][et_pb_column type=&#8221;1_2&#8243;][et_pb_text global_parent=&#8221;93&#8243; admin_label=&#8221;logo portal&#8221; background_layout=&#8221;light&#8221; text_orientation=&#8221;right&#8221; use_border_color=&#8221;off&#8221; border_color=&#8221;#ffffff&#8221; border_style=&#8221;solid&#8221; module_id=&#8221;logo_portal_itsseg_footer_2&#8243;] <img decoding=\"async\" class=\"alignright size-full wp-image-83\" src=\"https:\/\/segurosinteligentes.com.br\/oldrh\/_old\/wp-content\/uploads\/portalrh-footer.png\" alt=\"logo_portal_footer\" width=\"270\" \/> [\/et_pb_text][\/et_pb_column][\/et_pb_row][\/et_pb_section]<\/p>\n","protected":false},"excerpt":{"rendered":"<p>No dia 10 de janeiro de 2023, a determina\u00e7\u00e3o da OMS que classifica o burnout como doen\u00e7a ocupacional completou 1 ano. Mas quais foram os impactos desta mudan\u00e7a?<\/p>\n","protected":false},"author":5,"featured_media":10033,"comment_status":"closed","ping_status":"closed","sticky":false,"template":"","format":"standard","meta":{"_et_pb_use_builder":"on","_et_pb_old_content":"","_et_gb_content_width":"","_links_to":"","_links_to_target":""},"categories":[14],"tags":[270],"_links":{"self":[{"href":"https:\/\/segurosinteligentes.com.br\/oldrh\/wp-json\/wp\/v2\/posts\/10023"}],"collection":[{"href":"https:\/\/segurosinteligentes.com.br\/oldrh\/wp-json\/wp\/v2\/posts"}],"about":[{"href":"https:\/\/segurosinteligentes.com.br\/oldrh\/wp-json\/wp\/v2\/types\/post"}],"author":[{"embeddable":true,"href":"https:\/\/segurosinteligentes.com.br\/oldrh\/wp-json\/wp\/v2\/users\/5"}],"replies":[{"embeddable":true,"href":"https:\/\/segurosinteligentes.com.br\/oldrh\/wp-json\/wp\/v2\/comments?post=10023"}],"version-history":[{"count":6,"href":"https:\/\/segurosinteligentes.com.br\/oldrh\/wp-json\/wp\/v2\/posts\/10023\/revisions"}],"predecessor-version":[{"id":10036,"href":"https:\/\/segurosinteligentes.com.br\/oldrh\/wp-json\/wp\/v2\/posts\/10023\/revisions\/10036"}],"wp:featuredmedia":[{"embeddable":true,"href":"https:\/\/segurosinteligentes.com.br\/oldrh\/wp-json\/wp\/v2\/media\/10033"}],"wp:attachment":[{"href":"https:\/\/segurosinteligentes.com.br\/oldrh\/wp-json\/wp\/v2\/media?parent=10023"}],"wp:term":[{"taxonomy":"category","embeddable":true,"href":"https:\/\/segurosinteligentes.com.br\/oldrh\/wp-json\/wp\/v2\/categories?post=10023"},{"taxonomy":"post_tag","embeddable":true,"href":"https:\/\/segurosinteligentes.com.br\/oldrh\/wp-json\/wp\/v2\/tags?post=10023"}],"curies":[{"name":"wp","href":"https:\/\/api.w.org\/{rel}","templated":true}]}}